{"id":4202,"date":"2019-02-11T04:11:58","date_gmt":"2019-02-11T03:11:58","guid":{"rendered":"https:\/\/szegederarchivum.hu\/?p=4202"},"modified":"2019-08-26T10:52:15","modified_gmt":"2019-08-26T08:52:15","slug":"vati-6","status":"publish","type":"post","link":"https:\/\/szegederarchivum.hu\/en\/vati-6\/","title":{"rendered":"Egy belv\u00e1ros, amit nem lehet elfelejteni"},"content":{"rendered":"<!-- Error, Advert is not available at this time due to schedule\/geolocation restrictions! -->\n<p><!--more--><\/p>\n<p>Hatodik r\u00e9sz\u00e9hez \u00e9rkezett a Szegeder sorozata, a F\u00e9nyk\u00e9pek megs\u00e1rgult pap\u00edrdobokb\u00f3l. Virtu\u00e1lis t\u00e1rlataink sor\u00e1n a Lechner Tud\u00e1sk\u00f6zponttal kar\u00f6ltve mutatjuk be, milyenek voltak Szeged utc\u00e1i az 1940-es \u00e9vekben. Mint m\u00e1r mes\u00e9lt\u00fck, ezek a f\u00e9nyk\u00e9pek a V\u00c1TI, azaz a\u00a0V\u00e1ros\u00e9p\u00edt\u00e9si Tudom\u00e1nyos \u00e9s Tervez\u0151 Int\u00e9zet \u00e1ltal k\u00e9sz\u00fcltek azzal a c\u00e9llal, hogy dokument\u00e1lj\u00e1k, hogyan n\u00e9zett ki a v\u00e1ros, amikor a legegys\u00e9gesebb k\u00e9p\u00e9t mutatta.<\/p>\n<p>Ne kapcsoljanak el, mert a mai ad\u00e1sban lesznek ismer\u0151s helysz\u00ednek b\u0151ven, hiszen a Belv\u00e1rost j\u00e1rjuk k\u00f6rbe, ahol tal\u00e1lunk p\u00e1r f\u00e9lelmetesen \u00fcres utc\u00e1t, \u00e9s figyel\u0151 szemekkel r\u00e1nk les\u0151 v\u00f6r\u00f6s csillagokat. Tartsanak vel\u00fcnk!<\/p>\n<p>&nbsp;<\/p>\n<figure style=\"width: 2804px\" class=\"wp-caption alignnone\"><img decoding=\"async\" loading=\"lazy\" src=\"http:\/\/fototar.lechnerkozpont.hu\/sites\/default\/files\/kepek\/ltk_vati_mv_75_36.jpg\" alt=\"\" width=\"2804\" height=\"2040\" \/><figcaption class=\"wp-caption-text\">Az egyetem mai Bolyai \u00e9p\u00fclete az Aradi v\u00e9rtan\u00fak ter\u00e9n ekkoriban m\u00e9g piarista gimn\u00e1ziumk\u00e9nt szolg\u00e1lt, \u00e9s csak az 1950-es \u00e9vekt\u0151l lett a matematik\u00e1\u00e9. Fot\u00f3: V\u00c1TI \/ Lechner Fot\u00f3t\u00e1r<\/figcaption><\/figure>\n<p>&nbsp;<\/p>\n<figure style=\"width: 619px\" class=\"wp-caption aligncenter\"><img decoding=\"async\" loading=\"lazy\" src=\"http:\/\/fototar.lechnerkozpont.hu\/sites\/default\/files\/kepek\/ltk_vati_mv_75_47.jpg\" alt=\"A szegedi Magyarok Nagyasszonya sz\u00c3\u00a9kesegyh\u00c3\u00a1z (szegedi d\u00c3\u00b3m)\" width=\"619\" height=\"850\" \/><figcaption class=\"wp-caption-text\">A D\u00f3m t\u00e9rre b\u00e1rmikor r\u00e1csod\u00e1lkozhat az ember, ha r\u00e9gi k\u00e9pet l\u00e1t r\u00f3la. A t\u00e9ren ugyanis szinte semmi sem v\u00e1ltozott az elm\u00falt k\u00f6zel kilenc \u00e9vtizedben, mi\u00f3ta \u00e1ll a templom. Egyed\u00fcl a t\u00e9r \u00e9szaki fel\u00e9ben t\u00f6rt\u00e9ntek kisebb-nagyobb \u00e1talak\u00edt\u00e1sok, amikor \u00fajabb \u00e9p\u00fcletek \u00e9p\u00fcltek, \u00fagy mint a Somogyi k\u00f6nyvt\u00e1r. Fot\u00f3: V\u00c1TI \/ Lechner Fot\u00f3t\u00e1r<\/figcaption><\/figure>\n<p>&nbsp;<\/p>\n<figure style=\"width: 619px\" class=\"wp-caption aligncenter\"><img decoding=\"async\" loading=\"lazy\" src=\"http:\/\/fototar.lechnerkozpont.hu\/sites\/default\/files\/kepek\/ltk_vati_mv_75_44.jpg\" alt=\"A szegedi Szent Mikl\u00c3\u00b3s szerb ortodox templom\" width=\"619\" height=\"850\" \/><figcaption class=\"wp-caption-text\">Kicsit arr\u00e9bb mintha be lenne havazva a szerb templom, melynek ekkor m\u00e9g \u00f6n\u00e1ll\u00f3 kertje volt. Fot\u00f3: V\u00c1TI \/ Lechner Fot\u00f3t\u00e1r<\/figcaption><\/figure>\n<p>&nbsp;<\/p>\n<figure style=\"width: 2770px\" class=\"wp-caption alignnone\"><img decoding=\"async\" loading=\"lazy\" src=\"http:\/\/fototar.lechnerkozpont.hu\/sites\/default\/files\/kepek\/ltk_vati_mv_75_54.jpg\" alt=\"A szegedi egykori F\u00c5\u0091re\u00c3\u00a1ltanoda, ma a Szegedi Tudom\u00c3\u00a1nyegyetem k\u00c3\u00b6zponti \u00c3\u00a9p\u00c3\u00bclete\" width=\"2770\" height=\"2015\" \/><figcaption class=\"wp-caption-text\">De az egyetem f\u0151\u00e9p\u00fclete el\u0151tt sem \u00fagy \u00e1llnak a dolgok, ahogyan azt mai szem\u00fcnk megszokhatta. Ekkor m\u00e9g kis korl\u00e1ttal elv\u00e1lasztott z\u00f6ldter\u00fclet v\u00e1lasztotta el a t\u00e9rt\u0151l az \u00e9p\u00fcletet. Fot\u00f3: V\u00c1TI \/ Lechner Fot\u00f3t\u00e1r<\/figcaption><\/figure>\n<p>&nbsp;<\/p>\n<!-- Error, Advert is not available at this time due to schedule\/geolocation restrictions! -->\n<p>&nbsp;<\/p>\n<figure style=\"width: 2721px\" class=\"wp-caption alignnone\"><img decoding=\"async\" loading=\"lazy\" src=\"http:\/\/fototar.lechnerkozpont.hu\/sites\/default\/files\/kepek\/ltk_vati_mv_76_39.jpg\" alt=\"A szegedi Zrinyi utca 3. sz\u00c3\u00a1m\u00c3\u00ba lak\u00c3\u00b3h\u00c3\u00a1za\" width=\"2721\" height=\"1981\" \/><figcaption class=\"wp-caption-text\">Ez az \u00e9p\u00fclet nem sokaknak lehet ismer\u0151s, de ha \u00fagy mondjuk, hogy balr\u00f3l a m\u00e1sodik pinceablak ma m\u00e1r ajt\u00f3, \u00e9s felette l\u00f3g az Inferno Burgers felirat, akkor biztosan sokaknak beugrik, hogy idej\u00e1rtak burgerezni, miel\u0151tt bez\u00e1rt a k\u00f6zel ikonikus hely. Fot\u00f3: V\u00c1TI \/ Lechner Fot\u00f3t\u00e1r<\/figcaption><\/figure>\n<p>&nbsp;<\/p>\n<figure style=\"width: 2728px\" class=\"wp-caption alignnone\"><img decoding=\"async\" loading=\"lazy\" src=\"http:\/\/fototar.lechnerkozpont.hu\/sites\/default\/files\/kepek\/ltk_vati_mv_76_38.jpg\" alt=\"A szegedi Zrinyi u. 1-5. lak\u00c3\u00b3h\u00c3\u00a1zai\" width=\"2728\" height=\"1973\" \/><figcaption class=\"wp-caption-text\">Ugyanaz a helysz\u00edn, csak a m\u00e1sik ir\u00e1nyba szeml\u00e9lve. Igaz\u00e1n bar\u00e1ts\u00e1gtalannak t\u0171nik a Zr\u00ednyi utca \u00edgy, fekete-feh\u00e9ren, kongva az \u00fcress\u00e9gt\u0151l. Fot\u00f3: V\u00c1TI \/ Lechner Fot\u00f3t\u00e1r<\/figcaption><\/figure>\n<p>&nbsp;<\/p>\n<figure style=\"width: 2737px\" class=\"wp-caption alignnone\"><img decoding=\"async\" loading=\"lazy\" src=\"http:\/\/fototar.lechnerkozpont.hu\/sites\/default\/files\/kepek\/ltk_vati_mv_76_25.jpg\" alt=\"A szegedi Sz\u00c3\u00a9chenyi t\u00c3\u00a9r 9. irodah\u00c3\u00a1za\" width=\"2737\" height=\"1731\" \/><figcaption class=\"wp-caption-text\">Sz\u00e9chenyi t\u00e9r, Szeged \u00e9tterem. Az \u00e9p\u00fcleten k\u00e9t dolog v\u00e1ltozott az\u00f3ta: elt\u0171ntek a kis \u00fczletek alul, \u00e9s szint\u00e9n nyoma veszett a homlokzat tetej\u00e9re t\u0171z\u00f6tt v\u00f6r\u00f6s csillagnak is. Fot\u00f3: V\u00c1TI \/ Lechner Fot\u00f3t\u00e1r<\/figcaption><\/figure>\n<p>&nbsp;<\/p>\n<figure style=\"width: 2730px\" class=\"wp-caption alignnone\"><img decoding=\"async\" loading=\"lazy\" src=\"http:\/\/fototar.lechnerkozpont.hu\/sites\/default\/files\/kepek\/ltk_vati_mv_76_26.jpg\" alt=\"A szegedi Sz\u00c3\u00a9chenyi t\u00c3\u00a9r. 11. irodah\u00c3\u00a1za\" width=\"2730\" height=\"1850\" \/><figcaption class=\"wp-caption-text\">A t\u00e9r 11-es sz\u00e1m\u00fa \u00e9p\u00fclet\u00e9re m\u00e9g nehezebb lehet r\u00e1ismerni, hiszen ma m\u00e1r egyetlen \u00fczlet sincs alul. Ez az ingatlan napjainkban \u00f6nkorm\u00e1nyzati irod\u00e1kat foglal mag\u00e1ban, de ha \u00fagy mondjuk, hogy jobboldal\u00e1n egy h\u00edd vezet \u00e1t a v\u00e1rosh\u00e1z\u00e1ba, biztosan mindenkinek beugrik. Fot\u00f3: V\u00c1TI \/ Lechner Fot\u00f3t\u00e1r<\/figcaption><\/figure>\n<p>&nbsp;<\/p>\n<figure style=\"width: 650px\" class=\"wp-caption aligncenter\"><img decoding=\"async\" loading=\"lazy\" src=\"http:\/\/fototar.lechnerkozpont.hu\/sites\/default\/files\/kepek\/ltk_vati_mv_75_49.jpg\" alt=\"A Szegedi Nemzeti Sz\u00c3\u00adnh\u00c3\u00a1z\" width=\"650\" height=\"851\" \/><figcaption class=\"wp-caption-text\">\u00c9s v\u00e9g\u00fcl a kockak\u00f6ves Stef\u00e1nia k\u00e9t ikonikus szegedi kult-hellyel, a Nemzetivel \u00e9s a Hung\u00e1ria sz\u00e1ll\u00f3val. Fot\u00f3: V\u00c1TI \/ Lechner Fot\u00f3t\u00e1r<\/figcaption><\/figure>\n<p>&nbsp;<\/p>\n<p>A sorozat kor\u00e1bbi r\u00e9szei:<\/p>\n<ul>\n<li>\n<p class=\"entry-title\"><strong><a href=\"https:\/\/szegederarchivum.hu\/fenykepek-megsargult-papirdobozokbol\/\" target=\"_blank\" rel=\"noopener noreferrer\">F\u00e9nyk\u00e9pek megs\u00e1rgult pap\u00edrdobozokb\u00f3l<\/a><\/strong><\/p>\n<\/li>\n<li>\n<p class=\"entry-title\"><strong><a href=\"https:\/\/szegederarchivum.hu\/ez-nem-az-a-szeged-amit-mi-ismerunk\/\" target=\"_blank\" rel=\"noopener noreferrer\">Ez nem az a Szeged, amit mi ismer\u00fcnk<\/a><\/strong><\/p>\n<\/li>\n<li>\n<p class=\"entry-title\"><strong><a href=\"https:\/\/szegederarchivum.hu\/egy-szep-nap-a-tornyok-alatt\/\" target=\"_blank\" rel=\"noopener noreferrer\">Egy sz\u00e9p nap a tornyok alatt<\/a><\/strong><\/p>\n<\/li>\n<li>\n<p class=\"entry-title\"><strong><a href=\"https:\/\/szegederarchivum.hu\/vati-4\/\" target=\"_blank\" rel=\"noopener noreferrer\">Ilyen volt Szegeden s\u00e9t\u00e1lni 70 \u00e9vvel ezel\u0151tt<\/a><\/strong><\/p>\n<\/li>\n<li>\n<p class=\"entry-title\"><strong><a href=\"https:\/\/szegederarchivum.hu\/vati-5\/\" target=\"_blank\" rel=\"noopener noreferrer\">Mit l\u00e1tott, aki len\u00e9zett a D\u00f3mb\u00f3l 70 \u00e9ve?<\/a><\/strong><\/p>\n<\/li>\n<\/ul>","protected":false},"excerpt":{"rendered":"","protected":false},"author":1,"featured_media":0,"comment_status":"closed","ping_status":"closed","sticky":false,"template":"","format":"standard","meta":{"_seopress_robots_primary_cat":"none"},"categories":[981],"tags":[183,15],"acf":[],"amp_enabled":true,"_links":{"self":[{"href":"https:\/\/szegederarchivum.hu\/en\/wp-json\/wp\/v2\/posts\/4202"}],"collection":[{"href":"https:\/\/szegederarchivum.hu\/en\/wp-json\/wp\/v2\/posts"}],"about":[{"href":"https:\/\/szegederarchivum.hu\/en\/wp-json\/wp\/v2\/types\/post"}],"author":[{"embeddable":true,"href":"https:\/\/szegederarchivum.hu\/en\/wp-json\/wp\/v2\/users\/1"}],"replies":[{"embeddable":true,"href":"https:\/\/szegederarchivum.hu\/en\/wp-json\/wp\/v2\/comments?post=4202"}],"version-history":[{"count":11,"href":"https:\/\/szegederarchivum.hu\/en\/wp-json\/wp\/v2\/posts\/4202\/revisions"}],"predecessor-version":[{"id":19620,"href":"https:\/\/szegederarchivum.hu\/en\/wp-json\/wp\/v2\/posts\/4202\/revisions\/19620"}],"wp:attachment":[{"href":"https:\/\/szegederarchivum.hu\/en\/wp-json\/wp\/v2\/media?parent=4202"}],"wp:term":[{"taxonomy":"category","embeddable":true,"href":"https:\/\/szegederarchivum.hu\/en\/wp-json\/wp\/v2\/categories?post=4202"},{"taxonomy":"post_tag","embeddable":true,"href":"https:\/\/szegederarchivum.hu\/en\/wp-json\/wp\/v2\/tags?post=4202"}],"curies":[{"name":"wp","href":"https:\/\/api.w.org\/{rel}","templated":true}]}}