{"id":42113,"date":"2020-09-01T13:01:40","date_gmt":"2020-09-01T11:01:40","guid":{"rendered":"https:\/\/szegederarchivum.hu\/?p=42113"},"modified":"2020-09-01T13:08:06","modified_gmt":"2020-09-01T11:08:06","slug":"koronavirusos-lett-a-szegedi-egyetem-egyik-rektorhelyettese","status":"publish","type":"post","link":"https:\/\/szegederarchivum.hu\/en\/koronavirusos-lett-a-szegedi-egyetem-egyik-rektorhelyettese\/","title":{"rendered":"Koronav\u00edrusos lett a szegedi egyetem egyik rektorhelyettese"},"content":{"rendered":"<p><strong>Koronav\u00edrus-fert\u0151z\u00e9st mutattak ki a Szegedi Tudom\u00e1nyegyetem egyik rektorhelyettes\u00e9n\u00e9l.<\/strong><\/p>\n<p>\u201eA Szegedi Tudom\u00e1nyegyetemen v\u00e9gzett koronav\u00edrus-sz\u0171r\u00e9sek sor\u00e1n az egyik rektorhelyettes\u00fcnk tesztje pozit\u00edv lett\u201d &#8211; jelentette k\u00f6zlem\u00e9ny\u00e9ben az egyetem, hozz\u00e1t\u00e9ve, hogy m\u0171k\u00f6d\u00e9s\u00fck zavartalan, a sz\u0171r\u00e9seket \u00e9s az elj\u00e1r\u00e1srendet a Nemzeti N\u00e9peg\u00e9szs\u00e9g\u00fcgyi K\u00f6zpont ir\u00e1nymutat\u00e1sai alapj\u00e1n v\u00e9gzik.<\/p>\n<p>A k\u00f6zlem\u00e9nyt azzal folytatj\u00e1k, hogy \u201eaz Egyetem m\u0171k\u00f6d\u00e9s\u00e9ben a lehet\u0151 legkisebb kock\u00e1zatot k\u00edv\u00e1njuk v\u00e1llalni, a kontaktok sz\u00e1m\u00e1t \u00fagy cs\u00f6kkentj\u00fck, hogy az alapm\u0171k\u00f6d\u00e9st, azaz az oktat\u00e1st \u00e9s a gy\u00f3gy\u00edt\u00e1st ne befoly\u00e1solja. \u00cdgy az elk\u00f6vetkezend\u0151 id\u0151szak nyilv\u00e1nos esem\u00e9nyeit \u2013 \u00edgy a szeptember elsej\u00e9re tervezett tan\u00e9vkezd\u0151 sajt\u00f3t\u00e1j\u00e9koztat\u00f3t \u00e9s a szeptember 5-i tan\u00e9vnyit\u00f3 \u00fcnneps\u00e9get \u2013 nem tartjuk meg\u201d.<\/p>\n<p>A Szegedi Tudom\u00e1nyegyetemen n\u00e9gy rektorhelyettes van, a k\u00f6vetkez\u0151 szem\u00e9lyek:<\/p>\n<ul>\n<li>Prof. Dr. Sz\u00e9ll M\u00e1rta strat\u00e9giai rektorhelyettes<\/li>\n<li>Prof. Dr. Gell\u00e9n Kl\u00e1ra oktat\u00e1si rektorhelyettes<\/li>\n<li>Prof. Dr. K\u00f3nya Zolt\u00e1n tudom\u00e1nyos \u00e9s innov\u00e1ci\u00f3s rektorhelyettes<\/li>\n<li>Prof. Dr. Zakar P\u00e9ter nemzetk\u00f6zi \u00e9s k\u00f6zkapcsolati rektorhelyettes<\/li>\n<\/ul>\n<p>\u00a0<\/p>\n<p><em>Nyit\u00f3k\u00e9p: Szegedi Tudom\u00e1nyegyetem \/ Facebook<\/em><\/p>","protected":false},"excerpt":{"rendered":"<p>\u201eA Szegedi Tudom\u00e1nyegyetemen v\u00e9gzett koronav\u00edrus-sz\u0171r\u00e9sek sor\u00e1n az egyik rektorhelyettes\u00fcnk tesztje pozit\u00edv lett\u201d &#8211; jelentette k\u00f6zlem\u00e9ny\u00e9ben az egyetem, hozz\u00e1t\u00e9ve, hogy m\u0171k\u00f6d\u00e9s\u00fck zavartalan, a sz\u0171r\u00e9seket \u00e9s az elj\u00e1r\u00e1srendet a Nemzeti N\u00e9peg\u00e9szs\u00e9g\u00fcgyi K\u00f6zpont ir\u00e1nymutat\u00e1sai alapj\u00e1n v\u00e9gzik.<\/p>","protected":false},"author":1,"featured_media":42121,"comment_status":"closed","ping_status":"closed","sticky":false,"template":"","format":"standard","meta":{"_seopress_robots_primary_cat":"none"},"categories":[4],"tags":[3799,3597,4311,133],"acf":[],"amp_enabled":true,"_links":{"self":[{"href":"https:\/\/szegederarchivum.hu\/en\/wp-json\/wp\/v2\/posts\/42113"}],"collection":[{"href":"https:\/\/szegederarchivum.hu\/en\/wp-json\/wp\/v2\/posts"}],"about":[{"href":"https:\/\/szegederarchivum.hu\/en\/wp-json\/wp\/v2\/types\/post"}],"author":[{"embeddable":true,"href":"https:\/\/szegederarchivum.hu\/en\/wp-json\/wp\/v2\/users\/1"}],"replies":[{"embeddable":true,"href":"https:\/\/szegederarchivum.hu\/en\/wp-json\/wp\/v2\/comments?post=42113"}],"version-history":[{"count":4,"href":"https:\/\/szegederarchivum.hu\/en\/wp-json\/wp\/v2\/posts\/42113\/revisions"}],"predecessor-version":[{"id":42123,"href":"https:\/\/szegederarchivum.hu\/en\/wp-json\/wp\/v2\/posts\/42113\/revisions\/42123"}],"wp:featuredmedia":[{"embeddable":true,"href":"https:\/\/szegederarchivum.hu\/en\/wp-json\/wp\/v2\/media\/42121"}],"wp:attachment":[{"href":"https:\/\/szegederarchivum.hu\/en\/wp-json\/wp\/v2\/media?parent=42113"}],"wp:term":[{"taxonomy":"category","embeddable":true,"href":"https:\/\/szegederarchivum.hu\/en\/wp-json\/wp\/v2\/categories?post=42113"},{"taxonomy":"post_tag","embeddable":true,"href":"https:\/\/szegederarchivum.hu\/en\/wp-json\/wp\/v2\/tags?post=42113"}],"curies":[{"name":"wp","href":"https:\/\/api.w.org\/{rel}","templated":true}]}}