{"id":431,"date":"2018-11-27T14:35:42","date_gmt":"2018-11-27T13:35:42","guid":{"rendered":"https:\/\/szegederarchivum.hu\/?p=431"},"modified":"2018-12-28T21:10:52","modified_gmt":"2018-12-28T20:10:52","slug":"elleptek-a-varost-az-elektromosauto-toltok","status":"publish","type":"post","link":"https:\/\/szegederarchivum.hu\/en\/elleptek-a-varost-az-elektromosauto-toltok\/","title":{"rendered":"Ellept\u00e9k a v\u00e1rost az elektromosaut\u00f3-t\u00f6lt\u0151k"},"content":{"rendered":"<!-- Error, Advert is not available at this time due to schedule\/geolocation restrictions! -->\n<p><img decoding=\"async\" loading=\"lazy\" class=\"size-full wp-image-2439\" src=\"https:\/\/szegederarchivum.hu\/wp-content\/uploads\/2018\/11\/1-5.jpg\" alt=\"\" width=\"1200\" height=\"900\" srcset=\"https:\/\/szegederarchivum.hu\/wp-content\/uploads\/2018\/11\/1-5.jpg 1200w, https:\/\/szegederarchivum.hu\/wp-content\/uploads\/2018\/11\/1-5-632x474.jpg 632w, https:\/\/szegederarchivum.hu\/wp-content\/uploads\/2018\/11\/1-5-768x576.jpg 768w, https:\/\/szegederarchivum.hu\/wp-content\/uploads\/2018\/11\/1-5-1020x765.jpg 1020w\" sizes=\"(max-width: 1200px) 100vw, 1200px\" \/><\/p>\n<p><strong>M\u00e9g 2016 nyar\u00e1n hirdetett p\u00e1ly\u00e1zatot a korm\u00e1ny a 15 000 f\u0151n\u00e9l n\u00e9pesebb magyar v\u00e1rosok sz\u00e1m\u00e1ra elektromosaut\u00f3-t\u00f6lt\u0151k telep\u00edt\u00e9s\u00e9re.<\/strong><\/p>\n<p>Az\u00a0Elektromos t\u00f6lt\u0151\u00e1llom\u00e1s alprogram helyi \u00f6nkorm\u00e1nyzatok r\u00e9sz\u00e9re nev\u0171 p\u00e1ly\u00e1zatba megszabt\u00e1k, hogy a v\u00e1rosok &#8211; n\u00e9pess\u00e9g\u00fckh\u00f6z m\u00e9rten ar\u00e1nyosan &#8211; csak korl\u00e1tozott sz\u00e1m\u00fa t\u00f6lt\u0151t ig\u00e9nyelhetnek, a k\u00f6vetkez\u0151k szerint:<\/p>\n<ul>\n<li>15 000 &#8211; 19 999 (30 v\u00e1ros) &#8211; 2 darab t\u00f6lt\u0151<\/li>\n<li>20 000 &#8211; 49 999 (45 v\u00e1ros) &#8211; 3 darab t\u00f6lt\u0151<\/li>\n<li>50 000 &#8211; 99 999 (23 v\u00e1ros) &#8211; 5 darab t\u00f6lt\u0151<\/li>\n<li>100 000 &#8211; (14 v\u00e1ros) &#8211; 10 darab<\/li>\n<li>F\u0151v\u00e1ros &#8211; 50 darab<\/li>\n<\/ul>\n<!-- Error, Advert is not available at this time due to schedule\/geolocation restrictions! -->\n<p><!--more--><\/p>\n<p>&nbsp;<\/p>\n<h3>Mi a helyzet a megy\u00e9ben?<\/h3>\n<p>&nbsp;<\/p>\n<p>Ezek alapj\u00e1n \u00f6sszesen 500 darab t\u00f6lt\u0151 kihelyez\u00e9s\u00e9re ny\u00edlt lehet\u0151s\u00e9g orsz\u00e1gszerte. Csongr\u00e1d megy\u00e9b\u0151l eleinte csak k\u00e9t v\u00e1ros p\u00e1ly\u00e1zott, Mak\u00f3 \u00e9s H\u00f3dmez\u0151v\u00e1s\u00e1rhely. M\u00edg ekkorra m\u00e1r P\u00e9cs, Debrecen \u00e9s Miskolc is jelentkezett, Szeged &#8211; \u00e9s sok f\u0151v\u00e1rosi ker\u00fclet &#8211; nem igaz\u00e1n mutatott \u00e9rdekl\u0151d\u00e9st. Szerencs\u00e9re k\u00e9s\u0151bb ez megv\u00e1ltozott, \u00e9s Budapest \u00f6sszes ker\u00fclete mellett Szegeden is meg\u00e9p\u00fcltek az \u00e1llom\u00e1sok, s\u0151t Szeged el\u00e9g j\u00f3l \u00e1ll jelen helyzetben: m\u00edg Debrecenben egyetlen t\u00f6lt\u0151 sem \u00e9p\u00fclt meg &#8211; \u00e9s lehets\u00e9ges, hogy nem is fog -, Miskolcon csak terveznek \u00f6t\u00f6t, P\u00e9csett pedig elk\u00e9sz\u00fclt h\u00e1rom, addig Szegeden m\u00e1r mind \u00e1ll a tervezett nyolcb\u00f3l.<\/p>\n<p>&nbsp;<\/p>\n<figure id=\"attachment_2440\" aria-describedby=\"caption-attachment-2440\" style=\"width: 1200px\" class=\"wp-caption alignnone\"><img decoding=\"async\" loading=\"lazy\" class=\"wp-image-2440 size-full\" src=\"https:\/\/szegederarchivum.hu\/wp-content\/uploads\/2018\/11\/2-4.jpg\" alt=\"\" width=\"1200\" height=\"900\" srcset=\"https:\/\/szegederarchivum.hu\/wp-content\/uploads\/2018\/11\/2-4.jpg 1200w, https:\/\/szegederarchivum.hu\/wp-content\/uploads\/2018\/11\/2-4-632x474.jpg 632w, https:\/\/szegederarchivum.hu\/wp-content\/uploads\/2018\/11\/2-4-768x576.jpg 768w, https:\/\/szegederarchivum.hu\/wp-content\/uploads\/2018\/11\/2-4-1020x765.jpg 1020w\" sizes=\"(max-width: 1200px) 100vw, 1200px\" \/><figcaption id=\"caption-attachment-2440\" class=\"wp-caption-text\">Fot\u00f3: Sz\u0171cs D\u00e1niel \/ Szegeder<\/figcaption><\/figure>\n<p>&nbsp;<\/p>\n<h3>Milyen t\u00f6lt\u0151k is ezek?<\/h3>\n<p>&nbsp;<\/p>\n<p>Azt fontos tudni, hogy ezek nem un. vill\u00e1mt\u00f6lt\u0151k, amikkel egy \u00f3r\u00e1n bel\u00fcl fel lehet t\u00f6lteni egy aut\u00f3t 20%-r\u00f3l ak\u00e1r 80-ra. A p\u00e1ly\u00e1zott v\u00e1rosokban a t\u00f6lt\u0151ket az\u00a0<a href=\"https:\/\/e-mobi.hu\/\" target=\"_blank\" rel=\"noopener\">e-Mobi Elektromobilit\u00e1s Nonprofit Kft.<\/a> helyezi ki, ezek pedig 22 kW-os AC t\u00f6lt\u0151k. Ez azt jelenti, hogy egy \u00e1tlagos mai elektromos aut\u00f3nak 6-8 \u00f3ra kell egy ilyen \u00e1llom\u00e1son, hogy felt\u00f6lt\u0151dj\u00f6n, teh\u00e1t ezeket a t\u00f6lt\u0151ket c\u00e9lszer\u0171en csak akkor lehet haszn\u00e1lni, ha az ember \u00e9jszak\u00e1ra ott hagyja az aut\u00f3t, mert mondjuk a hotelje k\u00f6zel\u00e9ben van egy ilyen, esetleg nagyon fogy\u00f3ban van a szufla \u00e9s musz\u00e1j r\u00e1t\u00f6ltenie, hogy haza\u00e9rjen.<br \/>\nA t\u00f6lt\u0151k elhelyezked\u00e9se sem ide\u00e1lis ahhoz, hogy er\u0151s\u00edts\u00e9k az orsz\u00e1g bej\u00e1rhat\u00f3s\u00e1g\u00e1t elektromos aut\u00f3val, ugyanis az \u00e1llom\u00e1sokat a p\u00e1ly\u00e1zatban le\u00edrtak szerint csak v\u00e1rosok belter\u00fclet\u00e9n szabad telep\u00edteni, \u00edgy p\u00e9ld\u00e1ul aut\u00f3p\u00e1lya-pihen\u0151kbe nem ker\u00fcl egy sem &#8211; <a href=\"https:\/\/villanyautosok.hu\/2017\/01\/10\/ezekben-varosokban-lesz-palyazatos-villanyauto-tolto\/\" target=\"_blank\" rel=\"noopener\">err\u0151l a villanyautosok.hu \u00edr<\/a>.<\/p>\n<p>&nbsp;<\/p>\n<figure id=\"attachment_2441\" aria-describedby=\"caption-attachment-2441\" style=\"width: 1200px\" class=\"wp-caption alignnone\"><img decoding=\"async\" loading=\"lazy\" class=\"wp-image-2441 size-full\" src=\"https:\/\/szegederarchivum.hu\/wp-content\/uploads\/2018\/11\/3-2.jpg\" alt=\"\" width=\"1200\" height=\"900\" srcset=\"https:\/\/szegederarchivum.hu\/wp-content\/uploads\/2018\/11\/3-2.jpg 1200w, https:\/\/szegederarchivum.hu\/wp-content\/uploads\/2018\/11\/3-2-632x474.jpg 632w, https:\/\/szegederarchivum.hu\/wp-content\/uploads\/2018\/11\/3-2-768x576.jpg 768w, https:\/\/szegederarchivum.hu\/wp-content\/uploads\/2018\/11\/3-2-1020x765.jpg 1020w\" sizes=\"(max-width: 1200px) 100vw, 1200px\" \/><figcaption id=\"caption-attachment-2441\" class=\"wp-caption-text\">Fot\u00f3: Sz\u0171cs D\u00e1niel \/ Szegeder<\/figcaption><\/figure>\n<!-- Error, Advert is not available at this time due to schedule\/geolocation restrictions! -->\n<p>&nbsp;<\/p>\n<h3>Szegeden hol vannak a t\u00f6lt\u0151k?<\/h3>\n<p>&nbsp;<\/p>\n<p>A v\u00e1rosban nyolc helyre telep\u00edtettek. Az e-mobi.hu szerint ebb\u0151l \u00f6t m\u00e1r \u00fczemk\u00e9pes:<\/p>\n<ul>\n<li>J\u00f3zsef Attila sug\u00e1r\u00fat 122.<\/li>\n<li>Moszkvai k\u00f6r\u00fat 25.<\/li>\n<li>N\u00e9pkert sor 13.<\/li>\n<li>Toront\u00e1l t\u00e9ri P+R parkol\u00f3<\/li>\n<li>V\u00edztorony t\u00e9r<\/li>\n<\/ul>\n<p>Illetve h\u00e1rom m\u00e9g nincs be\u00fczemelve:<\/p>\n<ul>\n<li>Kossuth Lajos sug\u00e1r\u00fat 47.<\/li>\n<li>Pet\u0151fi S\u00e1ndor sug\u00e1r\u00fat 83.<\/li>\n<li>Fels\u0151 Tisza-part 4.<\/li>\n<\/ul>\n<p>&nbsp;<\/p>\n<figure id=\"attachment_2436\" aria-describedby=\"caption-attachment-2436\" style=\"width: 1300px\" class=\"wp-caption alignnone\"><a href=\"https:\/\/e-mobi.hu\/hu\/map\" target=\"_blank\" rel=\"noopener\"><img decoding=\"async\" loading=\"lazy\" class=\"wp-image-2436 size-full\" src=\"https:\/\/szegederarchivum.hu\/wp-content\/uploads\/2018\/11\/mapp.jpg\" alt=\"\" width=\"1300\" height=\"750\" srcset=\"https:\/\/szegederarchivum.hu\/wp-content\/uploads\/2018\/11\/mapp.jpg 1300w, https:\/\/szegederarchivum.hu\/wp-content\/uploads\/2018\/11\/mapp-632x365.jpg 632w, https:\/\/szegederarchivum.hu\/wp-content\/uploads\/2018\/11\/mapp-768x443.jpg 768w, https:\/\/szegederarchivum.hu\/wp-content\/uploads\/2018\/11\/mapp-1020x588.jpg 1020w\" sizes=\"(max-width: 1300px) 100vw, 1300px\" \/><\/a><figcaption id=\"caption-attachment-2436\" class=\"wp-caption-text\">T\u00f6lt\u0151\u00e1llom\u00e1sok Szegeden. A k\u00e9kek m\u00e1r m\u0171k\u00f6dnek, a s\u00e1rg\u00e1k m\u00e9g \u00e9p\u00edt\u00e9s alatt vannak, de m\u00e1r azok is a hely\u00fck\u00f6n. Fot\u00f3: e-mobi.hu<\/figcaption><\/figure>\n<p>&nbsp;<\/p>\n<p>\u00c9rdekel mi t\u00f6rt\u00e9nik Szegeden, mik \u00e9p\u00fclnek, vagy \u00e9pp milyen kincsek t\u0171nnek el az utc\u00e1kr\u00f3l? K\u00f6vesd a Szegedert <a href=\"http:\/\/facebook.com\/szegeder\" target=\"_blank\" rel=\"noopener\">Facebookon<\/a> \u00e9s <a href=\"http:\/\/instagram.com\/szegeder.hu\" target=\"_blank\" rel=\"noopener\">Instagramon<\/a>.<br \/>\n<div id=\"fb-root\"><\/div>\n\t\t\t\t\t<script>(function(d, s, id) {\n\t\t\t\t\t  var js, fjs = d.getElementsByTagName(s)[0];\n\t\t\t\t\t  if (d.getElementById(id)) return;\n\t\t\t\t\t  js = d.createElement(s); js.id = id;\n\t\t\t\t\t  js.async=true; \n\t\t\t\t\t  js.src = \"\/\/connect.facebook.net\/hu_HU\/all.js#xfbml=1&appId=OPTIONAL_SEE_FAQ\";\n\t\t\t\t\t  fjs.parentNode.insertBefore(js, fjs);\n\t\t\t\t\t}(document, 'script', 'facebook-jssdk'));<\/script> <div class=\"efbl-like-box 1\">\n\t\t\t\t\t\t\t<div class=\"fb-page\" data-animclass=\"fadeIn\" data-href=\"https:\/\/www.facebook.com\/szegeder\" data-hide-cover=\"false\" data-width=\"800\"   data-height=\"\" data-show-facepile=\"true\"  data-show-posts=\"false\" data-adapt-container-width=\"true\" data-hide-cta=\"false\" data-small-header=\"false\">\n\t\t\t\t\t\t\t<\/div> \n\t\t\t\t\t\t\t\n\t\t\t\t\t\t<\/div>\n\t\t\t\t\t\n<!-- Error, Advert is not available at this time due to schedule\/geolocation restrictions! -->","protected":false},"excerpt":{"rendered":"<p>M\u00e9g 2016 nyar\u00e1n hirdetett p\u00e1ly\u00e1zatot a korm\u00e1ny a 15 000 f\u0151n\u00e9l n\u00e9pesebb magyar v\u00e1rosok sz\u00e1m\u00e1ra elektromosaut\u00f3-t\u00f6lt\u0151k telep\u00edt\u00e9s\u00e9re. Az\u00a0Elektromos t\u00f6lt\u0151\u00e1llom\u00e1s alprogram helyi \u00f6nkorm\u00e1nyzatok r\u00e9sz\u00e9re nev\u0171 p\u00e1ly\u00e1zatba megszabt\u00e1k, hogy a v\u00e1rosok &#8211; n\u00e9pess\u00e9g\u00fckh\u00f6z m\u00e9rten ar\u00e1nyosan &#8211; csak korl\u00e1tozott sz\u00e1m\u00fa t\u00f6lt\u0151t ig\u00e9nyelhetnek, a k\u00f6vetkez\u0151k szerint: 15 000 &#8211; 19 999 (30 v\u00e1ros) &#8211; 2 darab t\u00f6lt\u0151 20 000 [&hellip;]<\/p>","protected":false},"author":1,"featured_media":0,"comment_status":"closed","ping_status":"closed","sticky":false,"template":"","format":"standard","meta":{"_seopress_robots_primary_cat":""},"categories":[4],"tags":[23,194,17],"acf":[],"amp_enabled":true,"_links":{"self":[{"href":"https:\/\/szegederarchivum.hu\/en\/wp-json\/wp\/v2\/posts\/431"}],"collection":[{"href":"https:\/\/szegederarchivum.hu\/en\/wp-json\/wp\/v2\/posts"}],"about":[{"href":"https:\/\/szegederarchivum.hu\/en\/wp-json\/wp\/v2\/types\/post"}],"author":[{"embeddable":true,"href":"https:\/\/szegederarchivum.hu\/en\/wp-json\/wp\/v2\/users\/1"}],"replies":[{"embeddable":true,"href":"https:\/\/szegederarchivum.hu\/en\/wp-json\/wp\/v2\/comments?post=431"}],"version-history":[{"count":28,"href":"https:\/\/szegederarchivum.hu\/en\/wp-json\/wp\/v2\/posts\/431\/revisions"}],"predecessor-version":[{"id":3924,"href":"https:\/\/szegederarchivum.hu\/en\/wp-json\/wp\/v2\/posts\/431\/revisions\/3924"}],"wp:attachment":[{"href":"https:\/\/szegederarchivum.hu\/en\/wp-json\/wp\/v2\/media?parent=431"}],"wp:term":[{"taxonomy":"category","embeddable":true,"href":"https:\/\/szegederarchivum.hu\/en\/wp-json\/wp\/v2\/categories?post=431"},{"taxonomy":"post_tag","embeddable":true,"href":"https:\/\/szegederarchivum.hu\/en\/wp-json\/wp\/v2\/tags?post=431"}],"curies":[{"name":"wp","href":"https:\/\/api.w.org\/{rel}","templated":true}]}}