{"id":43375,"date":"2020-09-30T13:38:52","date_gmt":"2020-09-30T11:38:52","guid":{"rendered":"https:\/\/szegederarchivum.hu\/?p=43375"},"modified":"2020-09-30T13:38:52","modified_gmt":"2020-09-30T11:38:52","slug":"a-romanok-alkotmanysertonek-minositettek-a-kubekhazi-hataratkelorol-szolo-torvenyuket","status":"publish","type":"post","link":"https:\/\/szegederarchivum.hu\/en\/a-romanok-alkotmanysertonek-minositettek-a-kubekhazi-hataratkelorol-szolo-torvenyuket\/","title":{"rendered":"A rom\u00e1nok alkotm\u00e1nys\u00e9rt\u0151nek min\u0151s\u00edtett\u00e9k a k\u00fcbekh\u00e1zi hat\u00e1r\u00e1tkel\u0151r\u0151l sz\u00f3l\u00f3 t\u00f6rv\u00e9ny\u00fcket"},"content":{"rendered":"<p><strong>Alapt\u00f6rv\u00e9nybe \u00fctk\u00f6z\u0151nek min\u0151s\u00edtette a rom\u00e1n alkotm\u00e1nyb\u00edr\u00f3s\u00e1g szerd\u00e1n a K\u00fcbekh\u00e1za \u00e9s \u00d3b\u00e9b (Beba Veche) k\u00f6z\u00f6tti magyar-rom\u00e1n nemzetk\u00f6zi k\u00f6z\u00fati hat\u00e1r\u00e1tkel\u0151 l\u00e9tes\u00edt\u00e9s\u00e9r\u0151l kor\u00e1bban elfogadott t\u00f6rv\u00e9nyt.<\/strong><\/p>\n<p>A bukaresti k\u00e9pvisel\u0151h\u00e1z \u00e1ltal m\u00e1jus v\u00e9g\u00e9n megszavazott jogszab\u00e1ly-tervezet el\u0151\u00edrja, hogy a rom\u00e1n korm\u00e1ny kezdjen diplom\u00e1ciai t\u00e1rgyal\u00e1sokat Magyarorsz\u00e1ggal a magyar-rom\u00e1n-szerb h\u00e1rmashat\u00e1rn\u00e1l l\u00e9v\u0151 \u00faj nemzetk\u00f6zi hat\u00e1r\u00e1tkel\u0151hely l\u00e9trehoz\u00e1s\u00e1r\u00f3l (itt <a href=\"https:\/\/szegederarchivum.hu\/uj-atkelot-adtak-at-az-ostromolt-szerb-hataron-szegednel\/\" target=\"_blank\" rel=\"noopener noreferrer\">jelenleg is van \u00e1tkel\u0151<\/a>, de csak Magyarorsz\u00e1g \u00e9s Szerbia k\u00f6z\u00f6tt). A tervezet kihirdet\u00e9s\u00e9t Klaus Iohannis \u00e1llamf\u0151 elutas\u00edtotta, \u00e9s alkotm\u00e1nyoss\u00e1gi \u00f3v\u00e1st emelt ellene.<\/p>\n<p>Az \u00e1llamf\u0151 szerint az\u00e9rt s\u00e9rti az alkotm\u00e1nyt a k\u00e9pvisel\u0151h\u00e1z \u00e1ltal csaknem egyhang\u00falag megszavazott t\u00f6rv\u00e9ny, mert \u00e1ltala a parlament beavatkozna az \u00e1llamf\u0151, illetve a korm\u00e1ny hat\u00e1sk\u00f6r\u00e9be. Az \u00f3v\u00e1s szerint a nemzetk\u00f6zi kapcsolatok ter\u00e9n a parlamentnek az a szerepe, hogy a korm\u00e1ny \u00e1ltal kidolgozott, az \u00e1llamf\u0151 \u00e1ltal al\u00e1\u00edrt nemzetk\u00f6zi szerz\u0151d\u00e9seket ratifik\u00e1lja. \u201eRom\u00e1nia nev\u00e9ben kiz\u00e1r\u00f3lag a v\u00e9grehajt\u00f3 hatalom kezdem\u00e9nyezhet nemzetk\u00f6zi t\u00e1rgyal\u00e1sokat, ezt t\u00f6rv\u00e9ny nem \u00edrhatja el\u0151 a korm\u00e1ny sz\u00e1m\u00e1ra\u201d &#8211; \u00e9rvelt az \u00e1llamf\u0151. Az alkotm\u00e1nyb\u00edr\u00f3s\u00e1g helyt adva az \u00f3v\u00e1snak egyhang\u00falag alkotm\u00e1nys\u00e9rt\u0151nek min\u0151s\u00edtette a t\u00f6rv\u00e9ny eg\u00e9sz\u00e9t.<\/p>\n<p>A normakontrollon elbukott t\u00f6rv\u00e9nyt a Szoci\u00e1ldemokrata P\u00e1rt h\u00e1rom Temes megyei, valamint a szerb kisebbs\u00e9g parlamenti k\u00e9pvisel\u0151je kezdem\u00e9nyezte. Indokl\u00e1suk szerint a hat\u00e1r\u00e1tkel\u0151 a Rom\u00e1nia, Magyarorsz\u00e1g \u00e9s Szerbia k\u00f6z\u00f6tti gazdas\u00e1gi, kultur\u00e1lis, oktat\u00e1si egy\u00fcttm\u0171k\u00f6d\u00e9st seg\u00edten\u00e9, megk\u00f6nny\u00edten\u00e9 a hat\u00e1rok \u00e1ltal mesters\u00e9gesen elv\u00e1lasztott csal\u00e1dok tagjai k\u00f6z\u00f6tti kapcsolattart\u00e1st. A kezdem\u00e9nyez\u0151k szerint egy \u00e1lland\u00f3 hat\u00e1r\u00e1tkel\u0151 m\u0171k\u00f6dtet\u00e9se visszaszor\u00edthatja az illeg\u00e1lis migr\u00e1ci\u00f3t is, \u00e9s a jelenlegi 85-r\u0151l 22 kilom\u00e9terre cs\u00f6kkenten\u00e9 az utat \u00d3b\u00e9b \u00e9s a t\u00e9rs\u00e9g legfontosabb v\u00e1rosa, Szeged k\u00f6z\u00f6tt. A magyar-rom\u00e1n-szerb h\u00e1rmas hat\u00e1rn\u00e1l a magyarorsz\u00e1gi K\u00fcbekh\u00e1za \u00e9s a szerbiai R\u00e1b\u00e9 k\u00f6z\u00f6tt m\u00e1r tavaly okt\u00f3berben megny\u00edlt az \u00e1lland\u00f3 hat\u00e1r\u00e1tkel\u0151hely.<\/p>\n<p>&nbsp;<\/p>\n<p><em>Nyit\u00f3k\u00e9p: a 2019-ben ny\u00edlt szerb-magyar \u00e1tkel\u0151 \u00e1tad\u00e1sa. Frank Yvette \/ D\u00e9lmagyar<\/em><\/p>\n<p>&nbsp;<\/p>","protected":false},"excerpt":{"rendered":"<p>Alapt\u00f6rv\u00e9nybe \u00fctk\u00f6z\u0151nek min\u0151s\u00edtette a rom\u00e1n alkotm\u00e1nyb\u00edr\u00f3s\u00e1g szerd\u00e1n a K\u00fcbekh\u00e1za \u00e9s \u00d3b\u00e9b (Beba Veche) k\u00f6z\u00f6tti magyar-rom\u00e1n nemzetk\u00f6zi k\u00f6z\u00fati hat\u00e1r\u00e1tkel\u0151 l\u00e9tes\u00edt\u00e9s\u00e9r\u0151l kor\u00e1bban elfogadott t\u00f6rv\u00e9nyt.<\/p>","protected":false},"author":1,"featured_media":43381,"comment_status":"closed","ping_status":"closed","sticky":false,"template":"","format":"standard","meta":{"_seopress_robots_primary_cat":"none"},"categories":[978],"tags":[2926,1339,826,81],"acf":[],"amp_enabled":true,"_links":{"self":[{"href":"https:\/\/szegederarchivum.hu\/en\/wp-json\/wp\/v2\/posts\/43375"}],"collection":[{"href":"https:\/\/szegederarchivum.hu\/en\/wp-json\/wp\/v2\/posts"}],"about":[{"href":"https:\/\/szegederarchivum.hu\/en\/wp-json\/wp\/v2\/types\/post"}],"author":[{"embeddable":true,"href":"https:\/\/szegederarchivum.hu\/en\/wp-json\/wp\/v2\/users\/1"}],"replies":[{"embeddable":true,"href":"https:\/\/szegederarchivum.hu\/en\/wp-json\/wp\/v2\/comments?post=43375"}],"version-history":[{"count":2,"href":"https:\/\/szegederarchivum.hu\/en\/wp-json\/wp\/v2\/posts\/43375\/revisions"}],"predecessor-version":[{"id":43380,"href":"https:\/\/szegederarchivum.hu\/en\/wp-json\/wp\/v2\/posts\/43375\/revisions\/43380"}],"wp:featuredmedia":[{"embeddable":true,"href":"https:\/\/szegederarchivum.hu\/en\/wp-json\/wp\/v2\/media\/43381"}],"wp:attachment":[{"href":"https:\/\/szegederarchivum.hu\/en\/wp-json\/wp\/v2\/media?parent=43375"}],"wp:term":[{"taxonomy":"category","embeddable":true,"href":"https:\/\/szegederarchivum.hu\/en\/wp-json\/wp\/v2\/categories?post=43375"},{"taxonomy":"post_tag","embeddable":true,"href":"https:\/\/szegederarchivum.hu\/en\/wp-json\/wp\/v2\/tags?post=43375"}],"curies":[{"name":"wp","href":"https:\/\/api.w.org\/{rel}","templated":true}]}}