{"id":43984,"date":"2020-10-16T17:31:18","date_gmt":"2020-10-16T15:31:18","guid":{"rendered":"https:\/\/szegederarchivum.hu\/?p=43984"},"modified":"2020-10-16T17:31:29","modified_gmt":"2020-10-16T15:31:29","slug":"koronavirusos-lett-egy-szegedi-szimfonikus-eloadasok-maradnak-el","status":"publish","type":"post","link":"https:\/\/szegederarchivum.hu\/en\/koronavirusos-lett-egy-szegedi-szimfonikus-eloadasok-maradnak-el\/","title":{"rendered":"Koronav\u00edrusos lett egy szegedi szimfonikus &#8211; el\u0151ad\u00e1sok maradnak el"},"content":{"rendered":"<p>A Szegedi Nemzeti Sz\u00ednh\u00e1z k\u00f6zlem\u00e9nyben t\u00e1j\u00e9koztatja n\u00e9z\u0151it, hogy a Szegedi Szimfonikus Zenekar egyik tagj\u00e1nak Covid-19 tesztje pozit\u00edv lett, a j\u00e1rv\u00e1ny\u00fcgyi hat\u00f3s\u00e1g d\u00f6nt\u00e9se \u00e9rtelm\u00e9ben a zenekar kontaktkutat\u00e1s alapj\u00e1n \u00e9rintett tagjai 10 napos karant\u00e9nba vonulnak.<\/p>\n<p>Ez\u00e9rt a 2020. okt\u00f3ber 16. 19:00 \u00e9s okt\u00f3ber 17. 15:00 \u00f3r\u00e1ra meghirdetett M\u00e1gn\u00e1s Miska el\u0151ad\u00e1sok elmaradnak. A jegyek a 2020. november 13-ra \u00e9s 14-re meghirdetett M\u00e1gn\u00e1s Miska el\u0151ad\u00e1sokra, illetve b\u00e1rmely m\u00e1s meghirdetett el\u0151ad\u00e1sra 14 napon bel\u00fcl \u00e1tcser\u00e9lhet\u0151k a jegyirod\u00e1ban.<\/p>\n<p>Az eset \u00e9rinti a Tannh\u00e4user 2020. okt\u00f3ber 24-i bemutat\u00f3j\u00e1t \u00e9s a 25-i el\u0151ad\u00e1s\u00e1t, melyek szint\u00e9n elmaradnak. A produkci\u00f3t \u00e9rint\u0151 esetleges p\u00f3tl\u00e1sokkal kapcsolatban k\u00e9s\u0151bb adunk t\u00e1j\u00e9koztat\u00e1st.<\/p>\n<p>&nbsp;<\/p>\n<p>&nbsp;<\/p>\n<p>&nbsp;<\/p>","protected":false},"excerpt":{"rendered":"<p>A Szegedi Nemzeti Sz\u00ednh\u00e1z k\u00f6zlem\u00e9nyben t\u00e1j\u00e9koztatja n\u00e9z\u0151it, hogy a Szegedi Szimfonikus Zenekar egyik tagj\u00e1nak Covid-19 tesztje pozit\u00edv lett, a j\u00e1rv\u00e1ny\u00fcgyi hat\u00f3s\u00e1g d\u00f6nt\u00e9se \u00e9rtelm\u00e9ben a zenekar kontaktkutat\u00e1s alapj\u00e1n \u00e9rintett tagjai 10 napos karant\u00e9nba vonulnak.<\/p>","protected":false},"author":1,"featured_media":0,"comment_status":"closed","ping_status":"closed","sticky":false,"template":"","format":"standard","meta":{"_seopress_robots_primary_cat":"none"},"categories":[986],"tags":[835,3597,4310],"acf":[],"amp_enabled":true,"_links":{"self":[{"href":"https:\/\/szegederarchivum.hu\/en\/wp-json\/wp\/v2\/posts\/43984"}],"collection":[{"href":"https:\/\/szegederarchivum.hu\/en\/wp-json\/wp\/v2\/posts"}],"about":[{"href":"https:\/\/szegederarchivum.hu\/en\/wp-json\/wp\/v2\/types\/post"}],"author":[{"embeddable":true,"href":"https:\/\/szegederarchivum.hu\/en\/wp-json\/wp\/v2\/users\/1"}],"replies":[{"embeddable":true,"href":"https:\/\/szegederarchivum.hu\/en\/wp-json\/wp\/v2\/comments?post=43984"}],"version-history":[{"count":3,"href":"https:\/\/szegederarchivum.hu\/en\/wp-json\/wp\/v2\/posts\/43984\/revisions"}],"predecessor-version":[{"id":43988,"href":"https:\/\/szegederarchivum.hu\/en\/wp-json\/wp\/v2\/posts\/43984\/revisions\/43988"}],"wp:attachment":[{"href":"https:\/\/szegederarchivum.hu\/en\/wp-json\/wp\/v2\/media?parent=43984"}],"wp:term":[{"taxonomy":"category","embeddable":true,"href":"https:\/\/szegederarchivum.hu\/en\/wp-json\/wp\/v2\/categories?post=43984"},{"taxonomy":"post_tag","embeddable":true,"href":"https:\/\/szegederarchivum.hu\/en\/wp-json\/wp\/v2\/tags?post=43984"}],"curies":[{"name":"wp","href":"https:\/\/api.w.org\/{rel}","templated":true}]}}