{"id":4551,"date":"2019-01-24T19:32:56","date_gmt":"2019-01-24T18:32:56","guid":{"rendered":"https:\/\/szegederarchivum.hu\/?p=4551"},"modified":"2019-01-24T19:33:04","modified_gmt":"2019-01-24T18:33:04","slug":"ujabb-elektromosauto-tolto","status":"publish","type":"post","link":"https:\/\/szegederarchivum.hu\/en\/ujabb-elektromosauto-tolto\/","title":{"rendered":"\u00dajabb k\u00e9t elektromosaut\u00f3-t\u00f6lt\u0151t adtak \u00e1t Szegeden"},"content":{"rendered":"<!-- Error, Advert is not available at this time due to schedule\/geolocation restrictions! -->\n<p><strong>K\u00e9t \u00fajabb t\u00f6lt\u0151t helyezett \u00fczembe az e-Mobi a v\u00e1rosban.<\/strong><\/p>\n<p><!--more--><\/p>\n<p>M\u00e9g november v\u00e9g\u00e9n \u00edrtunk arr\u00f3l, hogy a korm\u00e1ny \u00e1ltal finansz\u00edrozott projektben <a href=\"https:\/\/szegederarchivum.hu\/elleptek-a-varost-az-elektromosauto-toltok\/\" target=\"_blank\" rel=\"noopener\">Szegeden 8 darab 22kW-os t\u00f6lt\u0151t telep\u00edtenek<\/a>. Ezekb\u0151l akkorra m\u00e1r mind \u00e1llt, de csak \u00f6t \u00fczemelt, a napokban azonban \u00fajabb kett\u0151t vettek haszn\u00e1latba a z\u00f6ldaut\u00f3sok. Ezek a<\/p>\n<ul>\n<li>Kossuth Lajos sug\u00e1r\u00fat 47. sz\u00e1m\u00fa h\u00e1z,<\/li>\n<li>illetve a Pet\u0151fi S\u00e1ndor sug\u00e1r\u00fat 83. sz\u00e1m el\u0151tti t\u00f6lt\u0151k.<\/li>\n<\/ul>\n<!-- Error, Advert is not available at this time due to schedule\/geolocation restrictions! -->\n<p>&nbsp;<\/p>\n<p>Novemberben \u00edgy \u00edrtunk ezekr\u0151l a t\u00f6lt\u0151kr\u0151l:<\/p>\n<p>Azt fontos tudni, hogy ezek nem un. vill\u00e1mt\u00f6lt\u0151k, amikkel egy \u00f3r\u00e1n bel\u00fcl fel lehet t\u00f6lteni egy aut\u00f3t 20%-r\u00f3l ak\u00e1r 80-ra. A p\u00e1ly\u00e1zott v\u00e1rosokban a t\u00f6lt\u0151ket az\u00a0<a href=\"https:\/\/e-mobi.hu\/\" target=\"_blank\" rel=\"noopener\">e-Mobi Elektromobilit\u00e1s Nonprofit Kft.<\/a>\u00a0helyezi ki, ezek pedig 22 kW-os AC t\u00f6lt\u0151k. Ez azt jelenti, hogy egy \u00e1tlagos mai elektromos aut\u00f3nak 6-8 \u00f3ra kell egy ilyen \u00e1llom\u00e1son, hogy felt\u00f6lt\u0151dj\u00f6n, teh\u00e1t ezeket a t\u00f6lt\u0151ket c\u00e9lszer\u0171en csak akkor lehet haszn\u00e1lni, ha az ember \u00e9jszak\u00e1ra ott hagyja az aut\u00f3t, mert mondjuk a hotelje k\u00f6zel\u00e9ben van egy ilyen, esetleg nagyon fogy\u00f3ban van a szufla \u00e9s musz\u00e1j r\u00e1t\u00f6ltenie, hogy haza\u00e9rjen.<\/p>\n<figure style=\"width: 1491px\" class=\"wp-caption alignnone\"><img decoding=\"async\" loading=\"lazy\" src=\"https:\/\/i2.wp.com\/szegeder.files.wordpress.com\/2019\/01\/f4af2b7e3f806f1123221a26cd8ddd1f.png?ssl=1\" alt=\"f4af2b7e3f806f1123221a26cd8ddd1f\" width=\"1491\" height=\"742\" \/><figcaption class=\"wp-caption-text\">Az e-Mobi t\u00f6lt\u0151i Szegeden. K\u00e9kkel a m\u0171k\u00f6d\u0151k, s\u00e1rg\u00e1val pedig az egyetlen m\u00e9g \u00fczembe nem helyezett darab Fels\u0151 Tisza-parton. Fot\u00f3: e-Mobi<\/figcaption><\/figure>","protected":false},"excerpt":{"rendered":"<p>K\u00e9t \u00fajabb t\u00f6lt\u0151t helyezett \u00fczembe az e-Mobi a v\u00e1rosban.<\/p>","protected":false},"author":1,"featured_media":0,"comment_status":"closed","ping_status":"closed","sticky":false,"template":"","format":"standard","meta":{"_seopress_robots_primary_cat":""},"categories":[4],"tags":[23,194,17],"acf":[],"amp_enabled":true,"_links":{"self":[{"href":"https:\/\/szegederarchivum.hu\/en\/wp-json\/wp\/v2\/posts\/4551"}],"collection":[{"href":"https:\/\/szegederarchivum.hu\/en\/wp-json\/wp\/v2\/posts"}],"about":[{"href":"https:\/\/szegederarchivum.hu\/en\/wp-json\/wp\/v2\/types\/post"}],"author":[{"embeddable":true,"href":"https:\/\/szegederarchivum.hu\/en\/wp-json\/wp\/v2\/users\/1"}],"replies":[{"embeddable":true,"href":"https:\/\/szegederarchivum.hu\/en\/wp-json\/wp\/v2\/comments?post=4551"}],"version-history":[{"count":5,"href":"https:\/\/szegederarchivum.hu\/en\/wp-json\/wp\/v2\/posts\/4551\/revisions"}],"predecessor-version":[{"id":4556,"href":"https:\/\/szegederarchivum.hu\/en\/wp-json\/wp\/v2\/posts\/4551\/revisions\/4556"}],"wp:attachment":[{"href":"https:\/\/szegederarchivum.hu\/en\/wp-json\/wp\/v2\/media?parent=4551"}],"wp:term":[{"taxonomy":"category","embeddable":true,"href":"https:\/\/szegederarchivum.hu\/en\/wp-json\/wp\/v2\/categories?post=4551"},{"taxonomy":"post_tag","embeddable":true,"href":"https:\/\/szegederarchivum.hu\/en\/wp-json\/wp\/v2\/tags?post=4551"}],"curies":[{"name":"wp","href":"https:\/\/api.w.org\/{rel}","templated":true}]}}