{"id":46070,"date":"2020-12-14T10:54:33","date_gmt":"2020-12-14T09:54:33","guid":{"rendered":"https:\/\/szegederarchivum.hu\/?p=46070"},"modified":"2020-12-14T10:54:33","modified_gmt":"2020-12-14T09:54:33","slug":"vadat-emeltek-a-kisteleki-ellopott-szazmilliok-ugyeben","status":"publish","type":"post","link":"https:\/\/szegederarchivum.hu\/en\/vadat-emeltek-a-kisteleki-ellopott-szazmilliok-ugyeben\/","title":{"rendered":"V\u00e1dat emeltek a kisteleki ellopott sz\u00e1zmilli\u00f3k \u00fcgy\u00e9ben"},"content":{"rendered":"<p><strong>V\u00e1dat emeltek azzal a h\u00e1rom emberrel szemben, akik hamis \u00f6ner\u0151-igazol\u00e1ssal jutottak magyar \u00e9s uni\u00f3s k\u00f6lts\u00e9gvet\u00e9si forr\u00e1sb\u00f3l 822 milli\u00f3 forint t\u00e1mogat\u00e1shoz egy kisteleki sz\u00e1lloda\u00e9p\u00edt\u00e9shez &#8211; t\u00e1j\u00e9koztatta a Csongr\u00e1d-Csan\u00e1d Megyei F\u0151\u00fcgy\u00e9szs\u00e9g sz\u00f3viv\u0151je h\u00e9tf\u0151n az MTI-t.<\/strong><\/p>\n<p>A n\u0151t \u00e9s a k\u00e9t f\u00e9rfit &#8211; akik egyike \u00fcgyv\u00e9d &#8211; k\u00fcl\u00f6n\u00f6sen jelent\u0151s vagyoni h\u00e1tr\u00e1nyt okoz\u00f3 k\u00f6lts\u00e9gvet\u00e9si csal\u00e1s b\u0171ntett\u00e9vel \u00e9s hamis mag\u00e1nokirat felhaszn\u00e1l\u00e1s\u00e1nak v\u00e9ts\u00e9g\u00e9vel v\u00e1dolj\u00e1k.<\/p>\n<p>A Nemzeti Fejleszt\u00e9si \u00dcgyn\u00f6ks\u00e9g 2012 nyar\u00e1n a t\u00e1rsadalombiztos\u00edt\u00e1s \u00e1ltal nem finansz\u00edrozott eg\u00e9szs\u00e9g\u00fcgyi szolg\u00e1ltat\u00e1sok fejleszt\u00e9s\u00e9t is lehet\u0151v\u00e9 tev\u0151 p\u00e1ly\u00e1zati felh\u00edv\u00e1st tett k\u00f6zz\u00e9. A v\u00e1dirat szerint az egym\u00e1ssal \u00e9lett\u00e1rsi kapcsolatban \u00e1ll\u00f3 f\u00e9rfi \u00e9s n\u0151 2012 szeptember\u00e9ben ny\u00fajtott be p\u00e1ly\u00e1zatot az \u00e1ltaluk vezetett \u00e9s ir\u00e1ny\u00edtott c\u00e9g nev\u00e9ben egy Kistelek\u00e9n megval\u00f3s\u00edtand\u00f3 hotel \u00e9s gy\u00f3gy\u00e1szati k\u00f6zpont fel\u00e9p\u00edt\u00e9s\u00e9re. A v\u00e1dlottak \u00e1ltal beny\u00fajtott p\u00e1ly\u00e1zat c\u00e9lja egy olyan gy\u00f3gy\u00e1szati centrum kialak\u00edt\u00e1sa volt, ahol egy helyen 15 k\u00fcl\u00f6nb\u00f6z\u0151 testi \u00e9s lelki gy\u00f3gym\u00f3dot k\u00edn\u00e1l\u00f3 szolg\u00e1ltat\u00e1s \u00e9rhet\u0151 el, a k\u00f6zpontban \u00f6sszesen 76 sz\u00e1ll\u00e1s \u00e9s fekv\u0151beteg f\u00e9r\u0151helyet alak\u00edtottak volna ki.<\/p>\n<p>A p\u00e1ly\u00e1zati dokument\u00e1ci\u00f3 szerint a beruh\u00e1z\u00e1s \u00f6sszk\u00f6lts\u00e9ge 1,2 milli\u00e1rd forint volt, ennek 70 sz\u00e1zal\u00e9k\u00e1t, 822 milli\u00f3 forintot vissza nem t\u00e9r\u00edtend\u0151 t\u00e1mogat\u00e1s fedezett volna, a v\u00e1dlottak 364 milli\u00f3 forint saj\u00e1t forr\u00e1sa mellett. Azonban az \u00f6ner\u0151 megl\u00e9t\u00e9t a v\u00e1dlottak val\u00f3tlan tartalm\u00fa nyilatkozatokkal igazolt\u00e1k, t\u00f6bbek k\u00f6z\u00f6tt v\u00e1dlott-t\u00e1rsuk, egy szegedi \u00fcgyv\u00e9d \u00e1ltal k\u00e9sz\u00edtett hamis k\u00f6lcs\u00f6nszerz\u0151d\u00e9ssel, \u00e9s egy let\u00e9ti igazol\u00e1ssal, mely szerint elhelyezt\u00e9k az \u00fcgyv\u00e9di let\u00e9ti sz\u00e1ml\u00e1n az \u00f6ner\u0151 teljes \u00f6sszeg\u00e9t. T\u00e9nylegesen a v\u00e1dlottak nem rendelkeztek a sz\u00fcks\u00e9ges \u00f6sszeggel.<\/p>\n<p>A projekthez az Eur\u00f3pai Region\u00e1lis Fejleszt\u00e9si Alap 698, a magyar \u00e1llam 124 milli\u00f3 forint t\u00e1mogat\u00e1st ny\u00fajtott. A v\u00e1dlottak a kivitelez\u00e9s megkezd\u00e9se ut\u00e1n r\u00f6viddel a t\u00e1mogat\u00e1st elnyer\u0151 c\u00e9get eladt\u00e1k. Az \u00faj tulajdonos a t\u00e1mogat\u00e1s \u00f6sszeg\u00e9t a beruh\u00e1z\u00e1sra ford\u00edtotta, azonban az \u00f6ner\u0151 hi\u00e1ny\u00e1ban nem tudta azt befejezni, a kivitelez\u00e9ssel 2016 v\u00e9g\u00e9n le\u00e1llt. A Nemzetgazdas\u00e1gi Miniszt\u00e9rium 2017 \u00e1prilis\u00e1ban el\u00e1llt a szerz\u0151d\u00e9st\u0151l, \u00e9s visszak\u00f6vetelte a kifizetett teljes t\u00e1mogat\u00e1si \u00f6sszeget.<\/p>\n<p>A v\u00e1dlottak 822 milli\u00f3 forint vagyoni h\u00e1tr\u00e1nyt okoztak az \u00e1llami k\u00f6lts\u00e9gvet\u00e9snek. A nyomoz\u00e1s sor\u00e1n a magyar hat\u00f3s\u00e1gok felhaszn\u00e1lt\u00e1k az OLAF (Eur\u00f3pai Csal\u00e1s Elleni Hivatal) aj\u00e1nl\u00e1s\u00e1ban tett meg\u00e1llap\u00edt\u00e1sokat is.<\/p>\n<p>A sz\u00e1ll\u00f3r\u00f3l 2017-ben a 444 k\u00e9sz\u00edtett vide\u00f3t:<\/p>\n<blockquote class=\"embedly-card\" data-card-controls=\"0\" data-card-align=\"center\" data-card-theme=\"light\">\n<h4><a href=\"https:\/\/www.youtube.com\/watch?v=zhGfiCdxTho\">P\u00e9nz\u00e9get\u00e9s a Kisteleki Gy\u00f3gysz\u00e1ll\u00f3n\u00e1l &#8211; Ki verte \u00e1t L\u00e1z\u00e1r J\u00e1nost?<\/a><\/h4>\n<p>K\u00f6zel sincs k\u00e9sz a pap\u00edron m\u00e1r megval\u00f3sult f\u00fcrd\u0151beruh\u00e1z\u00e1s Kisteleken. A l\u00e1ngol\u00f3 p\u00e9nznek felt\u0171n\u0151 szaga van, ez\u00e9rt megn\u00e9zt\u00fck, mire ment el 822 mili\u00f3 forint. In&#8230;<\/p>\n<\/blockquote>\n<p><script async src=\"\/\/cdn.embedly.com\/widgets\/platform.js\" charset=\"UTF-8\"><\/script><\/p>\n<p>&nbsp;<\/p>","protected":false},"excerpt":{"rendered":"<p>V\u00e1dat emeltek azzal a h\u00e1rom emberrel szemben, akik hamis \u00f6ner\u0151-igazol\u00e1ssal jutottak magyar \u00e9s uni\u00f3s k\u00f6lts\u00e9gvet\u00e9si forr\u00e1sb\u00f3l 822 milli\u00f3 forint t\u00e1mogat\u00e1shoz egy kisteleki sz\u00e1lloda\u00e9p\u00edt\u00e9shez.<\/p>","protected":false},"author":1,"featured_media":0,"comment_status":"closed","ping_status":"closed","sticky":false,"template":"","format":"standard","meta":{"_seopress_robots_primary_cat":"none"},"categories":[4],"tags":[1313,596,849,440,4624],"acf":[],"amp_enabled":true,"_links":{"self":[{"href":"https:\/\/szegederarchivum.hu\/en\/wp-json\/wp\/v2\/posts\/46070"}],"collection":[{"href":"https:\/\/szegederarchivum.hu\/en\/wp-json\/wp\/v2\/posts"}],"about":[{"href":"https:\/\/szegederarchivum.hu\/en\/wp-json\/wp\/v2\/types\/post"}],"author":[{"embeddable":true,"href":"https:\/\/szegederarchivum.hu\/en\/wp-json\/wp\/v2\/users\/1"}],"replies":[{"embeddable":true,"href":"https:\/\/szegederarchivum.hu\/en\/wp-json\/wp\/v2\/comments?post=46070"}],"version-history":[{"count":1,"href":"https:\/\/szegederarchivum.hu\/en\/wp-json\/wp\/v2\/posts\/46070\/revisions"}],"predecessor-version":[{"id":46075,"href":"https:\/\/szegederarchivum.hu\/en\/wp-json\/wp\/v2\/posts\/46070\/revisions\/46075"}],"wp:attachment":[{"href":"https:\/\/szegederarchivum.hu\/en\/wp-json\/wp\/v2\/media?parent=46070"}],"wp:term":[{"taxonomy":"category","embeddable":true,"href":"https:\/\/szegederarchivum.hu\/en\/wp-json\/wp\/v2\/categories?post=46070"},{"taxonomy":"post_tag","embeddable":true,"href":"https:\/\/szegederarchivum.hu\/en\/wp-json\/wp\/v2\/tags?post=46070"}],"curies":[{"name":"wp","href":"https:\/\/api.w.org\/{rel}","templated":true}]}}