{"id":46373,"date":"2020-12-24T13:49:53","date_gmt":"2020-12-24T12:49:53","guid":{"rendered":"https:\/\/szegederarchivum.hu\/?p=46373"},"modified":"2020-12-24T13:49:53","modified_gmt":"2020-12-24T12:49:53","slug":"szeged-egy-fillert-sem-kap-fideszes-varosok-milliardokat-a-kormany-karacsonykor-megjelent-tamogatasabol","status":"publish","type":"post","link":"https:\/\/szegederarchivum.hu\/en\/szeged-egy-fillert-sem-kap-fideszes-varosok-milliardokat-a-kormany-karacsonykor-megjelent-tamogatasabol\/","title":{"rendered":"Szeged egy fill\u00e9rt sem kap, fideszes v\u00e1rosok milli\u00e1rdokat a korm\u00e1ny kar\u00e1csonykor megjelent t\u00e1mogat\u00e1s\u00e1b\u00f3l"},"content":{"rendered":"<p><strong>T\u00f6bbsz\u00e1z milli\u00f3s, egyes esetekben mill\u00e1rdos \u00f6sszeg\u0171 t\u00e1mogat\u00e1st \u00edt\u00e9lt a korm\u00e1ny sz\u00e1mos megyei jog\u00fa v\u00e1rosnak <a href=\"https:\/\/magyarkozlony.hu\/dokumentumok\/ed413f3173fb6ddfc2c2c3d0cd615c1347fafaf1\/megtekintes\" target=\"_blank\" rel=\"noopener noreferrer\">a legfrissebb Magyar K\u00f6zl\u00f6nyben<\/a>. A list\u00e1val azonban van egy kis bibi: nem korm\u00e1nyp\u00e1rti v\u00e1rosok alig szerepelnek rajta, s ha m\u00e9gis, akkor sem k\u00f6lthetnek ak\u00e1rmire.<\/strong><\/p>\n<p>A k\u00f6zl\u00f6ny \u2013 ami december 24-\u00e9n, egyfajta kar\u00e1csonyi aj\u00e1nd\u00e9kk\u00e9nt jelent meg \u2013 t\u00f6bb tucat magyar telep\u00fcl\u00e9snek \u00edt\u00e9l t\u00e1mogat\u00e1si \u00f6sszeget. Szerepel rajtuk valamennyi megyei jog\u00fa v\u00e1ros, \u00e9s sz\u00e1mtalan kisebb, ak\u00e1r k\u00f6zs\u00e9g m\u00e9ret\u0171 is. A <a href=\"https:\/\/szeged.hu\/hirek\/39309\/csak-a-fideszes-megyei-jogu-varosok-kieso-beveteleit-potolja-a-kormany\" target=\"_blank\" rel=\"noopener noreferrer\">Szeged.hu<\/a> \u00e9rtelmez\u00e9se szerint ahhoz, hogy valamely v\u00e1ros t\u00e1mogat\u00e1st kapjon, ahhoz l\u00e9nyeg\u00e9ben vagy fideszesnek kell lennie, vagy aut\u00f3ipari gy\u00e1rt\u00f3k\u00f6zpontnak.<\/p>\n<p>Ilyenek p\u00e9ld\u00e1ul B\u00e9k\u00e9scsaba, Debrecen, Gy\u0151r, Kaposv\u00e1r, Kecskem\u00e9t, Ny\u00edregyh\u00e1za, Sopron, Sz\u00e9kesfeh\u00e9rv\u00e1r, Szolnok, Veszpr\u00e9m vagy Zalaegerszeg, mely v\u00e1rosok mind 1 milli\u00e1rd 380 milli\u00f3 forint t\u00e1mogat\u00e1st kapnak. A t\u00e1mogat\u00e1si c\u00e9lk\u00e9nt pedig <em>\u00f6nkorm\u00e1nyzati feladatok <\/em><em>ell\u00e1t\u00e1sa<\/em> van megadva, azaz l\u00e9nyeg\u00e9ben szabadon felhaszn\u00e1lhat\u00f3 a p\u00e9nz.<\/p>\n<p>Ellenz\u00e9ki nagyobb telep\u00fcl\u00e9sk\u00e9nt mind\u00f6ssze Miskolc \u00e9s Eger szerepel, de itt nem arra k\u00f6lthetnek, amire szeretn\u00e9nek. El\u0151bbi a miskolctapolcai f\u00fcrd\u0151 fejleszt\u00e9s\u00e9re, ut\u00f3bbi pedig a v\u00e1rra kapott csak.<\/p>\n<p>Nem kapott t\u00e1mogat\u00e1st teh\u00e1t sem Budapest, sem Szeged, sem P\u00e9cs, holott ez a h\u00e1rom v\u00e1ros az orsz\u00e1g \u00f6t legnagyobbja k\u00f6z\u00f6tt van, els\u0151, harmadik \u00e9s \u00f6t\u00f6dik helyekkel.<\/p>\n<p>M\u00e9g olyan kistelep\u00fcl\u00e9sek, mint Ipolyvece vagy Nemesvita is ak\u00e1r t\u00edzmilli\u00f3s t\u00e1mogat\u00e1sban r\u00e9szes\u00fclnek.<\/p>\n<p>Mindez annak t\u00fckr\u00e9ben m\u00e9g \u00e9rdekesebb, hogy a korm\u00e1ny Orb\u00e1n Viktor szem\u00e9ly\u00e9ben szombaton azt jelentette be, hogy az ipar\u0171z\u00e9si ad\u00f3 fel\u00e9t a v\u00e1llalkoz\u00e1sokn\u00e1l hagyj\u00e1k. Ez tov\u00e1bbi \u00f3ri\u00e1si kies\u00e9st jelent majd garant\u00e1ltan a szegedi kassz\u00e1nak is, ami \u00edgy sem \u00e1ll t\u00fal j\u00f3l. Szeged 2018-ban nagyj\u00e1b\u00f3l 1 milli\u00e1rd forintot szedett be ipar\u0171z\u00e9si ad\u00f3 c\u00edm\u00e9n, a legnagyobb befizet\u0151k a Pick, a Sole-Mizo, a Continental, a Hansa-Kontakt \u00e9s a MOL.<\/p>\n<p>&nbsp;<\/p>","protected":false},"excerpt":{"rendered":"<p>T\u00f6bbsz\u00e1z milli\u00f3s, egyes esetekben mill\u00e1rdos \u00f6sszeg\u0171 t\u00e1mogat\u00e1st \u00edt\u00e9lt a korm\u00e1ny sz\u00e1mos megyei jog\u00fa v\u00e1rosnak a legfrissebb Magyar K\u00f6zl\u00f6nyben. A list\u00e1val azonban van egy kis bibi: nem korm\u00e1nyp\u00e1rti v\u00e1rosok alig szerepelnek rajta, s ha m\u00e9gis, akkor sem k\u00f6lthetnek ak\u00e1rmire.<\/p>","protected":false},"author":1,"featured_media":0,"comment_status":"closed","ping_status":"closed","sticky":false,"template":"","format":"standard","meta":{"_seopress_robots_primary_cat":"none"},"categories":[4],"tags":[819,3597,502,2307],"acf":[],"amp_enabled":true,"_links":{"self":[{"href":"https:\/\/szegederarchivum.hu\/en\/wp-json\/wp\/v2\/posts\/46373"}],"collection":[{"href":"https:\/\/szegederarchivum.hu\/en\/wp-json\/wp\/v2\/posts"}],"about":[{"href":"https:\/\/szegederarchivum.hu\/en\/wp-json\/wp\/v2\/types\/post"}],"author":[{"embeddable":true,"href":"https:\/\/szegederarchivum.hu\/en\/wp-json\/wp\/v2\/users\/1"}],"replies":[{"embeddable":true,"href":"https:\/\/szegederarchivum.hu\/en\/wp-json\/wp\/v2\/comments?post=46373"}],"version-history":[{"count":3,"href":"https:\/\/szegederarchivum.hu\/en\/wp-json\/wp\/v2\/posts\/46373\/revisions"}],"predecessor-version":[{"id":46377,"href":"https:\/\/szegederarchivum.hu\/en\/wp-json\/wp\/v2\/posts\/46373\/revisions\/46377"}],"wp:attachment":[{"href":"https:\/\/szegederarchivum.hu\/en\/wp-json\/wp\/v2\/media?parent=46373"}],"wp:term":[{"taxonomy":"category","embeddable":true,"href":"https:\/\/szegederarchivum.hu\/en\/wp-json\/wp\/v2\/categories?post=46373"},{"taxonomy":"post_tag","embeddable":true,"href":"https:\/\/szegederarchivum.hu\/en\/wp-json\/wp\/v2\/tags?post=46373"}],"curies":[{"name":"wp","href":"https:\/\/api.w.org\/{rel}","templated":true}]}}