{"id":46479,"date":"2020-12-28T21:12:24","date_gmt":"2020-12-28T20:12:24","guid":{"rendered":"https:\/\/szegederarchivum.hu\/?p=46479"},"modified":"2020-12-30T13:56:55","modified_gmt":"2020-12-30T12:56:55","slug":"profi-studiot-epitett-egy-szegedi-rendezvenyszervezo-ingyen-adja-helyi-zeneszeknek","status":"publish","type":"post","link":"https:\/\/szegederarchivum.hu\/en\/profi-studiot-epitett-egy-szegedi-rendezvenyszervezo-ingyen-adja-helyi-zeneszeknek\/","title":{"rendered":"Professzion\u00e1lis st\u00fadi\u00f3t \u00e9p\u00edtett egy szegedi rendezv\u00e9nyszolg\u00e1ltat\u00f3, helyi zen\u00e9szeknek seg\u00edtenek"},"content":{"rendered":"<p><strong>T\u00f6bb szegedi v\u00e1llalkoz\u00e1st \u00f6sszefogva, a Sz\u0171cs Empire \u00e9s az Eventech Rendezv\u00e9nytechnika csapata l\u00e9trehozott egy t\u00f6bb milli\u00f3 forint \u00e9rt\u00e9k\u0171 st\u00fadi\u00f3t. A Cserzy Mih\u00e1ly utcai helysz\u00ednt k\u00f6lcs\u00f6n adj\u00e1k helyi zen\u00e9szeknek, hogy ott k\u00e9sz\u00edtsenek streameket.<\/strong><\/p>\n<p>Sz\u0171cs Gerg\u0151 \u00e9s Ol\u00e1h Marcell a meg\u00e1lmod\u00f3i annak a szegedi kezdem\u00e9nyez\u00e9snek, ami sz\u00ednteret adott m\u00e1r sz\u00e1mos munka n\u00e9lk\u00fcl maradt helyi fell\u00e9p\u0151nek. A lemezlovasok mellett zenekarok is professzion\u00e1lis hangtechnika k\u00eds\u00e9ret\u00e9vel, kit\u0171n\u0151 vide\u00f3anyagok elk\u00e9sz\u00edt\u00e9s\u00e9re kaptak lehet\u0151s\u00e9get. A Szegeden m\u00e1r j\u00f3l ismert <em>Sz\u00fccsi \u00e9s Marci<\/em> a v\u00e1ros legjelent\u0151sebb rendezv\u00e9nyein dolgoztak a j\u00e1rv\u00e1nyhelyzet be\u00e1llt\u00e1ig, \u00edgy \u0151ket is nehezen \u00e9rintette a kialakult \u00e1llapot. Elmond\u00e1suk szerint a munk\u00e1juk ir\u00e1nti elhivatotts\u00e1g miatt \u00e9rezt\u00e9k \u00fagy, hogy ebbe az \u00faj projektbe belev\u00e1gnak. Egy\u00fcttm\u0171k\u00f6d\u0151 partnereiket (p\u00e9ld\u00e1ul a Pro Electro, a TC Event, a Bacsa Event \u00e9s a Redfocus Films) meggy\u0151zve, n\u00e9h\u00e1ny napos tervez\u00e9s \u00e9s \u00e9p\u00edtkez\u00e9s ut\u00e1n hozt\u00e1k l\u00e9tre Szeged els\u0151 online fesztiv\u00e1l nagysz\u00ednpad\u00e1t.<\/p>\n<p>Amint elk\u00e9sz\u00fclt a helysz\u00edn, felkerest\u00e9k azokat a fell\u00e9p\u0151ket a v\u00e1rosban, akik \u00e9rdekeltek lehetnek ebben, majd elkezdt\u00e9k a forgat\u00e1sokat. Els\u0151k\u00e9nt dj-kel \u00f6sszefogva kezdtek el vide\u00f3anyagokat felvenni. A tov\u00e1bbiakban a zenekarok \u00e9s egy\u00e9b m\u0171sorszerkezetek vannak tervben.<\/p>\n<figure style=\"width: 1600px\" class=\"wp-caption alignnone\"><img decoding=\"async\" loading=\"lazy\" src=\"https:\/\/live.staticflickr.com\/65535\/50771467413_f79cc6190a_h.jpg\" alt=\"\" width=\"1600\" height=\"1068\" \/><figcaption class=\"wp-caption-text\">Fot\u00f3k: Sz\u0171cs Empire<\/figcaption><\/figure>\n<p>A st\u00fadi\u00f3 professzion\u00e1lis hang- \u00e9s f\u00e9nytechnikai eszk\u00f6z\u00f6kkel lett felszerelve, k\u00e9t ultra HD monitorral \u00e9s egy nagym\u00e9ret\u0171 LED fallal. Minden zenekar sz\u00e1m\u00e1ra teljesen \u00faj dekor\u00e1ci\u00f3t \u00e9p\u00edtettek fel, \u00edgy egyedibb\u00e9 t\u00e9ve a felv\u00e9teleket. Minden anyagot egy komplett csapat k\u00e9sz\u00edt el, k\u00e9t operat\u0151rrel, f\u00e9ny- \u00e9s hangtechnikusokkal. Eddig forgattak m\u00e1r olyan fell\u00e9p\u0151kkel, mint <a href=\"https:\/\/www.youtube.com\/watch?v=NadLCNAlLYE\" target=\"_blank\" rel=\"noopener noreferrer\">GNU<\/a>, <a href=\"https:\/\/youtu.be\/xEzuy-MvxKU\" target=\"_blank\" rel=\"noopener noreferrer\">Corvin<\/a>, BigBill, Szemm\u00e1rly, a <a href=\"https:\/\/www.youtube.com\/watch?v=lGeC5R4KMBA\" target=\"_blank\" rel=\"noopener noreferrer\">Reppszakk\u00f6r<\/a>, vagy a Haraszti \u00c1d\u00e1m Projekt. Az elk\u00e9sz\u00fclt anyagokat a rajong\u00f3k megtekinthetik a fell\u00e9p\u0151k Facebook-oldal\u00e1n, illetve a Sz\u0171cs Empire Youtube-csatorn\u00e1j\u00e1n.<\/p>\n<blockquote class=\"embedly-card\" data-card-controls=\"0\" data-card-align=\"center\" data-card-theme=\"light\">\n<h4><a href=\"https:\/\/www.youtube.com\/watch?v=lGeC5R4KMBA\">WeMakeEvents &#8211; Reppszakk\u00f6r Live Set<\/a><\/h4>\n<p>DJ: Fikt\u00edv aka Courage X Menz-Sound &#038; Light: Sz\u0171csEmpire x Eventech-Video: Pro Electro-Truss: TC Event-Led: Bacsa Event-Editor: Redfocus FilmsFollow Reppsza&#8230;<\/p>\n<\/blockquote>\n<p><script async src=\"\/\/cdn.embedly.com\/widgets\/platform.js\" charset=\"UTF-8\"><\/script><\/p>\n<p>&nbsp;<\/p>","protected":false},"excerpt":{"rendered":"<p>T\u00f6bb szegedi v\u00e1llalkoz\u00e1st \u00f6sszefogva, a Sz\u0171cs Empire \u00e9s az Eventech Rendezv\u00e9nytechnika csapata l\u00e9trehozott egy t\u00f6bb milli\u00f3 forint \u00e9rt\u00e9k\u0171 st\u00fadi\u00f3t. A Cserzy Mih\u00e1ly utcai helysz\u00ednt ingyen adj\u00e1k k\u00f6lcs\u00f6n helyi zen\u00e9szeknek, hogy ott k\u00e9sz\u00edtsenek streameket.<\/p>","protected":false},"author":24,"featured_media":46483,"comment_status":"closed","ping_status":"closed","sticky":false,"template":"","format":"standard","meta":{"_seopress_robots_primary_cat":"none"},"categories":[986],"tags":[4650,4649,4648,4647,4651,4646,1459],"acf":[],"amp_enabled":true,"_links":{"self":[{"href":"https:\/\/szegederarchivum.hu\/en\/wp-json\/wp\/v2\/posts\/46479"}],"collection":[{"href":"https:\/\/szegederarchivum.hu\/en\/wp-json\/wp\/v2\/posts"}],"about":[{"href":"https:\/\/szegederarchivum.hu\/en\/wp-json\/wp\/v2\/types\/post"}],"author":[{"embeddable":true,"href":"https:\/\/szegederarchivum.hu\/en\/wp-json\/wp\/v2\/users\/24"}],"replies":[{"embeddable":true,"href":"https:\/\/szegederarchivum.hu\/en\/wp-json\/wp\/v2\/comments?post=46479"}],"version-history":[{"count":15,"href":"https:\/\/szegederarchivum.hu\/en\/wp-json\/wp\/v2\/posts\/46479\/revisions"}],"predecessor-version":[{"id":46565,"href":"https:\/\/szegederarchivum.hu\/en\/wp-json\/wp\/v2\/posts\/46479\/revisions\/46565"}],"wp:featuredmedia":[{"embeddable":true,"href":"https:\/\/szegederarchivum.hu\/en\/wp-json\/wp\/v2\/media\/46483"}],"wp:attachment":[{"href":"https:\/\/szegederarchivum.hu\/en\/wp-json\/wp\/v2\/media?parent=46479"}],"wp:term":[{"taxonomy":"category","embeddable":true,"href":"https:\/\/szegederarchivum.hu\/en\/wp-json\/wp\/v2\/categories?post=46479"},{"taxonomy":"post_tag","embeddable":true,"href":"https:\/\/szegederarchivum.hu\/en\/wp-json\/wp\/v2\/tags?post=46479"}],"curies":[{"name":"wp","href":"https:\/\/api.w.org\/{rel}","templated":true}]}}