{"id":46529,"date":"2020-12-29T15:37:59","date_gmt":"2020-12-29T14:37:59","guid":{"rendered":"https:\/\/szegederarchivum.hu\/?p=46529"},"modified":"2020-12-29T15:50:55","modified_gmt":"2020-12-29T14:50:55","slug":"botka-lediktaruzata-a-fideszt-a-fidesz-meg-botkat","status":"publish","type":"post","link":"https:\/\/szegederarchivum.hu\/en\/botka-lediktaruzata-a-fideszt-a-fidesz-meg-botkat\/","title":{"rendered":"Botka lediktat\u00far\u00e1zta a Fideszt, a Fidesz meg Botk\u00e1t"},"content":{"rendered":"<p><em><strong>Botka elvt\u00e1rs diktat\u00far\u00e1ja\u00a0<\/strong><\/em><strong>c\u00edmmel k\u00fcld\u00f6tt szerkeszt\u0151s\u00e9g\u00fcnknek sajt\u00f3k\u00f6zlem\u00e9ny a szegedi Fidesz. Ebben azt kifog\u00e1solj\u00e1k (megint), hogy a szegedi polg\u00e1rmester k\u00f6z\u00f6ss\u00e9gi oldal\u00e1n felsz\u00f3lalt a korm\u00e1ny ipar\u0171z\u00e9si ad\u00f3kat cs\u00f6kkent\u0151 d\u00f6nt\u00e9se ellen. A lev\u00e9lben az elvt\u00e1rs sz\u00f3 h\u00e9tszer szerepel.<\/strong><\/p>\n<p>Mint ismert, a korm\u00e1ny az ipar\u0171z\u00e9si ad\u00f3 fel\u00e9t a v\u00e1llalkoz\u00f3kn\u00e1l hagyta <a href=\"https:\/\/szegederarchivum.hu\/ezeket-a-gazdasagi-intezkedeseket-jelentette-be-orban-viktor\/\" target=\"_blank\" rel=\"noopener noreferrer\">kor\u00e1bbi d\u00f6nt\u00e9s\u00e9vel<\/a>. Neh\u00e9z Orb\u00e1n Viktor fej\u00e9be l\u00e1tni, hiszen egyszerre mondhatjuk, hogy j\u00f3t tett, \u00e9s azt is, hogy rosszat. J\u00f3t tett, hiszen ezzel megseg\u00edtette a kisv\u00e1llalkoz\u00e1sokat, ugyanakkor m\u00e9gsem, hiszen nem a korm\u00e1ny kassz\u00e1ja lesz \u00edgy k\u00f6nnyebb, hanem az \u00f6nkorm\u00e1nyzatok\u00e9; az ipar\u0171z\u00e9si ad\u00f3t a v\u00e1rosoknak fizetik, nem az \u00e1llamnak. Sokan mondj\u00e1k erre azt, hogy a korm\u00e1ny sz\u00e1nd\u00e9kosan az \u00f6nkorm\u00e1nyzatokat szorongatja ezzel, azok k\u00f6z\u00fcl is term\u00e9szetesen els\u0151 sorban a nem korm\u00e1nyp\u00e1rtiakat. Erre persze mondhatn\u00e1nk, hogy de hiszen a fideszes v\u00e1rosok is fele annyi ipar\u0171z\u00e9siad\u00f3-bev\u00e9tellel sz\u00e1molhatnak ezut\u00e1n, de <a href=\"https:\/\/szegederarchivum.hu\/szeged-egy-fillert-sem-kap-fideszes-varosok-milliardokat-a-kormany-karacsonykor-megjelent-tamogatasabol\/\" target=\"_blank\" rel=\"noopener noreferrer\">ezen v\u00e1rosokat k\u00fcl\u00f6n t\u00e1mogat\u00e1ssal seg\u00edti meg a korm\u00e1ny<\/a>.<\/p>\n<figure style=\"width: 1280px\" class=\"wp-caption alignnone\"><img decoding=\"async\" loading=\"lazy\" src=\"https:\/\/live.staticflickr.com\/65535\/50775392442_d0f462fe08_o.jpg\" alt=\"\" width=\"1280\" height=\"720\" \/><figcaption class=\"wp-caption-text\">Orb\u00e1n Viktor \u00e9s Botka L\u00e1szl\u00f3 a szegedi v\u00e1rosh\u00e1z\u00e1n 2017-ben. Fot\u00f3: Iv\u00e1nyi Aur\u00e9l \/ Szeged.hu<\/figcaption><\/figure>\n<p>A szegedi Fidesz most k\u00f6zlem\u00e9ny\u00e9ben azt \u00edrja, \u201e\u00f6bl\u00f6set diktat\u00far\u00e1zott Botka elvt\u00e1rs a Facebookon, amit a helyi, k\u00f6zp\u00e9nzekb\u0151l fizetett csel\u00e9dsajt\u00f3ja, a szeged.hu szolgaian szeml\u00e9zett\u201d. Pontosan nem nevezt\u00e9k meg, hogy Botka mely posztj\u00e1r\u00f3l van sz\u00f3, de nem kell sok\u00e1ig keresgetni a szegedi polg\u00e1rmester Facebookj\u00e1n, hogy <a href=\"https:\/\/www.facebook.com\/page\/122148514472963\/search\/?q=diktat%C3%BAra\" target=\"_blank\" rel=\"noopener noreferrer\">a diktat\u00fara sz\u00f3ra bukkanjunk<\/a>. Legut\u00f3bb h\u00e9tf\u0151n posztolt a polg\u00e1rmester, az ipar\u0171z\u00e9si ad\u00f3val kapcsolatban:<\/p>\n<p>\u201eA korma\u0301ny egy tollvona\u0301ssal elveszi a va\u0301rosok iparu\u030bze\u0301si ado\u0301ja\u0301nak nagy re\u0301sze\u0301t, egy ma\u0301sikkal pedig ka\u0301rpo\u0301tolja azokat, ahol tavaly nem szenvedett csu\u0301fos verese\u0301get a Fidesz. Ko\u0308zben 400 millia\u0301rd forint ko\u0308zpe\u0301nzzel to\u0308mik ki az u\u0301jonnan kib\u0151v\u00edtett fideszes Mathias Corvinus Collegiumot, amely gra\u0301tiszke\u0301nt me\u0301g a re\u0301vfu\u0308lo\u0308pi kiko\u0308to\u030bt is megkapta. O\u0308sszehasonli\u0301ta\u0301ske\u0301ppen: ez az o\u0308sszeg a Szegedi Tudoma\u0301nyegyetem 8 e\u0301ves ko\u0308ltse\u0301gvete\u0301se\u0301nek felel meg. Ez nem korma\u0301nyza\u0301s, hanem o\u0308nke\u0301ny. Ahol pedig az embereket politikai ve\u0301leme\u0301nyu\u0308ke\u0301rt bu\u0308ntetik, u\u0301gy hi\u0301vja\u0301k: diktatu\u0301ra!\u201d<\/p>\n<blockquote class=\"embedly-card\" data-card-controls=\"0\" data-card-align=\"center\" data-card-theme=\"light\">\n<h4><a href=\"https:\/\/www.facebook.com\/drbotkalaszlo\/posts\/3782356238452154\">Log into Facebook<\/a><\/h4>\n<p>Log into Facebook to start sharing and connecting with your friends, family, and people you know.<\/p>\n<\/blockquote>\n<p><script async src=\"\/\/cdn.embedly.com\/widgets\/platform.js\" charset=\"UTF-8\"><\/script><\/p>\n<p>A Fidesz helyi szervezete szerint Botka \u00f6sszekeveri a szezont a fazonnal, \u00e9s az f\u00e1j neki, hogy a korm\u00e1ny elengedte a kis- \u00e9s k\u00f6zepes v\u00e1llalkoz\u00e1sok ad\u00f3j\u00e1nak fel\u00e9t. \u201eVajon ilyen dikt\u00e1toros antr\u00e9val akar majd t\u00e1rgyalni a korm\u00e1nnyal, korm\u00e1nyf\u0151vel a kimarad\u00f3 ad\u00f3bev\u00e9telek kompenz\u00e1ci\u00f3j\u00e1r\u00f3l is!? Mi\u00e9rt s\u00fajtja a szegedieket ezzel az idi\u00f3ta ellenkez\u00e9ssel \u00e9s hozz\u00e1\u00e1ll\u00e1ssal?\u201d<\/p>\n<p>Mindez egy\u00e9bk\u00e9nt az\u00e9rt is \u00e9rdekes, mert legut\u00f3bb <a href=\"https:\/\/szegederarchivum.hu\/a-szegedi-fidesz-szerint-alsagos-es-visszataszito-ahogyan-botka-laszlo-panaszkodik-az-iparuzesi-ado-csokkentesen\/\" target=\"_blank\" rel=\"noopener noreferrer\">december 22-\u00e9n m\u00e1r adott ki k\u00f6zlem\u00e9nyt<\/a> a szegedi Fidesz ugyanebben a t\u00e9m\u00e1ban. Akkor a polg\u00e1rmester gazdas\u00e1gi int\u00e9zked\u00e9seit kritiz\u00e1lt\u00e1k els\u0151sorban.<\/p>\n<p>A keddi k\u00f6zlem\u00e9ny egy t\u00f6m\u00e9ny elm\u00faltnyolc\u00e9vez\u00e9ssel folytat\u00f3dik, melyben azt \u00edrj\u00e1k, hogy az \u201enem okozott f\u00e1jdalmat Botka elvt\u00e1rsnak, amikor a Gyurcs\u00e1ny nev\u0171 minisztereln\u00f6ke szemeket l\u00f6vetett ki a pesti utc\u00e1n, \u00e9s rend\u0151rattakot vez\u00e9nyelt a magyarok ellen az &#8217;56-os forradalom 50. \u00e9vfordul\u00f3j\u00e1n. Az se f\u00e1jt Botka elvt\u00e1rsnak soha, hogy \u0151 szem\u00e9lyesen is megszavazta a gy\u00f3gyszer- g\u00e1z-, villany\u00e1remel\u00e9seket, ahogyan rendre megszavazta Gyurcs\u00e1ny sorozatos ad\u00f3emel\u00e9seit \u00e9s megszor\u00edt\u00e1sait is. Azt is megszavazta Botka elvt\u00e1rs annak idej\u00e9n, hogy Magyarorsz\u00e1gon r\u00fagjanak ki 3000 orvost \u00e9s 6000 eg\u00e9szs\u00e9g\u00fcgyi szakdolgoz\u00f3t, ahogyan Szegeden Botka is szem\u00e9lyesen megszavazta a II-es K\u00f3rh\u00e1z bez\u00e1r\u00e1s\u00e1t. Botk\u00e1nak az \u00e9j leple alatt elk\u00f6vetett piacd\u00f3zerol\u00e1s se f\u00e1jt, nem zavart\u00e1k a t\u00f6nkretett kiskeresked\u0151k, \u00e9s az se zavarta soha, hogy a szegedi b\u00edr\u00f3s\u00e1gokon olyanok \u00edt\u00e9lkeznek, akik az egykori p\u00e1rt\u00e1llami v\u00f6r\u00f6s polip tagjai. Ennyit a diktat\u00far\u00e1r\u00f3l, Botka elvt\u00e1rs.\u201d<\/p>\n<p>&nbsp;<\/p>","protected":false},"excerpt":{"rendered":"<p>Botka elvt\u00e1rs diktat\u00far\u00e1ja\u00a0c\u00edmmel k\u00fcld\u00f6tt szerkeszt\u0151s\u00e9g\u00fcnknek sajt\u00f3k\u00f6zlem\u00e9ny a szegedi Fidesz. Ebben azt kifog\u00e1solj\u00e1k (megint), hogy a szegedi polg\u00e1rmester k\u00f6z\u00f6ss\u00e9gi oldal\u00e1n felsz\u00f3lalt a korm\u00e1ny ipar\u0171z\u00e9si ad\u00f3kat cs\u00f6kkent\u0151 d\u00f6nt\u00e9se ellen. A lev\u00e9lben az elvt\u00e1rs sz\u00f3 h\u00e9tszer szerepel.<\/p>","protected":false},"author":1,"featured_media":0,"comment_status":"closed","ping_status":"closed","sticky":false,"template":"","format":"standard","meta":{"_seopress_robots_primary_cat":"none"},"categories":[4],"tags":[444,819,4579,1863],"acf":[],"amp_enabled":true,"_links":{"self":[{"href":"https:\/\/szegederarchivum.hu\/en\/wp-json\/wp\/v2\/posts\/46529"}],"collection":[{"href":"https:\/\/szegederarchivum.hu\/en\/wp-json\/wp\/v2\/posts"}],"about":[{"href":"https:\/\/szegederarchivum.hu\/en\/wp-json\/wp\/v2\/types\/post"}],"author":[{"embeddable":true,"href":"https:\/\/szegederarchivum.hu\/en\/wp-json\/wp\/v2\/users\/1"}],"replies":[{"embeddable":true,"href":"https:\/\/szegederarchivum.hu\/en\/wp-json\/wp\/v2\/comments?post=46529"}],"version-history":[{"count":9,"href":"https:\/\/szegederarchivum.hu\/en\/wp-json\/wp\/v2\/posts\/46529\/revisions"}],"predecessor-version":[{"id":46539,"href":"https:\/\/szegederarchivum.hu\/en\/wp-json\/wp\/v2\/posts\/46529\/revisions\/46539"}],"wp:attachment":[{"href":"https:\/\/szegederarchivum.hu\/en\/wp-json\/wp\/v2\/media?parent=46529"}],"wp:term":[{"taxonomy":"category","embeddable":true,"href":"https:\/\/szegederarchivum.hu\/en\/wp-json\/wp\/v2\/categories?post=46529"},{"taxonomy":"post_tag","embeddable":true,"href":"https:\/\/szegederarchivum.hu\/en\/wp-json\/wp\/v2\/tags?post=46529"}],"curies":[{"name":"wp","href":"https:\/\/api.w.org\/{rel}","templated":true}]}}