{"id":46576,"date":"2020-12-30T19:04:31","date_gmt":"2020-12-30T18:04:31","guid":{"rendered":"https:\/\/szegederarchivum.hu\/?p=46576"},"modified":"2020-12-30T19:04:31","modified_gmt":"2020-12-30T18:04:31","slug":"2500-szegedi-oltasat-kezdik-meg-holnap","status":"publish","type":"post","link":"https:\/\/szegederarchivum.hu\/en\/2500-szegedi-oltasat-kezdik-meg-holnap\/","title":{"rendered":"2500 szegedi olt\u00e1s\u00e1t kezdik meg holnap"},"content":{"rendered":"<p><strong>Tov\u00e1bbi vid\u00e9ki k\u00f3rh\u00e1zakba \u2013 P\u00e9csre, Ny\u00edregyh\u00e1z\u00e1ra \u00e9s Szegedre \u2013 is meg\u00e9rkezett a koronav\u00edrus elleni vakcinasz\u00e1ll\u00edtm\u00e1ny szerd\u00e1n kora d\u00e9lut\u00e1n. Szegedre 5000 adag \u00e9rkezett, ennek fel\u00e9vel m\u00e1r cs\u00fct\u00f6rt\u00f6k\u00f6n megkezdik az eg\u00e9szs\u00e9g\u00fcgyi dolgoz\u00f3k, valamint a ment\u0151s\u00f6k beolt\u00e1s\u00e1t.<\/strong><\/p>\n<p>Mint azt \u00edrtuk napk\u00f6zben, egy UPS-furgon sz\u00e1ll\u00edtotta le szerd\u00e1n kora d\u00e9lut\u00e1n a vakcin\u00e1t, amit a klinikakertben adtak \u00e1t az egyetemi fogad\u00f3csoportnak. A helysz\u00ednen a rend\u0151rs\u00e9g is jelen volt, biztos\u00edtott\u00e1k a sz\u00e1ll\u00edtm\u00e1ny biztons\u00e1gos \u00e1tv\u00e9tel\u00e9t. A vakcin\u00e1t m\u00ednusz 80 Celsius-fokon t\u00e1rolj\u00e1k speci\u00e1lis h\u0171t\u0151szekr\u00e9nyekben.<\/p>\n<p>A Szegedi Tudom\u00e1nyegyetem Szent-Gy\u00f6rgyi Albert Klinikai K\u00f6zpontba \u00e9rkezett sz\u00e1ll\u00edtm\u00e1nyb\u00f3l cs\u00fct\u00f6rt\u00f6k\u00f6n kezdik meg 2500 ember beolt\u00e1s\u00e1t<\/p>\n<p>Az MTI azt \u00edrja, el\u0151sz\u00f6r<\/p>\n<ul>\n<li>az intenz\u00edv \u00e9s Covid-oszt\u00e1lyon dolgoz\u00f3k, valamint<\/li>\n<li>a ment\u0151szolg\u00e1lat munkat\u00e1rsai<\/li>\n<\/ul>\n<p>kapj\u00e1k meg az olt\u00f3anyagot.<\/p>\n<figure style=\"width: 1600px\" class=\"wp-caption alignnone\"><img decoding=\"async\" loading=\"lazy\" src=\"https:\/\/live.staticflickr.com\/65535\/50780038251_10dcda4cb7_h.jpg\" alt=\"\" width=\"1600\" height=\"1067\" \/><figcaption class=\"wp-caption-text\">Ver\u00e9b Zolt\u00e1n tudom\u00e1nyos munkat\u00e1rs a Szegedi Tudom\u00e1nyegyetem Szent-Gy\u00f6rgyi Albert Klinikai K\u00f6zpont B\u0151rgy\u00f3gy\u00e1szati \u00e9s Allergol\u00f3giai Klinik\u00e1j\u00e1ra \u00e9rkezett Pfizer-BioNTech vakcin\u00e1t pakolja 2020. december 30-\u00e1n. Fot\u00f3: Rosta Tibor \/ MTI<\/figcaption><\/figure>\n<p>A tervek szerint egy nap nagyj\u00e1b\u00f3l 100 embert oltanak be majd. Az M1 Szegeden tart\u00f3zkod\u00f3 tud\u00f3s\u00edt\u00f3ja szerint a klinikai k\u00f6zpont eln\u00f6ke azt hangs\u00falyozta: mindenkinek a saj\u00e1t, \u00e9s a t\u00e1rsadalom \u00e9rdeke is, hogy beadass\u00e1k a v\u00e9d\u0151olt\u00e1st.<\/p>\n<p>Az Eur\u00f3pai Gy\u00f3gyszer\u00fcgyn\u00f6ks\u00e9g december 21-\u00e9n t\u00f6rzsk\u00f6nyvezte a Pfizer-BioNTech Covid-19-ellenes olt\u00f3anyag\u00e1t, december 26-\u00e1n \u00e9rkezett Magyarorsz\u00e1gra az els\u0151 sz\u00e1ll\u00edtm\u00e1ny, 9750 olt\u00f3anyag, amelyet \u00f6t olt\u00f3pontra vittek.<\/p>\n<p>Ezt k\u00f6vet\u0151en \u00e9rkezett Magyarorsz\u00e1gra szerd\u00e1n 70 ezer vakcina, amely 35 ezer ember k\u00e9tszeri olt\u00e1s\u00e1ra elegend\u0151, ezeket a vakcin\u00e1kat sz\u00e1ll\u00edtott\u00e1k ki orsz\u00e1gszerte, t\u00f6bbek k\u00f6z\u00f6tt Szegedre is.<\/p>\n<p>&nbsp;<\/p>\n<p><em>Nyit\u00f3k\u00e9p: Rosta Tibor \/ MTI<\/em><\/p>\n<p>&nbsp;<\/p>","protected":false},"excerpt":{"rendered":"<p>Tov\u00e1bbi vid\u00e9ki k\u00f3rh\u00e1zakba \u2013 P\u00e9csre, Ny\u00edregyh\u00e1z\u00e1ra \u00e9s Szegedre \u2013 is meg\u00e9rkezett a koronav\u00edrus elleni vakcinasz\u00e1ll\u00edtm\u00e1ny szerd\u00e1n kora d\u00e9lut\u00e1n. Szegedre 5000 adag \u00e9rkezett, ennek fel\u00e9vel m\u00e1r cs\u00fct\u00f6rt\u00f6k\u00f6n megkezdik az eg\u00e9szs\u00e9g\u00fcgyi dolgoz\u00f3k, valamint a ment\u0151s\u00f6k beolt\u00e1s\u00e1t.<\/p>","protected":false},"author":1,"featured_media":46579,"comment_status":"closed","ping_status":"closed","sticky":false,"template":"","format":"standard","meta":{"_seopress_robots_primary_cat":"none"},"categories":[4],"tags":[3597,4616,3803,4536],"acf":[],"amp_enabled":true,"_links":{"self":[{"href":"https:\/\/szegederarchivum.hu\/en\/wp-json\/wp\/v2\/posts\/46576"}],"collection":[{"href":"https:\/\/szegederarchivum.hu\/en\/wp-json\/wp\/v2\/posts"}],"about":[{"href":"https:\/\/szegederarchivum.hu\/en\/wp-json\/wp\/v2\/types\/post"}],"author":[{"embeddable":true,"href":"https:\/\/szegederarchivum.hu\/en\/wp-json\/wp\/v2\/users\/1"}],"replies":[{"embeddable":true,"href":"https:\/\/szegederarchivum.hu\/en\/wp-json\/wp\/v2\/comments?post=46576"}],"version-history":[{"count":1,"href":"https:\/\/szegederarchivum.hu\/en\/wp-json\/wp\/v2\/posts\/46576\/revisions"}],"predecessor-version":[{"id":46578,"href":"https:\/\/szegederarchivum.hu\/en\/wp-json\/wp\/v2\/posts\/46576\/revisions\/46578"}],"wp:featuredmedia":[{"embeddable":true,"href":"https:\/\/szegederarchivum.hu\/en\/wp-json\/wp\/v2\/media\/46579"}],"wp:attachment":[{"href":"https:\/\/szegederarchivum.hu\/en\/wp-json\/wp\/v2\/media?parent=46576"}],"wp:term":[{"taxonomy":"category","embeddable":true,"href":"https:\/\/szegederarchivum.hu\/en\/wp-json\/wp\/v2\/categories?post=46576"},{"taxonomy":"post_tag","embeddable":true,"href":"https:\/\/szegederarchivum.hu\/en\/wp-json\/wp\/v2\/tags?post=46576"}],"curies":[{"name":"wp","href":"https:\/\/api.w.org\/{rel}","templated":true}]}}