{"id":47045,"date":"2021-01-17T10:49:26","date_gmt":"2021-01-17T09:49:26","guid":{"rendered":"https:\/\/szegederarchivum.hu\/?p=47045"},"modified":"2021-01-17T10:50:34","modified_gmt":"2021-01-17T09:50:34","slug":"nem-vittek-el-a-szelektivkukat-kiakadt-a-szegedi-fidesz","status":"publish","type":"post","link":"https:\/\/szegederarchivum.hu\/en\/nem-vittek-el-a-szelektivkukat-kiakadt-a-szegedi-fidesz\/","title":{"rendered":"Nem vitt\u00e9k el a szelekt\u00edvkuk\u00e1t, kiakadt a szegedi Fidesz"},"content":{"rendered":"<p><strong>Sajt\u00f3k\u00f6zlem\u00e9nyben k\u00e9ri sz\u00e1mon a szegedi Fidesz az \u00f6nkorm\u00e1nyzaton, hogy a 2021 elej\u00e9n mi\u00e9rt nem sz\u00e1ll\u00edtott\u00e1k el a s\u00e1rga kuk\u00e1kat. A k\u00f6rnyezetgazd\u00e1lkod\u00e1s azzal <a href=\"https:\/\/www.szegedihulladek.hu\/hirek\/2021\/01\/12\/T%c3%a1j%c3%a9koztat%c3%a1s-a-2020-%c3%a9v-v%c3%a9gi-%c3%a9s-2021-%c3%a9v-eleji-szelekt%c3%adv-hullad%c3%a9ksz%c3%a1ll%c3%adt%c3%a1sr%c3%b3l\" target=\"_blank\" rel=\"noopener noreferrer\">indokol<\/a>, hogy 2020 is p\u00e1ratlan h\u00e9ttel v\u00e9gz\u0151d\u00f6tt, \u00e9s 2021 is p\u00e1ratlannal indult \u2013 ez\u00e9rt janu\u00e1r 4. \u00e9s 15. k\u00f6z\u00f6tt sz\u00fcneteltett\u00e9k a sz\u00e1ll\u00edt\u00e1st.<\/strong><\/p>\n<p>\u201eH\u00e1rom hete nem viszik el a szelekt\u00edv hullad\u00e9kgy\u0171jt\u0151ket Szeged kertv\u00e1rosi r\u00e9szein\u201d \u2013 kezdi level\u00e9t a korm\u00e1nyp\u00e1rt szegedi szervezete. \u201eAz \u00f6nkorm\u00e1nyzati c\u00e9g a szeged.hu-n azzal az elk\u00e9peszt\u0151 magyar\u00e1zattal \u00e1llt el\u0151, ez az\u00e9rt nem t\u00f6rt\u00e9nt meg eddig, mert 2020. az 53. h\u00e9ttel z\u00e1rult, \u00e9s csak p\u00e1ratlan heteken sz\u00e1ll\u00edtj\u00e1k a s\u00e1rga kuk\u00e1kat. Ez, els\u0151 hall\u00e1sra ak\u00e1r \u00e9rthet\u0151 is lenne, azonban Szeged lak\u00f3i hozz\u00e1szoktak \u00e9s ki is fizett\u00e9k, hogy szelekt\u00edv hullad\u00e9kk\u00e9nt keletkez\u0151 szemet\u00fcket k\u00e9thetente elsz\u00e1ll\u00edts\u00e1k.\u201d<\/p>\n<p>A szegedi Fidesz szerint b\u00e1r minden szegedi er\u0151fesz\u00edt\u00e9seket tesz a z\u00f6ldebb k\u00f6rnyezet\u00e9rt azzal, hogy szelekt\u00edven t\u00e1rolja a hullad\u00e9k\u00e1t, \u201eaz is biztos, hogy ha nem f\u00e9r az egyik kuk\u00e1ba, h\u00e1t el\u0151bb vagy ut\u00f3bb beleker\u00fcl a m\u00e1sikba, hiszen a konyh\u00e1ban bizonyosan nem maradhat.\u201d<\/p>\n<p>Arra figyelmeztetnek, a napt\u00e1r, mely tartalmazza h\u00e1ny hetes lesz az \u00e9v, el\u00e9g hamar (minimum egy \u00e9vvel kor\u00e1bban) megismerhet\u0151, majd Mih\u00e1lik Edvinhez fordulnak: \u201eUgye Mih\u00e1lik Edvin Tan\u00e1csnok \u00dar?! Tal\u00e1n ha v\u00e9gezn\u00e9 a munk\u00e1j\u00e1t, gondoskodhatott volna az 53. h\u00e9ten esed\u00e9kes elsz\u00e1ll\u00edt\u00e1sok p\u00f3tsz\u00e1ll\u00edt\u00e1ssal t\u00f6rt\u00e9n\u0151 teljes\u00edt\u00e9s\u00e9r\u0151l! Tal\u00e1n csak gondolkodni kellett volna\u2026\u201d<\/p>\n<p>&nbsp;<\/p>","protected":false},"excerpt":{"rendered":"<p>Sajt\u00f3k\u00f6zlem\u00e9nyben k\u00e9ri sz\u00e1mon a szegedi Fidesz az \u00f6nkorm\u00e1nyzaton, hogy a 2021 elej\u00e9n mi\u00e9rt nem sz\u00e1ll\u00edtott\u00e1k el a s\u00e1rga kuk\u00e1kat. A k\u00f6rnyezetgazd\u00e1lkod\u00e1s azzal indokol, hogy 2020 is p\u00e1ratlan h\u00e9ttel v\u00e9gz\u0151d\u00f6tt, \u00e9s 2021 is p\u00e1ratlannal indult \u2013 ez\u00e9rt janu\u00e1r 4. \u00e9s 15. k\u00f6z\u00f6tt sz\u00fcneteltett\u00e9k a sz\u00e1ll\u00edt\u00e1st.<\/p>","protected":false},"author":1,"featured_media":0,"comment_status":"closed","ping_status":"closed","sticky":false,"template":"","format":"standard","meta":{"_seopress_robots_primary_cat":"none"},"categories":[4],"tags":[819,1705,4686],"acf":[],"amp_enabled":true,"_links":{"self":[{"href":"https:\/\/szegederarchivum.hu\/en\/wp-json\/wp\/v2\/posts\/47045"}],"collection":[{"href":"https:\/\/szegederarchivum.hu\/en\/wp-json\/wp\/v2\/posts"}],"about":[{"href":"https:\/\/szegederarchivum.hu\/en\/wp-json\/wp\/v2\/types\/post"}],"author":[{"embeddable":true,"href":"https:\/\/szegederarchivum.hu\/en\/wp-json\/wp\/v2\/users\/1"}],"replies":[{"embeddable":true,"href":"https:\/\/szegederarchivum.hu\/en\/wp-json\/wp\/v2\/comments?post=47045"}],"version-history":[{"count":2,"href":"https:\/\/szegederarchivum.hu\/en\/wp-json\/wp\/v2\/posts\/47045\/revisions"}],"predecessor-version":[{"id":47048,"href":"https:\/\/szegederarchivum.hu\/en\/wp-json\/wp\/v2\/posts\/47045\/revisions\/47048"}],"wp:attachment":[{"href":"https:\/\/szegederarchivum.hu\/en\/wp-json\/wp\/v2\/media?parent=47045"}],"wp:term":[{"taxonomy":"category","embeddable":true,"href":"https:\/\/szegederarchivum.hu\/en\/wp-json\/wp\/v2\/categories?post=47045"},{"taxonomy":"post_tag","embeddable":true,"href":"https:\/\/szegederarchivum.hu\/en\/wp-json\/wp\/v2\/tags?post=47045"}],"curies":[{"name":"wp","href":"https:\/\/api.w.org\/{rel}","templated":true}]}}