{"id":47758,"date":"2021-01-29T21:19:32","date_gmt":"2021-01-29T20:19:32","guid":{"rendered":"https:\/\/szegederarchivum.hu\/?p=47758"},"modified":"2021-01-29T21:19:32","modified_gmt":"2021-01-29T20:19:32","slug":"csak-a-baloldal-akart-cirkuszt-csinalni-az-szte-modellvaltasabol-a-fidesz-szerint","status":"publish","type":"post","link":"https:\/\/szegederarchivum.hu\/en\/csak-a-baloldal-akart-cirkuszt-csinalni-az-szte-modellvaltasabol-a-fidesz-szerint\/","title":{"rendered":"Csak a baloldal akart cirkuszt csin\u00e1lni az SZTE modellv\u00e1lt\u00e1s\u00e1b\u00f3l a Fidesz szerint"},"content":{"rendered":"<p>K\u00f6zlem\u00e9nyt k\u00fcld\u00f6tt szerkeszt\u0151s\u00e9g\u00fcnknek a szegedi Fidesz-frakci\u00f3. Szerint\u00fck <a href=\"https:\/\/szegederarchivum.hu\/megszavaztak-a-szegedi-tudomanyegyetem-modellvaltasat\/\" target=\"_blank\" rel=\"noopener\">a p\u00e9nteken megszavazott modellv\u00e1lt\u00e1st<\/a> k\u00f6vet\u0151en a Szegedi Tudom\u00e1nyegyetem egyszer\u0171bben hozz\u00e1f\u00e9rhet azon forr\u00e1sokhoz, melyeket a magyar korm\u00e1ny biztos\u00edt a fels\u0151oktat\u00e1snak a k\u00f6vetkez\u0151 k\u00e9t \u00e9vben.<\/p>\n<p>\u201eEz az \u00fcgy nem politikai \u00fcgy, csak a baloldal akart bel\u0151le cirkuszt csin\u00e1lni, ez egy szakmai \u00fcgy, \u00e9s az alap\u00edtv\u00e1nyi fenntart\u00e1s\u00fa fels\u0151oktat\u00e1snak Nyugat-Eur\u00f3p\u00e1ban \u00e9s az Egyes\u00fclt \u00c1llamokban nagy hagyom\u00e1nyai vannak\u201d \u2013 fogalmaznak a k\u00f6zlem\u00e9nyben, majd Orb\u00e1n Viktor szok\u00e1sos <a href=\"https:\/\/telex.hu\/belfold\/2021\/01\/29\/orban-kossuth-radio-interju-miniszterelnok-oltas-regisztracio-vakcina-szigoritas\" target=\"_blank\" rel=\"noopener\">p\u00e9ntek reggeli k\u00f6zr\u00e1di\u00f3-interj\u00faj\u00e1t<\/a> emlegett\u00e9k fel, melyben a minisztereln\u00f6k ma arr\u00f3l besz\u00e9lt, hogy az egyetemek fejleszt\u00e9s\u00e9re ford\u00edthat\u00f3 keret\u00f6sszeg \u00f6sszesen 1500 milli\u00e1rd forint lesz, \u00e9s ez a magyar t\u00f6rt\u00e9nelem valaha volt legnagyobb egyetemi fejleszt\u00e9s\u00e9t teszi lehet\u0151v\u00e9.<\/p>\n<p>A Bart\u00f3k Csaba-vezette szegedi Fidesz \u00fagy l\u00e1tja, hogy a szen\u00e1tus p\u00e9nteki d\u00f6nt\u00e9s\u00e9vel a Szegedi Tudom\u00e1nyegyetem \u00e9s hallgat\u00f3i is a XXI. sz\u00e1zad gy\u0151zteseiv\u00e9 v\u00e1lnak. A p\u00e1rt \u00fcdv\u00f6zli az egyetem amb\u00edci\u00f3j\u00e1t, hogy e forr\u00e1sok felhaszn\u00e1l\u00e1s\u00e1val az int\u00e9zm\u00e9ny az eur\u00f3pai ranglist\u00e1k \u00e9l\u00e9re ker\u00fclj\u00f6n.<\/p>\n<p>&nbsp;<\/p>","protected":false},"excerpt":{"rendered":"<p>A Bart\u00f3k Csaba-vezette szegedi Fidesz \u00fagy l\u00e1tja, hogy a szen\u00e1tus p\u00e9nteki d\u00f6nt\u00e9s\u00e9vel a Szegedi Tudom\u00e1nyegyetem \u00e9s hallgat\u00f3i is a XXI. sz\u00e1zad gy\u0151zteseiv\u00e9 v\u00e1lnak. A p\u00e1rt \u00fcdv\u00f6zli az egyetem amb\u00edci\u00f3j\u00e1t, hogy e forr\u00e1sok felhaszn\u00e1l\u00e1s\u00e1val az int\u00e9zm\u00e9ny az eur\u00f3pai ranglist\u00e1k \u00e9l\u00e9re ker\u00fclj\u00f6n.<\/p>","protected":false},"author":1,"featured_media":0,"comment_status":"closed","ping_status":"closed","sticky":false,"template":"","format":"standard","meta":{"_seopress_robots_primary_cat":"none"},"categories":[4],"tags":[819,4688,133],"acf":[],"amp_enabled":true,"_links":{"self":[{"href":"https:\/\/szegederarchivum.hu\/en\/wp-json\/wp\/v2\/posts\/47758"}],"collection":[{"href":"https:\/\/szegederarchivum.hu\/en\/wp-json\/wp\/v2\/posts"}],"about":[{"href":"https:\/\/szegederarchivum.hu\/en\/wp-json\/wp\/v2\/types\/post"}],"author":[{"embeddable":true,"href":"https:\/\/szegederarchivum.hu\/en\/wp-json\/wp\/v2\/users\/1"}],"replies":[{"embeddable":true,"href":"https:\/\/szegederarchivum.hu\/en\/wp-json\/wp\/v2\/comments?post=47758"}],"version-history":[{"count":2,"href":"https:\/\/szegederarchivum.hu\/en\/wp-json\/wp\/v2\/posts\/47758\/revisions"}],"predecessor-version":[{"id":47761,"href":"https:\/\/szegederarchivum.hu\/en\/wp-json\/wp\/v2\/posts\/47758\/revisions\/47761"}],"wp:attachment":[{"href":"https:\/\/szegederarchivum.hu\/en\/wp-json\/wp\/v2\/media?parent=47758"}],"wp:term":[{"taxonomy":"category","embeddable":true,"href":"https:\/\/szegederarchivum.hu\/en\/wp-json\/wp\/v2\/categories?post=47758"},{"taxonomy":"post_tag","embeddable":true,"href":"https:\/\/szegederarchivum.hu\/en\/wp-json\/wp\/v2\/tags?post=47758"}],"curies":[{"name":"wp","href":"https:\/\/api.w.org\/{rel}","templated":true}]}}