{"id":48233,"date":"2021-02-14T14:13:38","date_gmt":"2021-02-14T13:13:38","guid":{"rendered":"https:\/\/szegederarchivum.hu\/?p=48233"},"modified":"2021-02-14T14:13:38","modified_gmt":"2021-02-14T13:13:38","slug":"a-szegedi-fidesz-megdobbent-hogy-afacsalassal-vadoljak-delegaltjukat","status":"publish","type":"post","link":"https:\/\/szegederarchivum.hu\/en\/a-szegedi-fidesz-megdobbent-hogy-afacsalassal-vadoljak-delegaltjukat\/","title":{"rendered":"A szegedi Fidesz megd\u00f6bbent, hogy \u00e1facsal\u00e1ssal v\u00e1dolj\u00e1k deleg\u00e1ltjukat"},"content":{"rendered":"<div class=\"video-player-description__lead\">\n<p>B\u0171nszervezetben elk\u00f6vetett \u00e1facsal\u00e1si \u00fcgy gyan\u00fas\u00edtottja a szegedi k\u00f6zgy\u0171l\u00e9s p\u00e9nz\u00fcgyi bizotts\u00e1g\u00e1nak egyik fideszes deleg\u00e1ltja, Engi P\u00e9ter. A Nemzeti Ad\u00f3 \u00e9s V\u00e1mhivatal nemr\u00e9g a v\u00e1ros hat\u00e1r\u00e1ban, a Szegedi Ipari \u00e9s Logisztikai K\u00f6zpontban tal\u00e1lhat\u00f3 nagybani piacon csapott le egy keresked\u0151 csoportra, akik a gyan\u00fa szerint G\u00f6r\u00f6gorsz\u00e1gb\u00f3l hozott gy\u00fcm\u00f6lcs\u00f6t adtak tov\u00e1bb \u00fagy, mintha az magyar volna, \u00edgy megker\u00fclve \u00e1fafizet\u00e9si k\u00f6telezetts\u00e9g\u00fcket.<\/p>\n<p style=\"text-align: left;\" align=\"justify\">Az elk\u00f6vet\u0151k a t\u00f6bb mint egymilli\u00e1rd forint \u00e9rt\u00e9k\u0171 z\u00f6lds\u00e9g \u00e9s gy\u00fcm\u00f6lcs ut\u00e1n 251 milli\u00f3 forint \u00e1f\u00e1t csaltak el. A k\u00f6lts\u00e9gvet\u00e9st \u00e9rt k\u00e1r megt\u00e9r\u00fcl\u00e9s\u00e9re a nyomoz\u00f3k 80 milli\u00f3 forint \u00e9rt\u00e9kben ingatlanokat z\u00e1roltak, valamint lefoglalt\u00e1k az akci\u00f3 napj\u00e1n a piaci \u00e1rusn\u00e1l l\u00e9v\u0151 t\u00f6bb mint 16 milli\u00f3 forint k\u00e9szp\u00e9nzt.<\/p>\n<p style=\"text-align: left;\" align=\"justify\">A d\u00e9l-alf\u00f6ldi p\u00e9nz\u00fcgyi nyomoz\u00f3k n\u00e9gy szem\u00e9lyt gyan\u00fas\u00edtottk\u00e9nt hallgattak ki, tov\u00e1bbi n\u00e9gy szem\u00e9lyt pedig \u00fczletszer\u0171en, b\u0171nszervezetben elk\u00f6vetett k\u00f6lts\u00e9gvet\u00e9si csal\u00e1s megalapozott gyan\u00faja miatt \u0151rizetbe is vettek, \u00e9s el\u0151terjeszt\u00e9st tettek letart\u00f3ztat\u00e1suk ind\u00edtv\u00e1nyoz\u00e1s\u00e1ra a Csongr\u00e1d-Csan\u00e1d Megyei F\u0151\u00fcgy\u00e9szs\u00e9gn\u00e9l.<\/p>\n<p style=\"text-align: left;\" align=\"justify\">Az akci\u00f3val a NAV a b\u0171nszervezet m\u0171k\u00f6d\u00e9s\u00e9t megszak\u00edtotta, az elk\u00f6vet\u0151k ak\u00e1r h\u00fasz \u00e9v szabads\u00e1gveszt\u00e9sre is sz\u00e1m\u00edthatnak.<\/p>\n<p>A hivatal szerint ezzel mintegy 251 milli\u00f3 forint ad\u00f3t nem fizettek be, \u00e9s ebben a seg\u00edts\u00e9g\u00fckre volt Engi, aki a k\u00f6zgy\u0171l\u00e9s P\u00e9nz\u00fcgyi \u00e9s Vagyongazd\u00e1lkod\u00e1si Bizotts\u00e1g\u00e1nak fideszes deleg\u00e1ltja. Az RTL H\u00edrad\u00f3ja kereste \u0151t telefonon, de ki volt kapcsolva.<\/p>\n<\/div>\n<p>A bizotts\u00e1g eln\u00f6k\u00e9vel, a szegedi Fidesz aleln\u00f6k\u00e9vel, T\u00e1pai P\u00e9terrel ugyanakkor tudtak besz\u00e9lni. Azt mondta, \u0151t senki sem \u00e9rtes\u00edtette az \u00fcgyr\u0151l, de hallott r\u00f3la.<\/p>\n<p>\u201eNagyon megd\u00f6bbent\u00fcnk, mert nem \u00edgy ismerj\u00fck az Engi urat, m\u00e1sr\u00e9szt pedig azt gondolom, hogy \u0151t is megilleti az \u00e1rtatlans\u00e1g v\u00e9lelme, \u00e9s ezt szeretn\u00e9m nagyon hangs\u00falyosan az \u0151 eset\u00e9ben is fenntartani\u201d \u2013 fogalmazott a telev\u00edzi\u00f3csatorn\u00e1nak, majd hozz\u00e1tette, amint beigazol\u00f3dik b\u0171n\u00f6ss\u00e9ge, T\u00e1pai fogja megk\u00e9rni Engit, hogy mondjon le posztj\u00e1r\u00f3l.<\/p>\n<div style=\"width: 100%; height: 0px; position: relative; padding-bottom: 56%;\"><iframe style=\"width: 100%; height: 100%; position: absolute;\" src=\"https:\/\/embed.rtl.hu\/embed\/1659159?autoplay=0\" frameborder=\"0\" allowfullscreen=\"allowfullscreen\"><\/iframe><\/div>","protected":false},"excerpt":{"rendered":"<p>B\u0171nszervezetben elk\u00f6vetett \u00e1facsal\u00e1si \u00fcgy gyan\u00fas\u00edtottja a szegedi k\u00f6zgy\u0171l\u00e9s p\u00e9nz\u00fcgyi bizotts\u00e1g\u00e1nak egyik fideszes deleg\u00e1ltja, Engi P\u00e9ter. A Nemzeti Ad\u00f3 \u00e9s V\u00e1mhivatal nemr\u00e9g a v\u00e1ros hat\u00e1r\u00e1ban, a Szegedi Ipari \u00e9s Logisztikai K\u00f6zpontban tal\u00e1lhat\u00f3 nagybani piacon csapott le egy keresked\u0151 csoportra, akik a gyan\u00fa szerint G\u00f6r\u00f6gorsz\u00e1gb\u00f3l hozott gy\u00fcm\u00f6lcs\u00f6t adtak tov\u00e1bb \u00fagy, mintha az magyar volna, \u00edgy megker\u00fclve \u00e1fafizet\u00e9si k\u00f6telezetts\u00e9g\u00fcket.<\/p>","protected":false},"author":1,"featured_media":0,"comment_status":"closed","ping_status":"closed","sticky":false,"template":"","format":"standard","meta":{"_seopress_robots_primary_cat":"none"},"categories":[4],"tags":[4780,819,4192,2596],"acf":[],"amp_enabled":true,"_links":{"self":[{"href":"https:\/\/szegederarchivum.hu\/en\/wp-json\/wp\/v2\/posts\/48233"}],"collection":[{"href":"https:\/\/szegederarchivum.hu\/en\/wp-json\/wp\/v2\/posts"}],"about":[{"href":"https:\/\/szegederarchivum.hu\/en\/wp-json\/wp\/v2\/types\/post"}],"author":[{"embeddable":true,"href":"https:\/\/szegederarchivum.hu\/en\/wp-json\/wp\/v2\/users\/1"}],"replies":[{"embeddable":true,"href":"https:\/\/szegederarchivum.hu\/en\/wp-json\/wp\/v2\/comments?post=48233"}],"version-history":[{"count":3,"href":"https:\/\/szegederarchivum.hu\/en\/wp-json\/wp\/v2\/posts\/48233\/revisions"}],"predecessor-version":[{"id":48237,"href":"https:\/\/szegederarchivum.hu\/en\/wp-json\/wp\/v2\/posts\/48233\/revisions\/48237"}],"wp:attachment":[{"href":"https:\/\/szegederarchivum.hu\/en\/wp-json\/wp\/v2\/media?parent=48233"}],"wp:term":[{"taxonomy":"category","embeddable":true,"href":"https:\/\/szegederarchivum.hu\/en\/wp-json\/wp\/v2\/categories?post=48233"},{"taxonomy":"post_tag","embeddable":true,"href":"https:\/\/szegederarchivum.hu\/en\/wp-json\/wp\/v2\/tags?post=48233"}],"curies":[{"name":"wp","href":"https:\/\/api.w.org\/{rel}","templated":true}]}}