{"id":4832,"date":"2019-02-18T05:11:38","date_gmt":"2019-02-18T04:11:38","guid":{"rendered":"https:\/\/szegederarchivum.hu\/?p=4832"},"modified":"2019-08-26T10:50:00","modified_gmt":"2019-08-26T08:50:00","slug":"vati-7","status":"publish","type":"post","link":"https:\/\/szegederarchivum.hu\/en\/vati-7\/","title":{"rendered":"Als\u00f3v\u00e1ros: egy r\u00e9gi templom meg p\u00e1r h\u00e1zik\u00f3 napocsk\u00e1val"},"content":{"rendered":"<!-- Error, Advert is not available at this time due to schedule\/geolocation restrictions! -->\n<p><!--more--><\/p>\n<p>A V\u00c1TI, azaz a\u00a0V\u00e1ros\u00e9p\u00edt\u00e9si Tudom\u00e1nyos \u00e9s Tervez\u0151 Int\u00e9zet elk\u00e9peszt\u0151, Szegedr\u0151l sz\u00f3l\u00f3 f\u00e9nyk\u00e9psorozat\u00e1t bemutat\u00f3 virtu\u00e1lis t\u00e1rlatunk, a F\u00e9nyk\u00e9pek megs\u00e1rgult pap\u00edrdobozokb\u00f3l hetedik, egyben utols\u00f3 r\u00e9sz\u00e9hez \u00e9rkezett. Ez\u00fattal Als\u00f3v\u00e1ros fel\u00e9 vessz\u00fck az ir\u00e1nyt, ell\u00e1togatunk az 1500-as \u00e9vekben \u00e9p\u00fclt ferences templomhoz, valamint megn\u00e9z\u00fcnk k\u00e9t k\u00fcl\u00f6nleges napsugaras h\u00e1zat. Mindezt persze nem ma, hanem m\u00e9g valamivel a m\u00e1sodik vil\u00e1gh\u00e1bor\u00fat megel\u0151z\u0151 \u00e9vekben.<\/p>\n<p>Als\u00f3v\u00e1ros egy\u00e9bk\u00e9nt m\u00e1r vagy ezer \u00e9ve, hogy betelep\u00fcl. Eleinte nem tudni hogyan h\u00edvt\u00e1l, de a k\u00f6z\u00e9pkorban m\u00e1r Alszeged n\u00e9vre hallgatott az ekkor m\u00e9g csak p\u00e1r utc\u00e1csk\u00e1b\u00f3l \u00e1ll\u00f3 telep\u00fcl\u00e9s. Amikor a t\u00f6r\u00f6k\u00f6k uralt\u00e1k a t\u00e9rs\u00e9get, akkor Szeged legt\u00f6bb r\u00e9sz\u00e9n, p\u00e9ld\u00e1ul a r\u00e9gi Pal\u00e1nkban is t\u00falnyom\u00f3 r\u00e9szt t\u00f6r\u00f6k\u00f6k \u00e9s d\u00e9lszl\u00e1vok \u00e9ltek, de Als\u00f3v\u00e1rosban ekkoriban is a lakoss\u00e1g nagyobbik r\u00e9sze magyar volt.<br \/>\n\u00c9s persze a napsugaras h\u00e1zak. Azokat f\u0151k\u00e9nt a nagy \u00e1rv\u00edz ut\u00e1n \u00e9p\u00edtett\u00e9k a 19. sz\u00e1zad v\u00e9g\u00e9n, sokukat \u00fagy mint a k\u00e9s\u0151bbi lak\u00f3telepeket: szinte egyforma kivitelben, egym\u00e1s mell\u00e9, sz\u00e9pen sorban.<\/p>\n<p>&nbsp;<\/p>\n<figure style=\"width: 2750px\" class=\"wp-caption alignnone\"><img decoding=\"async\" loading=\"lazy\" src=\"http:\/\/fototar.lechnerkozpont.hu\/sites\/default\/files\/kepek\/ltk_vati_mv_76_3.jpg\" alt=\"Szeged-Als\u00c3\u00b3v\u00c3\u00a1rosi Havi Boldogasszony-templom\" width=\"2750\" height=\"2062\" \/><figcaption class=\"wp-caption-text\">A v\u00e1rosr\u00e9sz legnagyobb l\u00e1tv\u00e1nyoss\u00e1ga k\u00e9ts\u00e9get kiz\u00e1r\u00f3an a t\u00f6bb, mint 500 \u00e9ve \u00e9p\u00fclt ferences templom \u00e9s kolostor, melynek m\u00e1r \u00fagy 800 \u00e9ve is voltak el\u0151dei. Fot\u00f3: V\u00c1TI \/ Lechner Fot\u00f3t\u00e1r<\/figcaption><\/figure>\n<p>&nbsp;<\/p>\n<figure style=\"width: 2769px\" class=\"wp-caption alignnone\"><img decoding=\"async\" loading=\"lazy\" src=\"http:\/\/fototar.lechnerkozpont.hu\/sites\/default\/files\/kepek\/ltk_vati_mv_76_1.jpg\" alt=\"Szeged-Als\u00c3\u00b3v\u00c3\u00a1rosi Havi Boldogasszony-templom\" width=\"2769\" height=\"2025\" \/><figcaption class=\"wp-caption-text\">A sok alak\u00edtgat\u00e1st k\u00f6vet\u0151en a v\u00e9gs\u0151 form\u00e1j\u00e1t 1503-ban \u00e9rte el a g\u00f3tikus jegyeket visel\u0151 \u00e9p\u00fcletegy\u00fcttes. Fot\u00f3: V\u00c1TI \/ Lechner Fot\u00f3t\u00e1r<\/figcaption><\/figure>\n<p>&nbsp;<\/p>\n<figure style=\"width: 2719px\" class=\"wp-caption alignnone\"><img decoding=\"async\" loading=\"lazy\" src=\"http:\/\/fototar.lechnerkozpont.hu\/sites\/default\/files\/kepek\/ltk_vati_mv_76_8.jpg\" alt=\"A szegedi P\u00c3\u00a1sztor utca 63. sz\u00c3\u00a1m\u00c3\u00ba paraszth\u00c3\u00a1za\" width=\"2719\" height=\"1842\" \/><figcaption class=\"wp-caption-text\">A P\u00e1sztor utca 63. sz\u00e1m\u00fa h\u00e1z, melynek m\u00e1ra teljesen nyoma veszett. Az utca h\u00e1zai javar\u00e9szt 1880 \u00e9s 1885 k\u00f6z\u00f6tt \u00e9p\u00fcltek fel, volt benn\u00fck \u00e1ltal\u00e1ban k\u00e9t szoba, egy konyha, kamra, illetve pince \u00e9s padl\u00e1s. Fot\u00f3: V\u00c1TI \/ Lechner Fot\u00f3t\u00e1r<\/figcaption><\/figure>\n<p>&nbsp;<\/p>\n<figure style=\"width: 2754px\" class=\"wp-caption alignnone\"><img decoding=\"async\" loading=\"lazy\" src=\"http:\/\/fototar.lechnerkozpont.hu\/sites\/default\/files\/kepek\/ltk_vati_mv_76_9.jpg\" alt=\"A szegedi P\u00c3\u00a1sztor utca 73. sz\u00c3\u00a1m\u00c3\u00ba paraszth\u00c3\u00a1za\" width=\"2754\" height=\"1981\" \/><figcaption class=\"wp-caption-text\">P\u00e1r h\u00e1zzal arr\u00e9bb a 73-as sz\u00e1m, mely &#8211; r\u00e9szlegesen ugyan &#8211; de ma is \u00e1ll m\u00e9g. A napsugarait\u00f3l megfosztott\u00e1k az \u00e9vek sor\u00e1n, de ami tal\u00e1n \u00e9rdekesebb, hogy a k\u00e9p jobbj\u00e1n l\u00e1that\u00f3 t\u00e9glaker\u00edt\u00e9s m\u00e9g ma is teljesen \u00e9p \u00e9s j\u00f3 \u00e1llapot\u00fa. Fot\u00f3: V\u00c1TI \/ Lechner Fot\u00f3t\u00e1r<\/figcaption><\/figure>\n<p>&nbsp;<\/p>\n<p>A sorozat kor\u00e1bbi r\u00e9szei:<\/p>\n<ul>\n<li>\n<p class=\"entry-title\"><strong><a href=\"https:\/\/szegederarchivum.hu\/fenykepek-megsargult-papirdobozokbol\/\" target=\"_blank\" rel=\"noopener noreferrer\">F\u00e9nyk\u00e9pek megs\u00e1rgult pap\u00edrdobozokb\u00f3l<\/a><\/strong><\/p>\n<\/li>\n<li>\n<p class=\"entry-title\"><strong><a href=\"https:\/\/szegederarchivum.hu\/ez-nem-az-a-szeged-amit-mi-ismerunk\/\" target=\"_blank\" rel=\"noopener noreferrer\">Ez nem az a Szeged, amit mi ismer\u00fcnk<\/a><\/strong><\/p>\n<\/li>\n<li>\n<p class=\"entry-title\"><strong><a href=\"https:\/\/szegederarchivum.hu\/egy-szep-nap-a-tornyok-alatt\/\" target=\"_blank\" rel=\"noopener noreferrer\">Egy sz\u00e9p nap a tornyok alatt<\/a><\/strong><\/p>\n<\/li>\n<li>\n<p class=\"entry-title\"><strong><a href=\"https:\/\/szegederarchivum.hu\/vati-4\/\" target=\"_blank\" rel=\"noopener noreferrer\">Ilyen volt Szegeden s\u00e9t\u00e1lni 70 \u00e9vvel ezel\u0151tt<\/a><\/strong><\/p>\n<\/li>\n<li>\n<p class=\"entry-title\"><strong><a href=\"https:\/\/szegederarchivum.hu\/vati-5\/\" target=\"_blank\" rel=\"noopener noreferrer\">Mit l\u00e1tott, aki len\u00e9zett a D\u00f3mb\u00f3l 70 \u00e9ve?<\/a><\/strong><\/p>\n<\/li>\n<li>\n<p class=\"entry-title\"><strong><a href=\"https:\/\/szegederarchivum.hu\/vati-6\" target=\"_blank\" rel=\"noopener noreferrer\">Egy belv\u00e1ros, amit nem lehet elfelejteni<\/a><\/strong><\/p>\n<\/li>\n<\/ul>","protected":false},"excerpt":{"rendered":"","protected":false},"author":1,"featured_media":0,"comment_status":"closed","ping_status":"closed","sticky":false,"template":"","format":"standard","meta":{"_seopress_robots_primary_cat":"none"},"categories":[981],"tags":[204,201,2265,15,521],"acf":[],"amp_enabled":true,"_links":{"self":[{"href":"https:\/\/szegederarchivum.hu\/en\/wp-json\/wp\/v2\/posts\/4832"}],"collection":[{"href":"https:\/\/szegederarchivum.hu\/en\/wp-json\/wp\/v2\/posts"}],"about":[{"href":"https:\/\/szegederarchivum.hu\/en\/wp-json\/wp\/v2\/types\/post"}],"author":[{"embeddable":true,"href":"https:\/\/szegederarchivum.hu\/en\/wp-json\/wp\/v2\/users\/1"}],"replies":[{"embeddable":true,"href":"https:\/\/szegederarchivum.hu\/en\/wp-json\/wp\/v2\/comments?post=4832"}],"version-history":[{"count":10,"href":"https:\/\/szegederarchivum.hu\/en\/wp-json\/wp\/v2\/posts\/4832\/revisions"}],"predecessor-version":[{"id":19614,"href":"https:\/\/szegederarchivum.hu\/en\/wp-json\/wp\/v2\/posts\/4832\/revisions\/19614"}],"wp:attachment":[{"href":"https:\/\/szegederarchivum.hu\/en\/wp-json\/wp\/v2\/media?parent=4832"}],"wp:term":[{"taxonomy":"category","embeddable":true,"href":"https:\/\/szegederarchivum.hu\/en\/wp-json\/wp\/v2\/categories?post=4832"},{"taxonomy":"post_tag","embeddable":true,"href":"https:\/\/szegederarchivum.hu\/en\/wp-json\/wp\/v2\/tags?post=4832"}],"curies":[{"name":"wp","href":"https:\/\/api.w.org\/{rel}","templated":true}]}}