{"id":48551,"date":"2021-02-26T12:07:29","date_gmt":"2021-02-26T11:07:29","guid":{"rendered":"https:\/\/szegederarchivum.hu\/?p=48551"},"modified":"2021-02-26T16:50:05","modified_gmt":"2021-02-26T15:50:05","slug":"megint-lemondatna-mozes-ervint-a-szegedi-fidesz","status":"publish","type":"post","link":"https:\/\/szegederarchivum.hu\/en\/megint-lemondatna-mozes-ervint-a-szegedi-fidesz\/","title":{"rendered":"Megint lemondatn\u00e1 M\u00f3zes Ervint a szegedi Fidesz"},"content":{"rendered":"<p><strong>Szerd\u00e1n <a href=\"https:\/\/szegederarchivum.hu\/penzbuntetest-kaptak-a-szegedi-parkoloper-gyanusitottjai\/\" target=\"_blank\" rel=\"noopener\">joger\u0151sen el\u00edt\u00e9lt\u00e9k<\/a> M\u00f3zes Ervint, Kalm\u00e1r G\u00e1bort \u00e9s Solymos L\u00e1szl\u00f3t. A t\u00f6rv\u00e9nysz\u00e9k h\u0171tlen kezel\u00e9s b\u0171ntett\u00e9ben mondta ki b\u0171n\u00f6snek a v\u00e1dlottakat, mint t\u00e1rstetteseket, illetve mint felbujt\u00f3kat.<\/strong><\/p>\n<p>A v\u00e1dirat szerint ugye 2008 \u00e9s 2012 k\u00f6z\u00f6tt ingyenes parkol\u00f3b\u00e9rletet biztos\u00edtottak term\u00e9szetes \u00e9s jogi szem\u00e9lyeknek a v\u00e1rosh\u00e1z\u00e1n \u00fagy, hogy erre k\u00e9pvisel\u0151-test\u00fcleti felhatalmaz\u00e1suk, vagy egy\u00e9b jogszab\u00e1lyi alapjuk nem volt. Olyan szem\u00e9lyek is r\u00e9szes\u00fcltek ingyenes parkol\u00f3b\u00e9rletben, akik semmilyen kapcsolatban nem \u00e1lltak az \u00f6nkorm\u00e1nyzattal. A v\u00e1dlottak ezzel mintegy 40 milli\u00f3 forint k\u00e1rt okoztak a szegedi parkol\u00e1si\u00a0 rendszert \u00fczemeltet\u0151 \u00f6nkorm\u00e1nyzati c\u00e9gnek.<\/p>\n<p>A szegedi Fidesz szerint \u201eezzel az \u00edt\u00e9lettel m\u00e1r pap\u00edrja is van a szegedi \u00f6nkorm\u00e1nyzatnak arr\u00f3l, hogy Botka emberei megk\u00e1ros\u00edtott\u00e1k a v\u00e1rost\u201d. A nagyobbik korm\u00e1nyp\u00e1rt helyi szervezete a fentiek f\u00e9ny\u00e9ben felsz\u00f3l\u00edtj\u00e1k Botka L\u00e1szl\u00f3t, hogy halad\u00e9ktalanul int\u00e9zkedjen az okozott k\u00e1r megt\u00e9r\u00edt\u00e9s\u00e9r\u0151l, \u201etov\u00e1bb\u00e1 t\u00e1vol\u00edtsa el kabinetj\u00e9b\u0151l Kalm\u00e1r G\u00e1bort, hiszen az \u00edt\u00e9let egy\u00e9rtelm\u0171v\u00e9 tette, hogy mor\u00e1lisan alkalmatlan b\u00e1rmilyen v\u00e1rosh\u00e1zi poz\u00edci\u00f3 bet\u00f6lt\u00e9s\u00e9re\u201d.<\/p>\n<p>M\u00f3zes elmozd\u00edt\u00e1s\u00e1ra egy\u00e9bk\u00e9nt m\u00e1r t\u00f6bbsz\u00f6r is pr\u00f3b\u00e1t tett a szegedi Fidesz: el\u0151bb <a href=\"https:\/\/hvg.hu\/itthon\/20110627_felmetese_mszp_szegedi_fojegyzo\" target=\"_blank\" rel=\"noopener\">2011-ben<\/a>, majd <a href=\"https:\/\/www.delmagyar.hu\/kozelet\/helyi-kozelet\/lemondatna-mozes-ervint-es-kalmar-gabort-a-fidesz-4876515\/\" target=\"_blank\" rel=\"noopener\">2020-ban<\/a> is felsz\u00f3l\u00edtott\u00e1k m\u00e1r.<\/p>\n<p>&nbsp;<\/p>\n<p><strong>Friss\u00edt\u00e9s (16:49): nem M\u00f3zest, hanem Kalm\u00e1rt akarj\u00e1k lemondatni.<\/strong><\/p>\n<p>&nbsp;<\/p>","protected":false},"excerpt":{"rendered":"<p>Szerd\u00e1n joger\u0151sen el\u00edt\u00e9lt\u00e9k M\u00f3zes Ervint, Kalm\u00e1r G\u00e1bort \u00e9s Solymos L\u00e1szl\u00f3t. A t\u00f6rv\u00e9nysz\u00e9k h\u0171tlen kezel\u00e9s b\u0171ntett\u00e9ben mondta ki b\u0171n\u00f6snek a v\u00e1dlottakat, mint t\u00e1rstetteseket, illetve mint felbujt\u00f3kat. A korm\u00e1nyp\u00e1rt szegedi szervezete lemondatna.<\/p>","protected":false},"author":1,"featured_media":0,"comment_status":"closed","ping_status":"closed","sticky":false,"template":"","format":"standard","meta":{"_seopress_robots_primary_cat":"none"},"categories":[4],"tags":[819,944,502,479,202],"acf":[],"amp_enabled":true,"_links":{"self":[{"href":"https:\/\/szegederarchivum.hu\/en\/wp-json\/wp\/v2\/posts\/48551"}],"collection":[{"href":"https:\/\/szegederarchivum.hu\/en\/wp-json\/wp\/v2\/posts"}],"about":[{"href":"https:\/\/szegederarchivum.hu\/en\/wp-json\/wp\/v2\/types\/post"}],"author":[{"embeddable":true,"href":"https:\/\/szegederarchivum.hu\/en\/wp-json\/wp\/v2\/users\/1"}],"replies":[{"embeddable":true,"href":"https:\/\/szegederarchivum.hu\/en\/wp-json\/wp\/v2\/comments?post=48551"}],"version-history":[{"count":3,"href":"https:\/\/szegederarchivum.hu\/en\/wp-json\/wp\/v2\/posts\/48551\/revisions"}],"predecessor-version":[{"id":48567,"href":"https:\/\/szegederarchivum.hu\/en\/wp-json\/wp\/v2\/posts\/48551\/revisions\/48567"}],"wp:attachment":[{"href":"https:\/\/szegederarchivum.hu\/en\/wp-json\/wp\/v2\/media?parent=48551"}],"wp:term":[{"taxonomy":"category","embeddable":true,"href":"https:\/\/szegederarchivum.hu\/en\/wp-json\/wp\/v2\/categories?post=48551"},{"taxonomy":"post_tag","embeddable":true,"href":"https:\/\/szegederarchivum.hu\/en\/wp-json\/wp\/v2\/tags?post=48551"}],"curies":[{"name":"wp","href":"https:\/\/api.w.org\/{rel}","templated":true}]}}