{"id":48705,"date":"2021-03-02T13:44:17","date_gmt":"2021-03-02T12:44:17","guid":{"rendered":"https:\/\/szegederarchivum.hu\/?p=48705"},"modified":"2021-03-02T13:44:17","modified_gmt":"2021-03-02T12:44:17","slug":"lazar-nekiment-a-makoi-gumigyarnak-a-munkasok-oldalara-allt","status":"publish","type":"post","link":"https:\/\/szegederarchivum.hu\/en\/lazar-nekiment-a-makoi-gumigyarnak-a-munkasok-oldalara-allt\/","title":{"rendered":"L\u00e1z\u00e1r nekiment a mak\u00f3i gumigy\u00e1rnak, a munk\u00e1sok oldal\u00e1ra \u00e1llt"},"content":{"rendered":"<p><strong>A t\u00e9rs\u00e9g orsz\u00e1ggy\u0171l\u00e9si k\u00e9pvisel\u0151je szerint nem teheti meg a Continental, hogy \u00e1lland\u00f3an csak k\u00e9r, de sohasem ad, amikor megtehetn\u00e9.<\/strong><\/p>\n<p>A c\u00e9g\u00f3ri\u00e1sn\u00e1l m\u00e9g 2019-ben jelentettek be egy nagyobb l\u00e9tsz\u00e1mle\u00e9p\u00edt\u00e9st, \u00e9s a koronav\u00edrus-j\u00e1rv\u00e1ny sem tett j\u00f3t. K\u00e9t \u00e9ve az\u00e9rt t\u0171zt\u00e9k ki, hogy 244 ezerb\u0151l \u00fagy 20 ezer munkav\u00e1llal\u00f3t elk\u00fcldenek, mert \u00e1talakult az aut\u00f3ipar, \u00e9s az elektromos aut\u00f3kba sokkal kevesebb gumialkatr\u00e9szre van sz\u00fcks\u00e9g. Mak\u00f3t \u00e9s Szegedet akkor nem \u00e9rintette a v\u00e1ltoz\u00e1s, most el\u0151bbiben azonban hetek \u00f3ta van sztr\u00e1jkhangulat.<\/p>\n<p>A szakszervezet \u00e9s a vezet\u00e9s k\u00f6z\u00f6tt foly\u00f3 t\u00e1rgyal\u00e1sok megakad\u00e1sa miatt sztr\u00e1jkbizotts\u00e1g alakult m\u00e9g okt\u00f3berben, mert ny\u00e1ron felmondt\u00e1k a dolgoz\u00f3k kollekt\u00edv szerz\u0151d\u00e9s\u00e9t. A szakszervezet kifog\u00e1solta, hogy az \u00fczemben tavasszal a termel\u00e9s visszaes\u00e9s\u00e9re hivatkozva cs\u00f6kkentett\u00e9k a dolgoz\u00f3i l\u00e9tsz\u00e1mot, az elm\u00falt id\u0151szakban azonban a megrendel\u00e9sek emelked\u00e9se nyom\u00e1n munkaer\u0151hi\u00e1ny l\u00e9pett f\u00f6l. A sz\u0171k\u00fcl\u0151 munkav\u00e1llal\u00f3i l\u00e9tsz\u00e1m miatt a n\u00f6vekv\u0151 ig\u00e9nyeket egyre nehezebben tudt\u00e1k kiel\u00e9g\u00edteni, a dolgoz\u00f3k terhel\u00e9se jelent\u0151sen n\u0151tt, egyes munkav\u00e1llal\u00f3knak hossz\u00fa ideje nem volt szabad h\u00e9tv\u00e9g\u00e9j\u00fck sem.<\/p>\n<p>Az elm\u00falt hetekben t\u00f6bbsz\u00f6r sztr\u00e1jkoltak is a v\u00e1rosban: febru\u00e1r 17-\u00e9n k\u00e9t \u00f3r\u00e1ra, 20-\u00e1n m\u00e1r 8 \u00f3r\u00e1ra sz\u00fcntett\u00e9k be e munk\u00e1t, majd miut\u00e1n tov\u00e1bbra sem siker\u00fclt meg\u00e1llapodni, m\u00e1rcius 2-\u00e1ra hat\u00e1rozatlan id\u0151re hirdett\u00e9k meg a sztr\u00e1jkot.<\/p>\n<p>L\u00e1z\u00e1r J\u00e1nos most k\u00f6z\u00f6ss\u00e9gi oldal\u00e1n \u00edrta, hogy az igazs\u00e1g a gumigy\u00e1ri munk\u00e1sokn\u00e1l van szerinte. \u201eOlyan nincs, hogy egy multi csak k\u00e9r \u00e9s kap, de amikor tehetn\u00e9, nem akar visszaadni valamit azoknak, akiknek a profitj\u00e1t \u00e9s a t\u00e1mogat\u00e1s\u00e1t k\u00f6sz\u00f6nheti. Kev\u00e9s v\u00e1llalkoz\u00e1s mondhatja el mag\u00e1r\u00f3l a j\u00e1rv\u00e1ny \u00e1rny\u00e9k\u00e1ban, hogy t\u00f6bb a lehet\u0151s\u00e9ge, mint a neh\u00e9zs\u00e9ge, amivel szemben\u00e9z. A magyar ad\u00f3fizet\u0151knek \u2013 k\u00f6zt\u00fck a mak\u00f3iaknak \u2013 k\u00f6sz\u00f6nhet\u0151en a gumigy\u00e1r ilyen v\u00e1llalkoz\u00e1s\u201d \u2013 \u00edrta.<\/p>\n<blockquote class=\"embedly-card\" data-card-controls=\"0\" data-card-align=\"center\" data-card-theme=\"light\">\n<h4><a href=\"https:\/\/www.facebook.com\/lazarjanosfidesz\/photos\/a.193823174683150\/888573921874735\/\">Facebook<\/a><\/h4>\n<p>No Description<\/p>\n<\/blockquote>\n<p><script async src=\"\/\/cdn.embedly.com\/widgets\/platform.js\" charset=\"UTF-8\"><\/script><\/p>\n<p>&nbsp;<\/p>","protected":false},"excerpt":{"rendered":"<p>A t\u00e9rs\u00e9g orsz\u00e1ggy\u0171l\u00e9si k\u00e9pvisel\u0151je szerint nem teheti meg a Continental, hogy \u00e1lland\u00f3an csak k\u00e9r, de sohasem ad, amikor megtehetn\u00e9.<\/p>","protected":false},"author":1,"featured_media":0,"comment_status":"closed","ping_status":"closed","sticky":false,"template":"","format":"standard","meta":{"_seopress_robots_primary_cat":"none"},"categories":[4],"tags":[2558,743,150,4503],"acf":[],"amp_enabled":true,"_links":{"self":[{"href":"https:\/\/szegederarchivum.hu\/en\/wp-json\/wp\/v2\/posts\/48705"}],"collection":[{"href":"https:\/\/szegederarchivum.hu\/en\/wp-json\/wp\/v2\/posts"}],"about":[{"href":"https:\/\/szegederarchivum.hu\/en\/wp-json\/wp\/v2\/types\/post"}],"author":[{"embeddable":true,"href":"https:\/\/szegederarchivum.hu\/en\/wp-json\/wp\/v2\/users\/1"}],"replies":[{"embeddable":true,"href":"https:\/\/szegederarchivum.hu\/en\/wp-json\/wp\/v2\/comments?post=48705"}],"version-history":[{"count":1,"href":"https:\/\/szegederarchivum.hu\/en\/wp-json\/wp\/v2\/posts\/48705\/revisions"}],"predecessor-version":[{"id":48707,"href":"https:\/\/szegederarchivum.hu\/en\/wp-json\/wp\/v2\/posts\/48705\/revisions\/48707"}],"wp:attachment":[{"href":"https:\/\/szegederarchivum.hu\/en\/wp-json\/wp\/v2\/media?parent=48705"}],"wp:term":[{"taxonomy":"category","embeddable":true,"href":"https:\/\/szegederarchivum.hu\/en\/wp-json\/wp\/v2\/categories?post=48705"},{"taxonomy":"post_tag","embeddable":true,"href":"https:\/\/szegederarchivum.hu\/en\/wp-json\/wp\/v2\/tags?post=48705"}],"curies":[{"name":"wp","href":"https:\/\/api.w.org\/{rel}","templated":true}]}}