{"id":48708,"date":"2021-03-02T14:06:11","date_gmt":"2021-03-02T13:06:11","guid":{"rendered":"https:\/\/szegederarchivum.hu\/?p=48708"},"modified":"2021-03-02T14:06:11","modified_gmt":"2021-03-02T13:06:11","slug":"egyiranyu-lesz-a-fo-fasor-egy-szakaszon","status":"publish","type":"post","link":"https:\/\/szegederarchivum.hu\/en\/egyiranyu-lesz-a-fo-fasor-egy-szakaszon\/","title":{"rendered":"Egyir\u00e1ny\u00fa lesz a F\u0151 fasor egy szakaszon"},"content":{"rendered":"<p><strong>A csapad\u00e9kv\u00edz-elvezet\u0151 rendszer \u00dajszegeden zajl\u00f3 fejleszt\u00e9se sor\u00e1n felbontj\u00e1k az \u00fatburkolat egy r\u00e9sz\u00e9t a F\u0151 fasoron a Wallisch K\u00e1lm\u00e1n utca torkolat\u00e1n\u00e1l. Emiatt m\u00e1rcius 4-\u00e9n 8 \u00f3r\u00e1t\u00f3l 5-\u00e9n 16 \u00f3r\u00e1ig forgalomkorl\u00e1toz\u00e1sra kell sz\u00e1m\u00edtaniuk az arra k\u00f6zleked\u0151knek \u2013 \u00edrja k\u00f6zlem\u00e9ny\u00e9ben a Szeged P\u00f3lus Nonprofit Kft.<\/strong><\/p>\n<p>A F\u0151 fasor egyir\u00e1ny\u00fa lesz a Wallisch K\u00e1lm\u00e1n utc\u00e1t\u00f3l a Tan\u00e1cs utc\u00e1ig, \u00e9s ezen a szakaszon r\u00e9szben f\u00e9lp\u00e1ly\u00e1n lehet haladni. A m\u00e1sik ir\u00e1nyb\u00f3l \u00e9rkez\u0151, Belv\u00e1ros fel\u00e9 tart\u00f3 forgalmat a F\u0151 fasorr\u00f3l a Tan\u00e1cs utc\u00e1ra terelik. Kiv\u00e9telt jelent a k\u00f6z\u00f6ss\u00e9gi k\u00f6zleked\u00e9s: a buszok mindk\u00e9t ir\u00e1nyban tov\u00e1bbra is a F\u0151 fasoron j\u00e1rnak. A forgalomkorl\u00e1toz\u00e1s a mell\u00e9kutc\u00e1kat is \u00e9rinti: a Wallisch K\u00e1lm\u00e1n \u00e9s a Th\u00f6k\u00f6ly utc\u00e1b\u00f3l csak jobbra, a Tan\u00e1cs utc\u00e1b\u00f3l pedig csak balra lehet kikanyarodni a F\u0151 fasorra. Az \u00fatfelbont\u00e1s miatt a F\u0151 fasor ker\u00e9kp\u00e1r\u00fatja sem j\u00e1rhat\u00f3 egy r\u00f6vid szakaszon. A forgalmi rend ideiglenes megv\u00e1ltoz\u00e1s\u00e1r\u00f3l jelz\u0151t\u00e1bl\u00e1k t\u00e1j\u00e9koztatj\u00e1k a k\u00f6zleked\u0151ket, \u00e9s a munk\u00e1latok ideje alatt 30 kilom\u00e9ter\/\u00f3r\u00e1s sebess\u00e9gkorl\u00e1toz\u00e1s lesz \u00e9rv\u00e9nyben az \u00e9rintett ter\u00fcleten.<\/p>\n<p>A F\u0151 fasoron zajl\u00f3 munka a<em> Szeged, belter\u00fcleti csapad\u00e9kv\u00edz-elvezet\u00e9s III. \u00e9s IV. \u00fctem c\u00edm\u0171 (TOP-6.3.3-16-SG1-2018-00001)<\/em> projekt r\u00e9sze. A tavaly novemberben elkezd\u0151d\u00f6tt fejleszt\u00e9s \u00dajszegedet, Kiskundorozsm\u00e1t \u00e9s a Marost\u0151 v\u00e1rosr\u00e9szt \u00e9rinti. A korszer\u0171 es\u0151v\u00edz-elvezet\u0151 csatorn\u00e1k \u00e9p\u00edt\u00e9s\u00e9re \u00e9s a kiskundorozsmai B\u00e1nomkerti csapad\u00e9kv\u00edz-f\u0151gy\u0171jt\u0151 csatorna fel\u00faj\u00edt\u00e1s\u00e1ra, kapacit\u00e1s\u00e1nak b\u0151v\u00edt\u00e9s\u00e9re nett\u00f3 1 milli\u00e1rd 334 milli\u00f3 forintot ford\u00edt a szegedi \u00f6nkorm\u00e1nyzat. Ebb\u0151l 1 milli\u00e1rd 50 milli\u00f3 forintot tesz ki az eur\u00f3pai uni\u00f3s t\u00e1mogat\u00e1s, 190 milli\u00f3 forint az \u00f6nkorm\u00e1nyzat saj\u00e1t forr\u00e1sa, \u00e9s a Szegedi Csatornam\u0171 T\u00e1rsulat is hozz\u00e1j\u00e1rul a fejleszt\u00e9shez 94 milli\u00f3 forinttal.<\/p>\n<p><img decoding=\"async\" class=\"aligncenter\" src=\"https:\/\/live.staticflickr.com\/65535\/50996419846_02a7836a04_o.jpg\" \/><\/p>","protected":false},"excerpt":{"rendered":"<p>A csapad\u00e9kv\u00edz-elvezet\u0151 rendszer \u00dajszegeden zajl\u00f3 fejleszt\u00e9se sor\u00e1n felbontj\u00e1k az \u00fatburkolat egy r\u00e9sz\u00e9t a F\u0151 fasoron a Wallisch K\u00e1lm\u00e1n utca torkolat\u00e1n\u00e1l. Emiatt m\u00e1rcius 4-\u00e9n 8 \u00f3r\u00e1t\u00f3l 5-\u00e9n 16 \u00f3r\u00e1ig forgalomkorl\u00e1toz\u00e1sra kell sz\u00e1m\u00edtaniuk az arra k\u00f6zleked\u0151knek.<\/p>","protected":false},"author":1,"featured_media":0,"comment_status":"closed","ping_status":"closed","sticky":false,"template":"","format":"standard","meta":{"_seopress_robots_primary_cat":"none"},"categories":[4],"tags":[1228,663,2273,46],"acf":[],"amp_enabled":true,"_links":{"self":[{"href":"https:\/\/szegederarchivum.hu\/en\/wp-json\/wp\/v2\/posts\/48708"}],"collection":[{"href":"https:\/\/szegederarchivum.hu\/en\/wp-json\/wp\/v2\/posts"}],"about":[{"href":"https:\/\/szegederarchivum.hu\/en\/wp-json\/wp\/v2\/types\/post"}],"author":[{"embeddable":true,"href":"https:\/\/szegederarchivum.hu\/en\/wp-json\/wp\/v2\/users\/1"}],"replies":[{"embeddable":true,"href":"https:\/\/szegederarchivum.hu\/en\/wp-json\/wp\/v2\/comments?post=48708"}],"version-history":[{"count":1,"href":"https:\/\/szegederarchivum.hu\/en\/wp-json\/wp\/v2\/posts\/48708\/revisions"}],"predecessor-version":[{"id":48710,"href":"https:\/\/szegederarchivum.hu\/en\/wp-json\/wp\/v2\/posts\/48708\/revisions\/48710"}],"wp:attachment":[{"href":"https:\/\/szegederarchivum.hu\/en\/wp-json\/wp\/v2\/media?parent=48708"}],"wp:term":[{"taxonomy":"category","embeddable":true,"href":"https:\/\/szegederarchivum.hu\/en\/wp-json\/wp\/v2\/categories?post=48708"},{"taxonomy":"post_tag","embeddable":true,"href":"https:\/\/szegederarchivum.hu\/en\/wp-json\/wp\/v2\/tags?post=48708"}],"curies":[{"name":"wp","href":"https:\/\/api.w.org\/{rel}","templated":true}]}}