{"id":49183,"date":"2021-03-20T14:26:59","date_gmt":"2021-03-20T13:26:59","guid":{"rendered":"https:\/\/szegederarchivum.hu\/?p=49183"},"modified":"2021-03-20T14:34:47","modified_gmt":"2021-03-20T13:34:47","slug":"balint_sandor_boldogga_avatas","status":"publish","type":"post","link":"https:\/\/szegederarchivum.hu\/en\/balint_sandor_boldogga_avatas\/","title":{"rendered":"Folytat\u00f3dik B\u00e1lint S\u00e1ndor boldogg\u00e1 avat\u00e1si folyamata"},"content":{"rendered":"<p><span style=\"font-weight: 400;\">\u201eFolytat\u00f3dik Isten Szolg\u00e1ja B\u00e1lint S\u00e1ndor boldogg\u00e1 avat\u00e1si folyamata, \u00e1tadt\u00e1k R\u00f3m\u00e1ban a &#8220;legsz\u00f6gedibb sz\u00f6gedi&#8221;-k\u00e9nt tisztelt n\u00e9prajzkutat\u00f3 szem\u00e9ly\u00e9nek jelent\u0151s\u00e9g\u00e9t, hitvall\u00e1s\u00e1t \u00e9s sz\u00e9les k\u00f6rben val\u00f3 tisztelet\u00e9t bemutat\u00f3 Positio huszonn\u00e9gy p\u00e9ld\u00e1ny\u00e1t a Szentek \u00dcgyeinek Kongreg\u00e1ci\u00f3 r\u00e9sz\u00e9re\u201d &#8211; k\u00f6z\u00f6lte a Szeged-Csan\u00e1di Egyh\u00e1zmegye.<\/span><\/p>\n<p><span style=\"font-weight: 400;\">A k\u00f6zlem\u00e9ny szerint a dokumentumokat Kiss-Rig\u00f3 L\u00e1szl\u00f3 p\u00fcsp\u00f6k megb\u00edz\u00e1s\u00e1b\u00f3l N\u00e9meth Norbert, a Magyar Katolikus P\u00fcsp\u00f6ki Kar r\u00f3mai \u00e1gense adta \u00e1t, az esem\u00e9nyen jelen volt az egyh\u00e1zmegye papja, Olasz Attila is, aki jelenleg a P\u00e1pai Gergely Egyetemen folytat posztgradu\u00e1lis tanulm\u00e1nyokat.<\/span><\/p>\n<p><span style=\"font-weight: 400;\">A boldogg\u00e1 avat\u00e1si folyamat r\u00f3mai szakasz\u00e1ban fontos \u00e1llom\u00e1s a Szentek \u00dcgyeinek Kongreg\u00e1ci\u00f3ja f\u0151papi test\u00fclet\u00e9nek \u00fcl\u00e9se, melynek legk\u00f6zelebbi alkalm\u00e1ra m\u00e1jusban ker\u00fcl sor. A b\u00edborosokb\u00f3l \u00e9s p\u00fcsp\u00f6k\u00f6kb\u0151l \u00e1ll\u00f3 test\u00fclet egy kilencf\u0151s teol\u00f3giai bizotts\u00e1g v\u00e9lem\u00e9nye alapj\u00e1n j\u00e1r el, amely &#8211; B\u00e1lint S\u00e1ndor \u00e9let\u00e9t tekintve &#8211; m\u00e1r kor\u00e1bban fel\u00fclvizsg\u00e1lta a h\u0151sies er\u00e9nyek gyakorl\u00e1s\u00e1t \u00e9s az \u00e9letszents\u00e9get. Amennyiben a k\u00f6zelj\u00f6v\u0151ben d\u00f6nt\u00e9st hoz\u00f3 test\u00fclet is igenl\u0151 v\u00e9lem\u00e9nyt fogalmaz meg, akkor a kongreg\u00e1ci\u00f3 prefektusa a Szentatya el\u00e9 terjeszti az \u00fcgyet.<\/span><\/p>\n<p><span style=\"font-weight: 400;\">B\u00e1lint S\u00e1ndor boldogg\u00e1 avat\u00e1s\u00e1nak hivatalos egyh\u00e1zmegyei szakasza 2005-ben kezd\u0151d\u00f6tt el, majd a Positiot (Positio super vita, virtutibus et fama sanctitatis) 2013-ban ny\u00fajtott\u00e1k be a Kongreg\u00e1ci\u00f3 sz\u00e1m\u00e1ra. 2020-ban az \u00fcgy r\u00f3mai szakasz\u00e1ban \u00fajabb el\u0151rel\u00e9p\u00e9s t\u00f6rt\u00e9nt, amikor a teol\u00f3gusok alkotta bizotts\u00e1g a h\u0151sies er\u00e9nyeket \u00e9s az \u00e9letszents\u00e9get vizsg\u00e1lta.<\/span><\/p>\n<p><span style=\"font-weight: 400;\">B\u00e1lint S\u00e1ndor 1904. augusztus 1-j\u00e9n sz\u00fcletett Szegeden. \u00c9let\u00e9ben hitvall\u00f3k\u00e9nt \u00e9lt, kitart\u00f3an v\u00e9gezte munk\u00e1j\u00e1t \u00e9s csal\u00e1dja, egyh\u00e1za, valamint n\u00e9pe ir\u00e1nt mindig, minden k\u00f6r\u00fclm\u00e9nyek k\u00f6z\u00f6tt h\u0171s\u00e9ges maradt. P\u00e9ld\u00e1ja napjainkban is sokak sz\u00e1m\u00e1ra er\u0151t ad. \u00c9lete \u00e9s al\u00e1zattal v\u00e9gzett munk\u00e1ss\u00e1ga kapcsolatot k\u00e9pez a hit, a tudom\u00e1ny \u00e9s a v\u00e1ros kult\u00far\u00e1ja k\u00f6z\u00f6tt &#8211; \u00e1ll a Szeged-Csan\u00e1di Egyh\u00e1zmegye k\u00f6zlem\u00e9ny\u00e9ben.<\/span><\/p>\n<p><span style=\"font-weight: 400;\">Kiss-Rig\u00f3 L\u00e1szl\u00f3 p\u00fcsp\u00f6k egy kor\u00e1bbi interj\u00faban \u00edgy m\u00e9ltatta a tud\u00f3st: \u201enagyobb szakmai karriert futott volna be, ha nem v\u00e1llalta volna katolikus hit\u00e9t.&#8221; Kitart\u00e1sa arr\u00f3l tesz tan\u00fas\u00e1got, hogy h\u0171s\u00e9g\u00e9t \u00e9s szolg\u00e1l\u00f3 szeretet\u00e9t soha semmilyen ideol\u00f3gia nem tudta megt\u00f6rni. (via MTI)<\/span><\/p>","protected":false},"excerpt":{"rendered":"<p>A boldogg\u00e1 avat\u00e1si folyamat r\u00f3mai szakasz\u00e1ban fontos \u00e1llom\u00e1s a Szentek \u00dcgyeinek Kongreg\u00e1ci\u00f3ja f\u0151papi test\u00fclet\u00e9nek \u00fcl\u00e9se, melynek legk\u00f6zelebbi alkalm\u00e1ra m\u00e1jusban ker\u00fcl sor.<\/p>","protected":false},"author":7,"featured_media":0,"comment_status":"closed","ping_status":"closed","sticky":false,"template":"","format":"standard","meta":{"_seopress_robots_primary_cat":"none"},"categories":[4],"tags":[3950,4871,2300],"acf":[],"amp_enabled":true,"_links":{"self":[{"href":"https:\/\/szegederarchivum.hu\/en\/wp-json\/wp\/v2\/posts\/49183"}],"collection":[{"href":"https:\/\/szegederarchivum.hu\/en\/wp-json\/wp\/v2\/posts"}],"about":[{"href":"https:\/\/szegederarchivum.hu\/en\/wp-json\/wp\/v2\/types\/post"}],"author":[{"embeddable":true,"href":"https:\/\/szegederarchivum.hu\/en\/wp-json\/wp\/v2\/users\/7"}],"replies":[{"embeddable":true,"href":"https:\/\/szegederarchivum.hu\/en\/wp-json\/wp\/v2\/comments?post=49183"}],"version-history":[{"count":2,"href":"https:\/\/szegederarchivum.hu\/en\/wp-json\/wp\/v2\/posts\/49183\/revisions"}],"predecessor-version":[{"id":49186,"href":"https:\/\/szegederarchivum.hu\/en\/wp-json\/wp\/v2\/posts\/49183\/revisions\/49186"}],"wp:attachment":[{"href":"https:\/\/szegederarchivum.hu\/en\/wp-json\/wp\/v2\/media?parent=49183"}],"wp:term":[{"taxonomy":"category","embeddable":true,"href":"https:\/\/szegederarchivum.hu\/en\/wp-json\/wp\/v2\/categories?post=49183"},{"taxonomy":"post_tag","embeddable":true,"href":"https:\/\/szegederarchivum.hu\/en\/wp-json\/wp\/v2\/tags?post=49183"}],"curies":[{"name":"wp","href":"https:\/\/api.w.org\/{rel}","templated":true}]}}