{"id":49473,"date":"2021-03-29T12:14:40","date_gmt":"2021-03-29T10:14:40","guid":{"rendered":"https:\/\/szegederarchivum.hu\/?p=49473"},"modified":"2021-03-29T12:22:55","modified_gmt":"2021-03-29T10:22:55","slug":"szegedi-fidesz-berleti-dijat-emel-az-onkormanyzat-a-rendeleti-tiltas-ellenere","status":"publish","type":"post","link":"https:\/\/szegederarchivum.hu\/en\/szegedi-fidesz-berleti-dijat-emel-az-onkormanyzat-a-rendeleti-tiltas-ellenere\/","title":{"rendered":"Szegedi Fidesz: b\u00e9rleti d\u00edjat emel az \u00f6nkorm\u00e1nyzat a rendeleti tilt\u00e1s ellen\u00e9re"},"content":{"rendered":"<p><strong>Mint k\u00f6ztudott, a korm\u00e1ny rendeletben szab\u00e1lyozza, hogy az \u00f6nkorm\u00e1nyzatok a vesz\u00e9lyhelyzet megsz\u0171n\u00e9s\u00e9ig t\u00f6bbek k\u00f6z\u00f6tt b\u00e9rleti d\u00edjat sem emelhetnek saj\u00e1t tulajdon\u00fa ingatlanjaikban. A helyi Fidesz tudom\u00e1s\u00e1ra jutott, hogy m\u00e9gis lehet ilyen gyakorlat Szegeden, al\u00e1bb k\u00f6z\u00f6lj\u00fck err\u0151l megjelent sajt\u00f3k\u00f6zlem\u00e9ny\u00fcket.<\/strong><\/p>\n<p>\u201eFelh\u00e1borodva tapasztaljuk, hogy Szeged v\u00e1rosa b\u00e9rleti d\u00edjemel\u00e9sbe fogott annak ellen\u00e9re, hogy a korm\u00e1ny a vesz\u00e9lyhelyzet idej\u00e9re ezt egy\u00e9rtelm\u0171en megtiltotta a ter\u00fcleti \u00f6nkorm\u00e1nyzatoknak, hogy ezzel is cs\u00f6kkentse azok terheit, akik \u00f6nkorm\u00e1nyzati ingatlant b\u00e9relnek tev\u00e9kenys\u00e9g\u00fck folytat\u00e1s\u00e1ra vagy lak\u00e1sc\u00e9lra. Mint azt b\u00e9rl\u0151kt\u0151l megtudtuk, van olyan \u00fczlet vagy j\u00f3t\u00e9konys\u00e1gi szervezet, amelyik t\u00f6bb mint egy \u00e9ve z\u00e1rva tart, \u00e9s most m\u00e9gis t\u00f6bbet kell fizetnie, ugyanis az Ingatlankezel\u0151 \u00e9s Vagyongazd\u00e1lkod\u00f3 Zrt. (IKV) 2,9 sz\u00e1zal\u00e9kkal, azaz az infl\u00e1ci\u00f3 m\u00e9rt\u00e9k\u00e9vel m\u00e9gis megemelte a b\u00e9rleti d\u00edjat\u201d \u2013 \u00edrj\u00e1k.<\/p>\n<p>Szerint\u00fck jellemz\u0151 az \u00f6nkorm\u00e1nyzati c\u00e9gre, amikor k\u00e9rd\u0151re vonj\u00e1k a jogtalan sarcol\u00e1s miatt, h\u00e1r\u00edt \u00e9s terel, hiszen a 609\/2020-as korm\u00e1nyrendelet egy\u00e9rtelm\u0171en fogalmaz \u201ea vesz\u00e9lyhelyzet ideje alatt az \u00e1llami \u00e9s \u00f6nkorm\u00e1nyzati b\u00e9rleti szerz\u0151d\u00e9sekre vonatkoz\u00f3 elt\u00e9r\u0151 szab\u00e1lyokr\u00f3l\u201d. Ebben pedig az olvashat\u00f3, hogy a hat\u00e1lybal\u00e9p\u00e9st\u0151l kezdve az \u00f6nkorm\u00e1nyzatok a vesz\u00e9lyhelyzet megsz\u0171n\u00e9s\u00e9ig nem bonthatnak fel b\u00e9rleti szerz\u0151d\u00e9seket, illetve b\u00e9rleti d\u00edjat sem emelhetnek saj\u00e1t tulajdon\u00fa ingatlanjaikban.<\/p>\n<p>\u201eA fentiek f\u00e9ny\u00e9ben a Szegedi Fidesz felsz\u00f3l\u00edtja az IKV Zrt-t, hogy azonnal fejezze be a jogtalan sarcol\u00e1si gyakorlatot!\u201d \u2013 z\u00e1rj\u00e1k k\u00f6zlem\u00e9ny\u00fcket.<\/p>","protected":false},"excerpt":{"rendered":"<p>Mint k\u00f6ztudott, a korm\u00e1ny rendeletben szab\u00e1lyozza, hogy az \u00f6nkorm\u00e1nyzatok a vesz\u00e9lyhelyzet megsz\u0171n\u00e9s\u00e9ig t\u00f6bbek k\u00f6z\u00f6tt b\u00e9rleti d\u00edjat sem emelhetnek saj\u00e1t tulajdon\u00fa ingatlanjaikban. A helyi Fidesz tudom\u00e1s\u00e1ra jutott, hogy m\u00e9gis lehet ilyen gyakorlat Szegeden, al\u00e1bb k\u00f6z\u00f6lj\u00fck err\u0151l megjelent sajt\u00f3k\u00f6zlem\u00e9ny\u00fcket.<\/p>","protected":false},"author":16,"featured_media":0,"comment_status":"closed","ping_status":"closed","sticky":false,"template":"","format":"standard","meta":{"_seopress_robots_primary_cat":"none"},"categories":[4],"tags":[4896,819,852,3597],"acf":[],"amp_enabled":true,"_links":{"self":[{"href":"https:\/\/szegederarchivum.hu\/en\/wp-json\/wp\/v2\/posts\/49473"}],"collection":[{"href":"https:\/\/szegederarchivum.hu\/en\/wp-json\/wp\/v2\/posts"}],"about":[{"href":"https:\/\/szegederarchivum.hu\/en\/wp-json\/wp\/v2\/types\/post"}],"author":[{"embeddable":true,"href":"https:\/\/szegederarchivum.hu\/en\/wp-json\/wp\/v2\/users\/16"}],"replies":[{"embeddable":true,"href":"https:\/\/szegederarchivum.hu\/en\/wp-json\/wp\/v2\/comments?post=49473"}],"version-history":[{"count":1,"href":"https:\/\/szegederarchivum.hu\/en\/wp-json\/wp\/v2\/posts\/49473\/revisions"}],"predecessor-version":[{"id":49479,"href":"https:\/\/szegederarchivum.hu\/en\/wp-json\/wp\/v2\/posts\/49473\/revisions\/49479"}],"wp:attachment":[{"href":"https:\/\/szegederarchivum.hu\/en\/wp-json\/wp\/v2\/media?parent=49473"}],"wp:term":[{"taxonomy":"category","embeddable":true,"href":"https:\/\/szegederarchivum.hu\/en\/wp-json\/wp\/v2\/categories?post=49473"},{"taxonomy":"post_tag","embeddable":true,"href":"https:\/\/szegederarchivum.hu\/en\/wp-json\/wp\/v2\/tags?post=49473"}],"curies":[{"name":"wp","href":"https:\/\/api.w.org\/{rel}","templated":true}]}}