{"id":49729,"date":"2021-04-04T13:11:44","date_gmt":"2021-04-04T11:11:44","guid":{"rendered":"https:\/\/szegederarchivum.hu\/?p=49729"},"modified":"2021-04-04T13:14:00","modified_gmt":"2021-04-04T11:14:00","slug":"az-szte-professzora-szerint-aprilisban-meg-nem-kene-megnyitni-az-iskolakat","status":"publish","type":"post","link":"https:\/\/szegederarchivum.hu\/en\/az-szte-professzora-szerint-aprilisban-meg-nem-kene-megnyitni-az-iskolakat\/","title":{"rendered":"Az SZTE professzora szerint \u00e1prilisban m\u00e9g nem k\u00e9ne megnyitni az iskol\u00e1kat"},"content":{"rendered":"<p><span style=\"font-weight: 400;\">A jelenlegi korm\u00e1nykommunik\u00e1ci\u00f3 szerint a magyarorsz\u00e1gi enyh\u00edt\u00e9sekhez legal\u00e1bb 2,5 milli\u00f3 embert kell beoltani, \u00edgy \u00e1prilis 19-\u00e9n nyithatnak az iskol\u00e1k \u00e9s \u00f3vod\u00e1kat, ami sz\u00e1mtalan helyen kavart vit\u00e1t.<\/span><\/p>\n<p><span style=\"font-weight: 400;\">Boldogk\u0151i Zsolt, a Szegedi Tudom\u00e1nyegyetem Orvosi Biol\u00f3giai Int\u00e9zet\u00e9nek tansz\u00e9kvezet\u0151 egyetemi tan\u00e1ra szerint egyre jobban \u00e1llunk \u00e1toltotts\u00e1g tekintet\u00e9ben, \u201eami hamarosan j\u00f3t\u00e9kony hat\u00e1ssal lesz a ma m\u00e9g kedvez\u0151tlen eg\u00e9szs\u00e9g\u00fcgyi statisztik\u00e1kra is.\u201d A professzor Facebook-bejegyz\u00e9s\u00e9ben jelezte, hogy k\u00e9t probl\u00e9m\u00e1t kellene addig m\u00e9g megoldani:<\/span><\/p>\n<ul>\n<li><span style=\"font-weight: 400;\">\u201eTov\u00e1bbi t\u00fcrelmet kellene k\u00e9rn\u00fcnk \u00e9s gyakorolnunk: ne nyissuk meg az iskol\u00e1kat \u00e1prilisban. M\u00e1r csak az\u00e9rt sem mert a gyermekeket m\u00e9g nem lehet oltani, a tan\u00e1rok olt\u00e1sa pedig nem fog elegend\u0151 immunit\u00e1st produk\u00e1lni addigra. Tov\u00e1bb\u00e1, a brit vari\u00e1ns vesz\u00e9lyes a kicsikre, r\u00e1ad\u00e1sul, \u0151k haza fogj\u00e1k vinni a v\u00edrust a csal\u00e1dba.<\/span><\/li>\n<li>Hamarosan el fogunk \u00e9rkezni arra a pontra, hogy az olt\u00e1selleness\u00e9g miatt nem n\u0151 tov\u00e1bb az \u00e1toltotts\u00e1g, \u00e9s ez\u00e9rt nem tudunk megszabadulni a v\u00edrust\u00f3l. Le kell t\u00f6rni az olt\u00e1selleness\u00e9get! Hat\u00e1sos motiv\u00e1ci\u00f3s rendszert kellene kidolgozni az oltakoz\u00e1si hajland\u00f3s\u00e1g kialak\u00edt\u00e1s\u00e1ra, melynek f\u0151 eszk\u00f6zek\u00e9nt az olt\u00e1sigazolv\u00e1nynak igen er\u0151s jogos\u00edtv\u00e1nyokat kellene adni. A v\u00edrusszkeptikus \u00e9s olt\u00e1sellenes vez\u00e9rekre pedig alkalmazni kellene a hat\u00e1lyos jogszab\u00e1lyokat. \u00dagy \u00e9rz\u00e9kelem, hogy az ellenz\u00e9k is strat\u00e9gi\u00e1t v\u00e1ltott \u00e9s nem agit\u00e1l m\u00e1r t\u00fals\u00e1gosan a keleti vakcin\u00e1k ellen.\u201d<\/li>\n<\/ul>\n<p><span style=\"font-weight: 400;\">Boldogk\u0151i r\u00e9g\u00f3ta nagy csat\u00e1kat v\u00edv az olt\u00e1sellenesekkel, p\u00e1r hete arr\u00f3l posztolt, hogy feljelentett\u00e9k <a href=\"https:\/\/szegederarchivum.hu\/nepirtas-vadjaval-jelentettek-fel-boldogkoi-zsolt-professzort\/\" target=\"_blank\" rel=\"noopener\">n\u00e9pirt\u00e1s v\u00e1dj\u00e1val<\/a>. \u201eEgy I. P\u00e9ter nev\u0171 alak rend\u0151rs\u00e9gi feljelent\u00e9st tett ellenem, mert nem tettem eleget a fenyeget\u0151z\u00e9seinek. \u00c1ll\u00edt\u00e1sa szerint 966 ember halt meg az mRNS vakcin\u00e1z\u00e1s k\u00f6vetkezt\u00e9ben az USA-ban. E t\u00e9nyek ellen\u00e9re \u00e9n az olt\u00e1sok mellett \u00e1llok ki\u201d \u2013 \u00edrta akkor Boldogk\u0151i Zsolt Facebook-bejegyz\u00e9s\u00e9ben.<\/span><\/p>\n<div class=\"fb-post\" data-href=\"https:\/\/www.facebook.com\/zsolt.boldogkoi\/posts\/4182355735130736\" data-width=\"500\" data-show-text=\"true\">\n<blockquote class=\"fb-xfbml-parse-ignore\" cite=\"https:\/\/www.facebook.com\/zsolt.boldogkoi\/posts\/4182355735130736\"><p>\u00c1toltotts\u00e1g tekintet\u00e9ben egyre jobban \u00e1llunk vil\u00e1gviszonylatban, ami hamarosan j\u00f3t\u00e9kony hat\u00e1ssal lesz a ma m\u00e9g&#8230;<\/p>\n<p>K\u00f6zz\u00e9tette: <a href=\"https:\/\/www.facebook.com\/zsolt.boldogkoi\">Zsolt Boldogk\u0151i<\/a> \u2013\u00a0<a href=\"https:\/\/www.facebook.com\/zsolt.boldogkoi\/posts\/4182355735130736\">2021. \u00e1prilis 3., szombat<\/a><\/p><\/blockquote>\n<\/div>\n<p>&nbsp;<\/p>","protected":false},"excerpt":{"rendered":"<p>Boldogk\u0151i Zsolt szerint egyre jobban \u00e1llunk \u00e1toltotts\u00e1g tekintet\u00e9ben, \u201eami hamarosan j\u00f3t\u00e9kony hat\u00e1ssal lesz a ma m\u00e9g kedvez\u0151tlen eg\u00e9szs\u00e9g\u00fcgyi statisztik\u00e1kra is.\u201d A professzor Facebook-bejegyz\u00e9s\u00e9ben jelezte, hogy k\u00e9t probl\u00e9m\u00e1t kellene addig m\u00e9g megoldani<\/p>","protected":false},"author":7,"featured_media":0,"comment_status":"closed","ping_status":"closed","sticky":false,"template":"","format":"standard","meta":{"_seopress_robots_primary_cat":"none"},"categories":[4],"tags":[4869,3597,3859],"acf":[],"amp_enabled":true,"_links":{"self":[{"href":"https:\/\/szegederarchivum.hu\/en\/wp-json\/wp\/v2\/posts\/49729"}],"collection":[{"href":"https:\/\/szegederarchivum.hu\/en\/wp-json\/wp\/v2\/posts"}],"about":[{"href":"https:\/\/szegederarchivum.hu\/en\/wp-json\/wp\/v2\/types\/post"}],"author":[{"embeddable":true,"href":"https:\/\/szegederarchivum.hu\/en\/wp-json\/wp\/v2\/users\/7"}],"replies":[{"embeddable":true,"href":"https:\/\/szegederarchivum.hu\/en\/wp-json\/wp\/v2\/comments?post=49729"}],"version-history":[{"count":3,"href":"https:\/\/szegederarchivum.hu\/en\/wp-json\/wp\/v2\/posts\/49729\/revisions"}],"predecessor-version":[{"id":49733,"href":"https:\/\/szegederarchivum.hu\/en\/wp-json\/wp\/v2\/posts\/49729\/revisions\/49733"}],"wp:attachment":[{"href":"https:\/\/szegederarchivum.hu\/en\/wp-json\/wp\/v2\/media?parent=49729"}],"wp:term":[{"taxonomy":"category","embeddable":true,"href":"https:\/\/szegederarchivum.hu\/en\/wp-json\/wp\/v2\/categories?post=49729"},{"taxonomy":"post_tag","embeddable":true,"href":"https:\/\/szegederarchivum.hu\/en\/wp-json\/wp\/v2\/tags?post=49729"}],"curies":[{"name":"wp","href":"https:\/\/api.w.org\/{rel}","templated":true}]}}