{"id":49865,"date":"2021-04-07T18:00:37","date_gmt":"2021-04-07T16:00:37","guid":{"rendered":"https:\/\/szegederarchivum.hu\/?p=49865"},"modified":"2021-04-07T18:27:32","modified_gmt":"2021-04-07T16:27:32","slug":"az-szte-oktatoja-afrikai-civilizacio-nincs-ott-a-fekak-az-oserdoben-lofaszt-se-csinaltak","status":"publish","type":"post","link":"https:\/\/szegederarchivum.hu\/en\/az-szte-oktatoja-afrikai-civilizacio-nincs-ott-a-fekak-az-oserdoben-lofaszt-se-csinaltak\/","title":{"rendered":"Az SZTE oktat\u00f3ja: Afrikai civiliz\u00e1ci\u00f3 nincs. Ott a fek\u00e1k az \u0151serd\u0151ben l\u00f3faszt se csin\u00e1ltak"},"content":{"rendered":"<p><strong>A szeged.hu <a href=\"https:\/\/szeged.hu\/hirek\/41496\/rasszista-homofob-szexista-kijelentesei-miatt-panaszoltak-be-egy-szegedi-tortenesz-oktatot-a-hallgatoi\" target=\"_blank\" rel=\"noopener\">jutott hozz\u00e1<\/a> egy panaszlev\u00e9lhez, ami szerint az SZTE-n tartott Migr\u00e1ci\u00f3 \u00e9s Menek\u00fclt\u00fcgy a XX. sz\u00e1zadban c\u00edm\u0171 tant\u00e1rgy el\u0151ad\u00e1s\u00e1n eg\u00e9szen nem odaval\u00f3 mondatok hangoztak el. A t\u00f6rt\u00e9ntek miatt n\u00e9gy hallgat\u00f3 panaszlevelet \u00edrt, az \u00fcgy a Juh\u00e1sz Gyula Pedag\u00f3gusk\u00e9pz\u0151 Karra ker\u00fclt, ahol az \u00e9rintett tan\u00e1r, Guly\u00e1s L\u00e1szl\u00f3 oktat. A di\u00e1kok tudom\u00e1sa szerint a kar m\u00e1r vizsg\u00e1lja az \u00fcgyet.<\/strong><\/p>\n<p>Az omin\u00f3zus el\u0151ad\u00e1s febru\u00e1r 17-\u00e9n d\u00e9lut\u00e1n ment le online a Szegedi Tudom\u00e1nyegyetem Migr\u00e1ci\u00f3 \u00e9s Menek\u00fclt\u00fcgy a XX. sz\u00e1zadban c\u00edm\u0171 tant\u00e1rgy\u00e1n\u00e1l, amelyen Guly\u00e1s L\u00e1szl\u00f3 t\u00f6rt\u00e9n\u00e9sz, f\u0151iskolai professzor hallgat\u00f3inak egy r\u00e9sze szerint rasszista, homof\u00f3b, szexista megjegyz\u00e9sek sokas\u00e1g\u00e1t haszn\u00e1lta. A t\u00f6rt\u00e9n\u00e9sz, aki egyben a Magyars\u00e1gkutat\u00f3 Int\u00e9zet tudom\u00e1nyos tan\u00e1csad\u00f3ja is, m\u00e1rcius 15-\u00e9n a Magyar \u00c9rdemrend lovagkeresztje polg\u00e1ri tagozata kit\u00fcntet\u00e9s\u00e9t vehette \u00e1t \u2013 \u00edrja az \u00f6nkorm\u00e1nyzati h\u00edrport\u00e1l.<\/p>\n<p>A di\u00e1kok szerint Guly\u00e1s m\u00e1r az elej\u00e9n egy, Gy\u0151zike f\u00e9nyk\u00e9p\u00e9vel feljelentkez\u0151 hallgat\u00f3t a k\u00e9p elt\u00e1vol\u00edt\u00e1s\u00e1ra utas\u00edtott: \u201eTeh\u00e1t \u00e9n ut\u00e1lom a cig\u00e1nyokat, de a Gy\u0151zik\u00e9t v\u00e9gk\u00e9pp, ne kelljen m\u00e1r n\u00e9znem&#8230;\u201d Ez meg is t\u00f6rt\u00e9nt, majd az \u00f3ra egy pontj\u00e1n Guly\u00e1s L\u00e1szl\u00f3 arra k\u00e9rte hallgat\u00f3it, hogy min\u0151s\u00edts\u00e9k prezent\u00e1ci\u00f3j\u00e1t. Valakit\u0151l a \u201et\u00f6k\u00e9letes\u201d v\u00e1laszt kapta, majd erre a k\u00f6vetkez\u0151t v\u00e1laszolta: \u201eAz lenne a t\u00f6k\u00e9letes, ha Claudia Schiffer a h\u00e1l\u00f3szob\u00e1mban tart\u00f3zkodna, de tudom, hogy a hallgat\u00f3nak minden j\u00f3\u201d.<\/p>\n<p>Ezut\u00e1n a feket\u00e9kre t\u00e9rt\u00fcnk r\u00e1, az el\u0151ad\u00e1son bemutatott illusztr\u00e1ci\u00f3 kapcs\u00e1n az hangzott el t\u00f6bbek k\u00f6z\u00f6tt, hogy \u201eaz amerikai feka kult\u00fara a rapre \u00e9p\u00fcl\u201d, illetve \u201eaz angol katon\u00e1k apr\u00edtj\u00e1k a fek\u00e1kat\u201d. Itt hangzott el a c\u00edm is, miszerint \u201eafrikai civiliz\u00e1ci\u00f3 nincs. Ott a fek\u00e1k az \u0151serd\u0151ben l\u00f3faszt se csin\u00e1ltak\u201d. Tov\u00e1bb\u00e1 kifejtette, hogy ha a \u201eszerencs\u00e9tlen neanderv\u00f6lgyi megl\u00e1tja a One Directiont, visszafordul\u201d, nem sokkal k\u00e9s\u0151bb \u201erendk\u00edv\u00fcl cs\u00fanya niggerek\u201d-r\u0151l besz\u00e9lt.<\/p>\n<p>M\u00e9g nincs v\u00e9ge, to be continued:<\/p>\n<ul>\n<li>Joe Bident szimpl\u00e1n \u201ef\u00e9lh\u00fcly\u00e9nek\u201d nevezte.<\/li>\n<li>Az aleln\u00f6k kapcs\u00e1n: \u201ea n\u0151nek a nev\u00e9re nem is eml\u00e9kszem&#8230; Kamala Harris, \u00e9n csak fekete ribancnak sz\u00f3l\u00edtom\u201d.<\/li>\n<li>Szerinte a jap\u00e1n izol\u00e1ci\u00f3s viselked\u00e9s belterjes szaporod\u00e1st id\u00e9zett el\u0151, \u00e9s ez degener\u00e1ltakk\u00e1 v\u00e1ltoztatta az ott lak\u00f3kat, ami a kreativit\u00e1sban is megnyilv\u00e1nul.<\/li>\n<li>Kijelentette, hogy a t\u00e1vol-keleti orsz\u00e1g lak\u00f3inak nem volt jobb dolguk a m\u00e1sodik vil\u00e1gh\u00e1bor\u00fa alatt, mint hogy szexu\u00e1lis t\u00f6ltet\u0171 k\u00e9preg\u00e9nyeket k\u00e9sz\u00edtettek.<\/li>\n<li>Az online hallgat\u00f3khoz c\u00edmezve: \u201ej\u00f3 lenne m\u00e1r nem csak XY sr\u00e1c k\u00e9p\u00e9t l\u00e1tni, bekapcsolhatn\u00e1k a h\u00f6lgyek a kamer\u00e1t, legal\u00e1bb lenne mit n\u00e9znem\u201d.<\/li>\n<li>\u201eA kreol hallgat\u00f3l\u00e1ny visszaj\u00f6hetne\u201d.<\/li>\n<li>Megszak\u00edtott \u00e9s \u00fajrakezdett Zoom el\u0151ad\u00e1s elej\u00e9n arr\u00f3l \u00e9rdekl\u0151d\u00f6tt, hogy mindenki visszat\u00e9rt-e, majd kifejtette, hogy\u00a0nem izgul fel arra az inform\u00e1ci\u00f3ra, ha egy f\u00e9rfi hallgat\u00f3 t\u00e9rt vissza.<\/li>\n<\/ul>\n<p>A szeged.hu megkereste Guly\u00e1st ennek kapcs\u00e1n, aki el\u0151re kik\u00f6t\u00f6tte, hogy v\u00e1lasza teljes eg\u00e9sz\u00e9ben, v\u00e1ltoztat\u00e1s n\u00e9lk\u00fcl jelenjen meg:<\/p>\n<p><em>\u201eMintegy huszon\u00f6t \u00e9ves egyetemi oktat\u00f3i p\u00e1ly\u00e1m sor\u00e1n igyekeztem mindig magas sz\u00ednvonalon ell\u00e1tni feladataimat, s tev\u00e9kenys\u00e9gemmel kapcsolatban eddig sem szem\u00e9lyi, sem szakmai agg\u00e1ly soha nem mer\u00fclt fel. A hallgat\u00f3k k\u00f6r\u00e9ben el\u0151ad\u00e1saim nagy n\u00e9pszer\u0171s\u00e9gnek \u00f6rvendnek. K\u00e9t doktori (PhD) fokozattal \u00e9s habilit\u00e1lt doktori c\u00edmmel rendelkez\u0151 professzork\u00e9nt a tudom\u00e1nyos teljes\u00edtm\u00e9nyt objekt\u00edv m\u00f3don jellemz\u0151 Magyar Tudom\u00e1nyos M\u0171vek T\u00e1ra adatb\u00e1zisban t\u00f6bb mint n\u00e9gysz\u00e1z k\u00f6zlem\u00e9nyem szerepel (k\u00f6zt\u00fck tizen\u00f6t \u00f6n\u00e1ll\u00f3 k\u00f6nyvem), az azokra val\u00f3 f\u00fcggetlen hivatkoz\u00e1sok sz\u00e1ma pedig meghaladja az ezer\u00f6tsz\u00e1zat.\u201d<\/em><\/p>\n<p>Valamivel k\u00e9s\u0151bb CooSpace-en, a Szegedi Tudom\u00e1nyegyetem oktat\u00e1st seg\u00edt\u0151 online fel\u00fclet\u00e9n a kurzust felvev\u0151 hallgat\u00f3knak is \u00edrt, sz\u00f3 szerint:<\/p>\n<p><em>\u201eTisztelt Hallgat\u00f3 H\u00f6lgyek \u00e9s Urak!<\/em><\/p>\n<p><em>K\u00f3sza inform\u00e1ci\u00f3k jutottak el hozz\u00e1m, miszerint n\u00e9h\u00e1ny hallgat\u00f3nak nem tetszik az a vil\u00e1gn\u00e9zeti alap, amelyr\u0151l a migr\u00e1ci\u00f3s \u00f3r\u00e1t tartom. S\u0151t \u00e1ll\u00edt\u00f3lag feljelent\u00e9st<\/em><br \/>\n<em>\u00edrtak ellenem!!!<\/em><\/p>\n<p><em>Ez a sunyi magatart\u00e1s m\u00e9lys\u00e9gesen felh\u00e1bor\u00edtott. Az oktat\u00f3 feljelent\u00e9se vil\u00e1gn\u00e9zeti alapon a legrosszabb kommunista id\u0151kre eml\u00e9keztet. Ilyet Szt\u00e1lin \u00e9s R\u00e1kosi alap csin\u00e1ltak az ifj\u00fa kommunist\u00e1k. Ez a magatart\u00e1s m\u00e9ltatlan az egyetemi l\u00e9thez, ez m\u00e9ltatlan az oktat\u00f3-hallgat\u00f3 viszonyhoz.<\/em><\/p>\n<p><em>Az egyetemi auton\u00f3mia lesz\u00f6gezi, hogy az oktat\u00f3nak a tan\u00edt\u00e1s sor\u00e1n alapvet\u0151 joga a saj\u00e1t \u00e9rt\u00e9krendj\u00e9nek megfelel\u0151en tan\u00edtani. Nemzeti, polg\u00e1ri, konzervat\u00edv \u00e9rt\u00e9krendet vall\u00f3 oktat\u00f3k\u00e9nt visszautas\u00edtom, hogy b\u00e1rmely hallgat\u00f3 megk\u00e9rd\u0151jelezze \u00e9rt\u00e9krendemet.<\/em><\/p>\n<p><em>A hallgat\u00f3nak nem k\u00f6telez\u0151 Velem egyet\u00e9rteni! A hallottak a hallgat\u00f3 a saj\u00e1t \u00e9rt\u00e9krendje szerint elfogadhatja, illetve elutas\u00edthatja.<\/em><\/p>\n<p><em>Mivel a migr\u00e1ci\u00f3s kurzusom szabadon v\u00e1laszthat\u00f3 tant\u00e1rgy, azt javaslom, hogy<\/em><br \/>\n<em>a) akinek nem tetszik el\u0151ad\u00e1som vil\u00e1gn\u00e9zeti alapja<\/em><br \/>\n<em>b) nem \u00e9rt egyet a nemzeti, polg\u00e1ri, konzervat\u00edv \u00e9rt\u00e9krenddel<\/em><br \/>\n<em>c) akit ennek hallgat\u00e1sa is zavar<\/em><\/p>\n<p><em>az AZONNAL ADJA LE \u00d3R\u00c1MAT!!! (Ma \u00e9jf\u00e9lig m\u00e9g megteheti).<\/em><\/p>\n<p><em>Nem szeretn\u00e9m, ha a Szegedi Tudom\u00e1nyegyetem, n\u00e9h\u00e1ny hallgat\u00f3 miatt ideol\u00f3giai csatat\u00e9rr\u00e9 v\u00e1ltozna. Az egyetemi auton\u00f3mia k\u00f6vetkezt\u00e9ben sz\u00e1mos kommunista \u00e9s liber\u00e1lis oktat\u00f3 tan\u00edt egyetem\u00fcnk\u00f6n, \u00edgy ezen hallgat\u00f3knak van lehet\u0151s\u00e9ge saj\u00e1t vil\u00e1gn\u00e9zeti meggy\u0151z\u0151d\u00e9s\u00e9nek megfelel\u0151 kurzust hallgatnia.<\/em><\/p>\n<p><em>\u00dcdv\u00f6zlettel:<\/em><br \/>\n<em>Prof\u00a0 Dr. Guly\u00e1s L\u00e1szl\u00f3 egyetemi tan\u00e1r\u201d<\/em><\/p>\n<p>A Fels\u0151oktat\u00e1si T\u00f6rv\u00e9ny szerint az oktat\u00f3t val\u00f3ban megilleti a vil\u00e1gn\u00e9zet \u00e9s az \u00e9rt\u00e9krend szerint oktat\u00e1s joga, azzal a korl\u00e1ttal, hogy az ismereteket t\u00e1rgyilagosan \u00e9s t\u00f6bboldal\u00faan kell k\u00f6zvet\u00edtenie, a hallgat\u00f3 emberi m\u00e9lt\u00f3s\u00e1g\u00e1t \u00e9s jogait tiszteletben tartva. A Szegedi Tudom\u00e1nyegyetem Etikai Szab\u00e1lyzata \u00fagy fogalmaz, hogy az egyetem nem elk\u00f6telezett egyetlen vall\u00e1s, egyh\u00e1z vagy vil\u00e1gn\u00e9zet mellett sem, vall\u00e1si \u00e9s vil\u00e1gn\u00e9zeti k\u00e9rd\u00e9sekben semleges \u00e9s toler\u00e1ns.<\/p>\n<p>Az SZTE Etikai szab\u00e1lyzata az oktat\u00f3kra, kutat\u00f3kra \u00e9s tan\u00e1rokra vonatkoz\u00f3 \u00e1ltal\u00e1nos etikai ir\u00e1nyelvek k\u00f6z\u00f6tt egyebek mellett megfogalmazza, hogy azok ragaszkodjanak a t\u00e9nyekhez, a tudom\u00e1nyos igazs\u00e1ghoz \u00e9s a tudom\u00e1nyos m\u00f3dszerekkel kapott adatokhoz; az azokb\u00f3l levont k\u00f6vetkeztet\u00e9seket szakmai tisztess\u00e9ggel k\u00e9pviselj\u00e9k.<\/p>\n<p>&nbsp;<\/p>\n<p><em>Nyit\u00f3k\u00e9p: Prof Dr. Guly\u00e1s L\u00e1szl\u00f3 egyetemi tan\u00e1r. Fot\u00f3: Magyars\u00e1gkutat\u00f3 Int\u00e9zet<\/em><\/p>","protected":false},"excerpt":{"rendered":"<p>A szeged.hu jutott hozz\u00e1 egy panaszlev\u00e9lhez, ami szerint az SZTE-n tartott Migr\u00e1ci\u00f3 \u00e9s Menek\u00fclt\u00fcgy a XX. sz\u00e1zadban c\u00edm\u0171 tant\u00e1rgy el\u0151ad\u00e1s\u00e1n eg\u00e9szen nem odaval\u00f3 mondatok hangoztak el. A t\u00f6rt\u00e9ntek miatt n\u00e9gy hallgat\u00f3 panaszlevelet \u00edrt, az \u00fcgy a Juh\u00e1sz Gyula Pedag\u00f3gusk\u00e9pz\u0151 Karra ker\u00fclt, ahol az \u00e9rintett tan\u00e1r, Guly\u00e1s L\u00e1szl\u00f3 oktat. A di\u00e1kok tudom\u00e1sa szerint a kar m\u00e1r vizsg\u00e1lja az \u00fcgyet.<\/p>","protected":false},"author":16,"featured_media":49868,"comment_status":"closed","ping_status":"closed","sticky":false,"template":"","format":"standard","meta":{"_seopress_robots_primary_cat":"none"},"categories":[4],"tags":[4923,719,133],"acf":[],"amp_enabled":true,"_links":{"self":[{"href":"https:\/\/szegederarchivum.hu\/en\/wp-json\/wp\/v2\/posts\/49865"}],"collection":[{"href":"https:\/\/szegederarchivum.hu\/en\/wp-json\/wp\/v2\/posts"}],"about":[{"href":"https:\/\/szegederarchivum.hu\/en\/wp-json\/wp\/v2\/types\/post"}],"author":[{"embeddable":true,"href":"https:\/\/szegederarchivum.hu\/en\/wp-json\/wp\/v2\/users\/16"}],"replies":[{"embeddable":true,"href":"https:\/\/szegederarchivum.hu\/en\/wp-json\/wp\/v2\/comments?post=49865"}],"version-history":[{"count":6,"href":"https:\/\/szegederarchivum.hu\/en\/wp-json\/wp\/v2\/posts\/49865\/revisions"}],"predecessor-version":[{"id":49873,"href":"https:\/\/szegederarchivum.hu\/en\/wp-json\/wp\/v2\/posts\/49865\/revisions\/49873"}],"wp:featuredmedia":[{"embeddable":true,"href":"https:\/\/szegederarchivum.hu\/en\/wp-json\/wp\/v2\/media\/49868"}],"wp:attachment":[{"href":"https:\/\/szegederarchivum.hu\/en\/wp-json\/wp\/v2\/media?parent=49865"}],"wp:term":[{"taxonomy":"category","embeddable":true,"href":"https:\/\/szegederarchivum.hu\/en\/wp-json\/wp\/v2\/categories?post=49865"},{"taxonomy":"post_tag","embeddable":true,"href":"https:\/\/szegederarchivum.hu\/en\/wp-json\/wp\/v2\/tags?post=49865"}],"curies":[{"name":"wp","href":"https:\/\/api.w.org\/{rel}","templated":true}]}}