{"id":50056,"date":"2021-04-10T11:01:17","date_gmt":"2021-04-10T09:01:17","guid":{"rendered":"https:\/\/szegederarchivum.hu\/?p=50056"},"modified":"2021-04-10T11:01:17","modified_gmt":"2021-04-10T09:01:17","slug":"szerbiaban-hetfotol-nyithatnak-a-bevasarlokozpontok","status":"publish","type":"post","link":"https:\/\/szegederarchivum.hu\/en\/szerbiaban-hetfotol-nyithatnak-a-bevasarlokozpontok\/","title":{"rendered":"Szerbi\u00e1ban h\u00e9tf\u0151t\u0151l nyithatnak a bev\u00e1s\u00e1rl\u00f3k\u00f6zpontok"},"content":{"rendered":"<p><span style=\"font-weight: 400;\">H\u00e9tf\u0151t\u0151l ism\u00e9t kinyithatnak a bev\u00e1s\u00e1rl\u00f3k\u00f6zpontok Szerbi\u00e1ban, a vend\u00e9gl\u00e1t\u00f3helyek viszont tov\u00e1bbra sem szolg\u00e1lhatnak ki z\u00e1rt t\u00e9rben, csak kerthelyis\u00e9gben, ha rendelkeznek ilyennel &#8211; err\u0151l d\u00f6nt\u00f6tt a koronav\u00edrus-j\u00e1rv\u00e1ny kezel\u00e9s\u00e9vel megb\u00edzott szerbiai v\u00e1ls\u00e1gst\u00e1b.<\/span><\/p>\n<p><span style=\"font-weight: 400;\">A test\u00fclet azt is bejelentette, hogy \u00e1prilis 19-t\u0151l \u00fajraindul a tantermi oktat\u00e1s az iskol\u00e1kban. A regisztr\u00e1lt koronav\u00edrus-fert\u0151z\u00f6ttek sz\u00e1ma Szerbi\u00e1ban szombatra 3405-tel 636 418-ra, Koszov\u00f3ban 684-gyel 96 570-re, \u00c9szak-Maced\u00f3ni\u00e1ban 1174-gyel 140 071-re, Montenegr\u00f3ban 237-tel 93 803-ra, Bosznia-Hercegovin\u00e1ban pedig 1096-tal 181 926-ra n\u00f6vekedett.<\/span><\/p>\n<p><span style=\"font-weight: 400;\">A j\u00e1rv\u00e1ny hal\u00e1los \u00e1ldozatainak sz\u00e1ma az ut\u00f3bbi 24 \u00f3r\u00e1ban Szerbi\u00e1ban 39-cel 5659-re, Koszov\u00f3ban h\u00e9ttel 1975-re, \u00c9szak-Maced\u00f3ni\u00e1ban 42-vel 4150-re, Montenegr\u00f3ban kilenccel 1354-re, Bosznia-Hercegovin\u00e1ban pedig 82-vel 7291-ren\u0151tt. (MTI)<\/span><\/p>","protected":false},"excerpt":{"rendered":"<p>H\u00e9tf\u0151t\u0151l ism\u00e9t kinyithatnak a bev\u00e1s\u00e1rl\u00f3k\u00f6zpontok Szerbi\u00e1ban, a vend\u00e9gl\u00e1t\u00f3helyek viszont tov\u00e1bbra sem szolg\u00e1lhatnak ki z\u00e1rt t\u00e9rben, csak kerthelyis\u00e9gben, ha rendelkeznek ilyennel &#8211; err\u0151l d\u00f6nt\u00f6tt a koronav\u00edrus-j\u00e1rv\u00e1ny kezel\u00e9s\u00e9vel megb\u00edzott szerbiai v\u00e1ls\u00e1gst\u00e1b.<\/p>","protected":false},"author":7,"featured_media":0,"comment_status":"closed","ping_status":"closed","sticky":false,"template":"","format":"standard","meta":{"_seopress_robots_primary_cat":"none"},"categories":[978],"tags":[2238,4764,3597,3859,81],"acf":[],"amp_enabled":true,"_links":{"self":[{"href":"https:\/\/szegederarchivum.hu\/en\/wp-json\/wp\/v2\/posts\/50056"}],"collection":[{"href":"https:\/\/szegederarchivum.hu\/en\/wp-json\/wp\/v2\/posts"}],"about":[{"href":"https:\/\/szegederarchivum.hu\/en\/wp-json\/wp\/v2\/types\/post"}],"author":[{"embeddable":true,"href":"https:\/\/szegederarchivum.hu\/en\/wp-json\/wp\/v2\/users\/7"}],"replies":[{"embeddable":true,"href":"https:\/\/szegederarchivum.hu\/en\/wp-json\/wp\/v2\/comments?post=50056"}],"version-history":[{"count":1,"href":"https:\/\/szegederarchivum.hu\/en\/wp-json\/wp\/v2\/posts\/50056\/revisions"}],"predecessor-version":[{"id":50058,"href":"https:\/\/szegederarchivum.hu\/en\/wp-json\/wp\/v2\/posts\/50056\/revisions\/50058"}],"wp:attachment":[{"href":"https:\/\/szegederarchivum.hu\/en\/wp-json\/wp\/v2\/media?parent=50056"}],"wp:term":[{"taxonomy":"category","embeddable":true,"href":"https:\/\/szegederarchivum.hu\/en\/wp-json\/wp\/v2\/categories?post=50056"},{"taxonomy":"post_tag","embeddable":true,"href":"https:\/\/szegederarchivum.hu\/en\/wp-json\/wp\/v2\/tags?post=50056"}],"curies":[{"name":"wp","href":"https:\/\/api.w.org\/{rel}","templated":true}]}}