{"id":50121,"date":"2021-04-13T12:52:05","date_gmt":"2021-04-13T10:52:05","guid":{"rendered":"https:\/\/szegederarchivum.hu\/?p=50121"},"modified":"2021-04-13T12:53:25","modified_gmt":"2021-04-13T10:53:25","slug":"mihalik-edvin-szerint-szeged-egy-becsuletes-es-tisztesseges-varos-ugyhogy-feljelentest-is-tett-az-egyetem-ugyeben","status":"publish","type":"post","link":"https:\/\/szegederarchivum.hu\/en\/mihalik-edvin-szerint-szeged-egy-becsuletes-es-tisztesseges-varos-ugyhogy-feljelentest-is-tett-az-egyetem-ugyeben\/","title":{"rendered":"Mih\u00e1lik Edvin szerint Szeged egy becs\u00fcletes \u00e9s tisztess\u00e9ges v\u00e1ros, \u00fagyhogy feljelent\u00e9st is tett az egyetem \u00fcgy\u00e9ben"},"content":{"rendered":"<p><strong>Feljelent\u00e9st tett a rend\u0151rs\u00e9gen a Szegedi Tudom\u00e1nyegyetemen k\u00f6t\u00f6tt t\u00f6bb sz\u00e1z milli\u00f3s takar\u00edt\u00e1si szerz\u0151d\u00e9s miatt Mih\u00e1lik Edvin szegedi \u00f6nkorm\u00e1nyzati k\u00e9pvisel\u0151, momentumos ogy-k\u00e9pvisel\u0151jel\u00f6lt. Ezt kedden d\u00e9lel\u0151tt jelentette be a Feketesas utca 30. alatt tal\u00e1lhat\u00f3 helyi Momentum-irod\u00e1ban.<\/strong><\/p>\n<p>Mint arr\u00f3l m\u00e1r <a href=\"https:\/\/szegederarchivum.hu\/az-szte-kozbeszerzes-nelkul-egy-dolgozoja-ceget-bizta-meg-750-millios-takaritassal\/\" target=\"_blank\" rel=\"noopener\">\u00edrtunk m\u00e9g a m\u00falt szerd\u00e1n<\/a>, a 24.hu szerint Varga R\u00f3bert egykori szegedi fideszes k\u00e9pvisel\u0151jel\u00f6lt c\u00e9ge k\u00f6zbeszerz\u00e9s n\u00e9lk\u00fcl kapott 750 milli\u00f3 forintos megb\u00edz\u00e1st az egyetemt\u0151l. A cikk szerint a Clean Star Complex Kft. havi nett\u00f3 49 milli\u00f3 (brutt\u00f3 62,23 milli\u00f3) forint\u00e9rt takar\u00edtja az egyetemi \u00e9p\u00fcleteket. Tavaly egy m\u00e1sik c\u00e9g m\u00e9g ennek az \u00f6sszegnek a t\u00f6red\u00e9k\u00e9\u00e9rt, nett\u00f3 14,5 milli\u00f3 forint\u00e9rt v\u00e9gezte ezt a feladatot.<\/p>\n<p>Mih\u00e1lik k\u00e9rd\u00e9se az, hogy mi\u00e9rt lett ilyen dr\u00e1ga hirtelen az \u00e9p\u00fcletek takar\u00edt\u00e1sa? Hogyan ker\u00fclheti meg egy fideszes c\u00e9g a t\u00f6rv\u00e9ny \u00e1ltal el\u0151\u00edrt k\u00f6zbeszerz\u00e9si elj\u00e1r\u00e1st? Ezekre szerinte v\u00e1laszt kell kapnunk, ez\u00e9rt h\u0171tlen kezel\u00e9s gyan\u00faj\u00e1val tett feljelent\u00e9st ismeretlen tettes ellen a szegedi rend\u0151rs\u00e9gen.<\/p>\n<p><img decoding=\"async\" src=\"https:\/\/live.staticflickr.com\/65535\/51113306981_a349573c3b_h.jpg\" \/><\/p>\n<figure style=\"width: 1600px\" class=\"wp-caption alignnone\"><img decoding=\"async\" loading=\"lazy\" src=\"https:\/\/live.staticflickr.com\/65535\/51113306866_55035023da_h.jpg\" alt=\"\" width=\"1600\" height=\"1067\" \/><figcaption class=\"wp-caption-text\">Fot\u00f3: Sz\u0171cs D\u00e1niel \/ Szegeder<\/figcaption><\/figure>\n<p>\u201eEmellett k\u00f6z\u00e9rdek\u0171 bejelent\u00e9ssel fordultam a K\u00f6zbeszerz\u00e9si Hat\u00f3s\u00e1ghoz is annak \u00e9rdek\u00e9ben, hogy kivizsg\u00e1lj\u00e1k, mi\u00e9rt nem folytatta le az egyetem vezet\u00e9se a t\u00f6rv\u00e9ny \u00e1ltal k\u00f6telez\u0151en el\u0151\u00edrt k\u00f6zbeszerz\u00e9si elj\u00e1r\u00e1st. B\u00edzom benne, hogy a rend\u0151rs\u00e9g \u00e9s a hat\u00f3s\u00e1g k\u00f6r\u00fcltekint\u0151en fog elj\u00e1rni, \u00e9s ha b\u0171ncselekm\u00e9ny t\u00f6rt\u00e9nt, akkor az elk\u00f6vet\u0151ket a lehet\u0151 leghamarabb felel\u0151ss\u00e9gre vonj\u00e1k\u201d \u2013 mondta, majd azzal folytatta, hogy h\u00f3napok \u00f3ta k\u00fczdenek a modellv\u00e1lt\u00e1s ellen, mert az alap\u00edtv\u00e1nyi \u00e1talakul\u00e1s ut\u00e1n a k\u00f6zp\u00e9nz felhaszn\u00e1l\u00e1sa m\u00e1r nem lesz ellen\u0151rizhet\u0151.<\/p>\n<p>A k\u00e9pvisel\u0151 szerint most szerencs\u00e9re m\u00e9g k\u00f6ti az egyetemet a k\u00f6zbeszerz\u00e9si t\u00f6rv\u00e9ny, nem lehet b\u00fcntetlen\u00fcl fideszes kifizet\u0151helyk\u00e9nt haszn\u00e1lni az int\u00e9zm\u00e9nyt. A k\u00e9pvisel\u0151 ezt k\u00f6vet\u0151en kijelentette, hogy Szeged egy becs\u00fcletes \u00e9s tisztess\u00e9ges v\u00e1ros, \u00e9s az\u00e9rt kell k\u00fczdeni, hogy az egyetem is ilyen maradjon.<\/p>\n<p>&nbsp;<\/p>","protected":false},"excerpt":{"rendered":"<p>Feljelent\u00e9st tett a rend\u0151rs\u00e9gen a Szegedi Tudom\u00e1nyegyetemen k\u00f6t\u00f6tt t\u00f6bb sz\u00e1z milli\u00f3s takar\u00edt\u00e1si szerz\u0151d\u00e9s miatt Mih\u00e1lik Edvin szegedi \u00f6nkorm\u00e1nyzati k\u00e9pvisel\u0151, momentumos ogy-k\u00e9pvisel\u0151jel\u00f6lt. Ezt kedden d\u00e9lel\u0151tt jelentette be a Feketesas utca 30. alatt tal\u00e1lhat\u00f3 helyi Momentum-irod\u00e1ban.<\/p>","protected":false},"author":1,"featured_media":50124,"comment_status":"closed","ping_status":"closed","sticky":false,"template":"","format":"standard","meta":{"_seopress_robots_primary_cat":"none"},"categories":[4],"tags":[819,659,648,807,133,889],"acf":[],"amp_enabled":true,"_links":{"self":[{"href":"https:\/\/szegederarchivum.hu\/en\/wp-json\/wp\/v2\/posts\/50121"}],"collection":[{"href":"https:\/\/szegederarchivum.hu\/en\/wp-json\/wp\/v2\/posts"}],"about":[{"href":"https:\/\/szegederarchivum.hu\/en\/wp-json\/wp\/v2\/types\/post"}],"author":[{"embeddable":true,"href":"https:\/\/szegederarchivum.hu\/en\/wp-json\/wp\/v2\/users\/1"}],"replies":[{"embeddable":true,"href":"https:\/\/szegederarchivum.hu\/en\/wp-json\/wp\/v2\/comments?post=50121"}],"version-history":[{"count":4,"href":"https:\/\/szegederarchivum.hu\/en\/wp-json\/wp\/v2\/posts\/50121\/revisions"}],"predecessor-version":[{"id":50127,"href":"https:\/\/szegederarchivum.hu\/en\/wp-json\/wp\/v2\/posts\/50121\/revisions\/50127"}],"wp:featuredmedia":[{"embeddable":true,"href":"https:\/\/szegederarchivum.hu\/en\/wp-json\/wp\/v2\/media\/50124"}],"wp:attachment":[{"href":"https:\/\/szegederarchivum.hu\/en\/wp-json\/wp\/v2\/media?parent=50121"}],"wp:term":[{"taxonomy":"category","embeddable":true,"href":"https:\/\/szegederarchivum.hu\/en\/wp-json\/wp\/v2\/categories?post=50121"},{"taxonomy":"post_tag","embeddable":true,"href":"https:\/\/szegederarchivum.hu\/en\/wp-json\/wp\/v2\/tags?post=50121"}],"curies":[{"name":"wp","href":"https:\/\/api.w.org\/{rel}","templated":true}]}}