{"id":50481,"date":"2021-04-19T20:29:31","date_gmt":"2021-04-19T18:29:31","guid":{"rendered":"https:\/\/szegederarchivum.hu\/?p=50481"},"modified":"2021-04-19T20:29:44","modified_gmt":"2021-04-19T18:29:44","slug":"csodas-kepeken-ahogy-74-meternyi-tram-train-kanyarog-hodmezovasarhelyen","status":"publish","type":"post","link":"https:\/\/szegederarchivum.hu\/en\/csodas-kepeken-ahogy-74-meternyi-tram-train-kanyarog-hodmezovasarhelyen\/","title":{"rendered":"Csod\u00e1s k\u00e9peken, ahogy 74 m\u00e9ternyi tram-train kanyarog H\u00f3dmez\u0151v\u00e1s\u00e1rhelyen"},"content":{"rendered":"<p><a href=\"https:\/\/szegederarchivum.hu\/csodas-kepeken-ahogy-74-meternyi-tram-train-kanyarog-hodmezovasarhelyen\/\"><img decoding=\"async\" src=\"https:\/\/live.staticflickr.com\/65535\/51125734619_2c1c052150_h.jpg\" \/><\/a><\/p>\n<p><!--more--><\/p>\n<p>L\u00e1z\u00e1r J\u00e1nos sajt\u00f3csapata <a href=\"https:\/\/www.facebook.com\/lazarjanosfidesz\/posts\/917009772364483\" target=\"_blank\" rel=\"noopener\">k\u00f6z\u00f6lt n\u00e9h\u00e1ny felv\u00e9telt<\/a> arr\u00f3l, ahogyan kett\u0151 csatolt Stadler Citylink k\u00f6zlekedik H\u00f3dmez\u0151v\u00e1s\u00e1rhely belv\u00e1ros\u00e1ban \u00e9s a v\u00e1ros k\u00fclter\u00fclet\u00e9n.<\/p>\n<p>A fot\u00f3sorozat tanuls\u00e1ga alapj\u00e1n a 74 m\u00e9teres szerelv\u00e9ny j\u00e1rt a n\u00e9h\u00e1ny \u00e9ve \u00e1tadott, h\u00edres &#8220;lebeg\u0151&#8221; k\u00f6rforgalom alatti vas\u00fati p\u00e1ly\u00e1n:<\/p>\n<p><img decoding=\"async\" src=\"https:\/\/live.staticflickr.com\/65535\/51125734659_132687dcd5_h.jpg\" \/><\/p>\n<p>A n\u00e9pkerti vas\u00fat\u00e1llom\u00e1sn\u00e1l, az Ady Endre \u00fat elej\u00e9n:<\/p>\n<p><img decoding=\"async\" src=\"https:\/\/live.staticflickr.com\/65535\/51125894593_5f0a9f45f1_h.jpg\" \/><\/p>\n<p>A belv\u00e1rosban, a v\u00e1ros egyik legszebb templom\u00e1nak \u00e1rny\u00e9k\u00e1ban:<\/p>\n<p><img decoding=\"async\" src=\"https:\/\/live.staticflickr.com\/65535\/51125894643_b9900b325b_h.jpg\" \/><\/p>\n<p>\u00c9s a f\u0151bb vas\u00fat\u00e1llom\u00e1s el\u0151tti v\u00e9g\u00e1llom\u00e1s-fej\u00e1llom\u00e1son:<\/p>\n<p><img decoding=\"async\" src=\"https:\/\/live.staticflickr.com\/65535\/51125894558_2c3320196c_h.jpg\" \/><\/p>\n<p><img decoding=\"async\" src=\"https:\/\/live.staticflickr.com\/65535\/51125983961_8247ef57b2_h.jpg\" \/><\/p>\n<p>Meg persze a helysz\u00ednek k\u00f6z\u00f6tt is, csak azokr\u00f3l nem k\u00e9sz\u00fclt felv\u00e9tel. Ekkora m\u00e9ret\u0171 villamosszerelv\u00e9ny egy\u00e9bk\u00e9nt nemhogy H\u00f3dmez\u0151v\u00e1s\u00e1rhelyen nem k\u00f6zlekedett m\u00e9g soha, de j\u00f3 es\u00e9llyel Szegeden sem. Hogy illusztr\u00e1ljuk a k\u00e9t kocsib\u00f3l \u00e1ll\u00f3 entit\u00e1s m\u00e9ret\u00e9t, ennyi kocsi kellene ikonikus szegedi villamosokb\u00f3l, hogy el\u00e9rj\u00e9k a 74 m\u00e9teres hosszt:<\/p>\n<ul>\n<li>PESA 120Nb: 2,5 f\u00e9l darab<\/li>\n<li>Beng\u00e1li: 3,3 darab<\/li>\n<li>Schlick F (313+314) 3,6 darab<\/li>\n<li>Tatra KT4: 4,1 darab<\/li>\n<li>Tatra T6A2: 5,1 darab<\/li>\n<\/ul>\n<p>&nbsp;<\/p>\n<p>&nbsp;<\/p>","protected":false},"excerpt":{"rendered":"","protected":false},"author":1,"featured_media":0,"comment_status":"closed","ping_status":"closed","sticky":false,"template":"","format":"standard","meta":{"_seopress_robots_primary_cat":"none"},"categories":[987],"tags":[],"acf":[],"amp_enabled":true,"_links":{"self":[{"href":"https:\/\/szegederarchivum.hu\/en\/wp-json\/wp\/v2\/posts\/50481"}],"collection":[{"href":"https:\/\/szegederarchivum.hu\/en\/wp-json\/wp\/v2\/posts"}],"about":[{"href":"https:\/\/szegederarchivum.hu\/en\/wp-json\/wp\/v2\/types\/post"}],"author":[{"embeddable":true,"href":"https:\/\/szegederarchivum.hu\/en\/wp-json\/wp\/v2\/users\/1"}],"replies":[{"embeddable":true,"href":"https:\/\/szegederarchivum.hu\/en\/wp-json\/wp\/v2\/comments?post=50481"}],"version-history":[{"count":4,"href":"https:\/\/szegederarchivum.hu\/en\/wp-json\/wp\/v2\/posts\/50481\/revisions"}],"predecessor-version":[{"id":50487,"href":"https:\/\/szegederarchivum.hu\/en\/wp-json\/wp\/v2\/posts\/50481\/revisions\/50487"}],"wp:attachment":[{"href":"https:\/\/szegederarchivum.hu\/en\/wp-json\/wp\/v2\/media?parent=50481"}],"wp:term":[{"taxonomy":"category","embeddable":true,"href":"https:\/\/szegederarchivum.hu\/en\/wp-json\/wp\/v2\/categories?post=50481"},{"taxonomy":"post_tag","embeddable":true,"href":"https:\/\/szegederarchivum.hu\/en\/wp-json\/wp\/v2\/tags?post=50481"}],"curies":[{"name":"wp","href":"https:\/\/api.w.org\/{rel}","templated":true}]}}