{"id":50916,"date":"2021-04-28T18:53:53","date_gmt":"2021-04-28T16:53:53","guid":{"rendered":"https:\/\/szegederarchivum.hu\/?p=50916"},"modified":"2021-04-28T19:00:14","modified_gmt":"2021-04-28T17:00:14","slug":"ezuttal-botka-laszlot-fogadtak-marki-zay-peter-hivta-meg-hodmezovasarhelyre","status":"publish","type":"post","link":"https:\/\/szegederarchivum.hu\/en\/ezuttal-botka-laszlot-fogadtak-marki-zay-peter-hivta-meg-hodmezovasarhelyre\/","title":{"rendered":"Ez\u00fattal Botka L\u00e1szl\u00f3t fogadt\u00e1k, M\u00e1rki-Zay P\u00e9ter h\u00edvta meg H\u00f3dmez\u0151v\u00e1s\u00e1rhelyre"},"content":{"rendered":"<p><img decoding=\"async\" src=\"https:\/\/live.staticflickr.com\/65535\/51145356829_ece86ffe42_h.jpg\" \/><\/p>\n<p><strong>M\u00e1rki-Zay P\u00e9ter fogadta ma H\u00f3dmez\u0151v\u00e1s\u00e1rhelyen Botka L\u00e1szl\u00f3 Szeged, \u00e9s Lengyel R\u00f3bert Si\u00f3fok polg\u00e1rmester\u00e9t. A megbesz\u00e9l\u00e9s f\u0151 t\u00e9m\u00e1ja az \u00f6nkorm\u00e1nyzatokat s\u00fajt\u00f3 korm\u00e1nyzati int\u00e9zked\u00e9s volt, illetve a Modern V\u00e1rosok Program jelent\u0151s cs\u00fasz\u00e1sa, p\u00e9nzhi\u00e1nya volt.<\/strong><\/p>\n<p>M\u00e1rki-Zay P\u00e9ter err\u0151l k\u00f6z\u00f6ss\u00e9gi oldal\u00e1n sz\u00e1molt be, ahol \u201eADJA VISSZA A KORM\u00c1NY A BEV\u00c9TELEINKET \u00c9S NE H\u00c1TR\u00c1LTASS\u00c1K SZEGED, SI\u00d3FOK \u00c9S H\u00d3DMEZ\u0150V\u00c1S\u00c1RHELY PROJEKTJEIT!\u201d felki\u00e1lt\u00e1ssal vezette be a t\u00e9m\u00e1t. \u201ePolitikai alapon akad\u00e1lyozz\u00e1k v\u00e1rosaink fejl\u0151d\u00e9s\u00e9t, mik\u00f6zben a fideszes v\u00e1rosoknak milli\u00e1rdokat sz\u00f3rnak sz\u00e9t, \u00e9rdemi eredm\u00e9nyek n\u00e9lk\u00fcl, a bar\u00e1ti kivitelez\u0151k \u00e9s a politikusok gazdagod\u00e1s\u00e1ra\u201d \u2013 folytatta.<\/p>\n<p>A posztban arr\u00f3l besz\u00e9l, hogy m\u00e9g a \u201etisztess\u00e9ges fideszes szavaz\u00f3k\u201d sz\u00e1m\u00e1ra is elfogadhatatlan, a telep\u00fcl\u00e9sekt\u0151l elvont milli\u00e1rdok \u2013 r\u00e1ad\u00e1sul a j\u00e1rv\u00e1ny k\u00f6zep\u00e9n \u2013, valamint projekteket akad\u00e1lyoznak egyszer\u0171 adminisztrat\u00edv eszk\u00f6z\u00f6kkel. Itt azonban kit\u00e9rt arra is, hogy a Gyop\u00e1ros Alp\u00e1rhoz tartoz\u00f3 Modern V\u00e1rosok Programban m\u00e9g a legt\u00f6bb fideszes v\u00e1ros fejl\u0151d\u00e9se is \u00e1ll: p\u00e9ldak\u00e9nt eml\u00edti t\u00f6bbek k\u00f6z\u00f6tt Szeksz\u00e1rdot, ahol szinte semmi nem k\u00e9sz\u00fclt el, de m\u00e9g Veszpr\u00e9mt\u0151l is elvett\u00e9k a k\u00e9zilabda csarnokot.<\/p>\n<p>Helybeli p\u00e9ld\u00e1kat is mondott: V\u00e1s\u00e1rhelyen a k\u00f6nyvt\u00e1r, gimn\u00e1ziumok, Csengetty\u0171 k\u00f6z visszabont\u00e1sa, m\u00edg Szegeden a harmadik h\u00edd, tov\u00e1bb\u00e1 a jelent\u0151sen t\u00fal\u00e1razott uszoda kiv\u00e9tel\u00e9vel szinte minden m\u00e1s MVP-program \u00e1ll. Szerinte ez nem is csoda, hiszen a korm\u00e1ny tavaly 85, id\u00e9n mind\u00f6ssze 50 milli\u00e1rdot tervezett be 23 v\u00e1ros legal\u00e1bb 2500 milli\u00e1rdos programj\u00e1ra.<\/p>\n<p>Lengyel R\u00f3bert a V\u00e1s\u00e1rhelyi Telev\u00edzi\u00f3 st\u00fadi\u00f3j\u00e1ban nyilatkozott: Szerinte a polg\u00e1rmesterek nagy r\u00e9sze be\u00e1llt a B\u00f3logat\u00f3 J\u00e1nosok sor\u00e1ba. Si\u00f3fok polg\u00e1rmestere besz\u00e1molt arr\u00f3l, hogy v\u00e1rosuk a Bel\u00fcgyminiszt\u00e9rium statisztik\u00e1ja szerint 43 f\u0151vel l\u00e9pi t\u00fal a 25 ezer f\u0151t, ez\u00e9rt nem kapj\u00e1k meg az ipar\u0171z\u00e9si ad\u00f3 megfelez\u00e9se miatt automatikusan j\u00e1r\u00f3 kompenz\u00e1ci\u00f3t, t\u00e1rgyal\u00e1sos \u00faton pedig nem \u00e9rtek el eredm\u00e9nyt.<\/p>\n<blockquote class=\"embedly-card\" data-card-controls=\"0\" data-card-align=\"center\" data-card-theme=\"light\">\n<h4><a href=\"https:\/\/www.facebook.com\/markizaypeter\/posts\/774031879970799\">Log into Facebook<\/a><\/h4>\n<p>Log into Facebook to start sharing and connecting with your friends, family, and people you know.<\/p>\n<\/blockquote>\n<p><script async src=\"\/\/cdn.embedly.com\/widgets\/platform.js\" charset=\"UTF-8\"><\/script><\/p>\n<p>&nbsp;<\/p>","protected":false},"excerpt":{"rendered":"<p>M\u00e1rki-Zay P\u00e9ter fogadta ma H\u00f3dmez\u0151v\u00e1s\u00e1rhelyen Botka L\u00e1szl\u00f3 Szeged, \u00e9s Lengyel R\u00f3bert Si\u00f3fok polg\u00e1rmester\u00e9t. A megbesz\u00e9l\u00e9s f\u0151 t\u00e9m\u00e1ja az \u00f6nkorm\u00e1nyzatokat s\u00fajt\u00f3 korm\u00e1nyzati int\u00e9zked\u00e9s volt, illetve a Modern V\u00e1rosok Program jelent\u0151s cs\u00fasz\u00e1sa, p\u00e9nzhi\u00e1nya volt.<\/p>","protected":false},"author":16,"featured_media":0,"comment_status":"closed","ping_status":"closed","sticky":false,"template":"","format":"standard","meta":{"_seopress_robots_primary_cat":"none"},"categories":[4],"tags":[444,460,5009,1040,4424],"acf":[],"amp_enabled":true,"_links":{"self":[{"href":"https:\/\/szegederarchivum.hu\/en\/wp-json\/wp\/v2\/posts\/50916"}],"collection":[{"href":"https:\/\/szegederarchivum.hu\/en\/wp-json\/wp\/v2\/posts"}],"about":[{"href":"https:\/\/szegederarchivum.hu\/en\/wp-json\/wp\/v2\/types\/post"}],"author":[{"embeddable":true,"href":"https:\/\/szegederarchivum.hu\/en\/wp-json\/wp\/v2\/users\/16"}],"replies":[{"embeddable":true,"href":"https:\/\/szegederarchivum.hu\/en\/wp-json\/wp\/v2\/comments?post=50916"}],"version-history":[{"count":5,"href":"https:\/\/szegederarchivum.hu\/en\/wp-json\/wp\/v2\/posts\/50916\/revisions"}],"predecessor-version":[{"id":50922,"href":"https:\/\/szegederarchivum.hu\/en\/wp-json\/wp\/v2\/posts\/50916\/revisions\/50922"}],"wp:attachment":[{"href":"https:\/\/szegederarchivum.hu\/en\/wp-json\/wp\/v2\/media?parent=50916"}],"wp:term":[{"taxonomy":"category","embeddable":true,"href":"https:\/\/szegederarchivum.hu\/en\/wp-json\/wp\/v2\/categories?post=50916"},{"taxonomy":"post_tag","embeddable":true,"href":"https:\/\/szegederarchivum.hu\/en\/wp-json\/wp\/v2\/tags?post=50916"}],"curies":[{"name":"wp","href":"https:\/\/api.w.org\/{rel}","templated":true}]}}