{"id":51247,"date":"2021-05-05T11:20:06","date_gmt":"2021-05-05T09:20:06","guid":{"rendered":"https:\/\/szegederarchivum.hu\/?p=51247"},"modified":"2021-05-05T11:20:06","modified_gmt":"2021-05-05T09:20:06","slug":"szonyeg-szelen-a-maszk-egyesulet-nem-kapnak-idenre-tamogatast","status":"publish","type":"post","link":"https:\/\/szegederarchivum.hu\/en\/szonyeg-szelen-a-maszk-egyesulet-nem-kapnak-idenre-tamogatast\/","title":{"rendered":"\u201eSz\u0151nyeg sz\u00e9l\u00e9n\u201d a MASZK Egyes\u00fclet, nem kapnak id\u00e9nre t\u00e1mogat\u00e1st"},"content":{"rendered":"<p><strong>Kedden jelent meg a <a href=\"https:\/\/www.facebook.com\/thealter\/posts\/4469337816410934\" target=\"_blank\" rel=\"noopener\">bejegyz\u00e9s<\/a> a Thealter Facebook-oldal\u00e1n, ahol hosszasan taglalj\u00e1k a l\u00e9trej\u00f6tt helyzetet. <em>A sz\u0151nyeg sz\u00e9l\u00e9n Egyes\u00fclet\u00fcnk<\/em> c\u00edmmel t\u00e1j\u00e9koztatt\u00e1k k\u00f6vet\u0151iket, hogy id\u00e9n megvont\u00e1k a szervt\u0151l m\u0171k\u00f6d\u00e9si t\u00e1mogat\u00e1sukat. A bejegyz\u00e9sben r\u00e9szletes k\u00e9pet kapunk a jelenlegi szorult helyzetr\u0151l, \u00e9s arr\u00f3l, hogy a pand\u00e9mi\u00e1s helyzet \u00e9s e bejelent\u00e9s ut\u00e1n is k\u00fczdeni fognak az \u00e9letben marad\u00e1s\u00e9rt.<\/strong><\/p>\n<p>\u201eA sz\u0151nyeg sz\u00e9l\u00e9n nem egy \u00faj el\u0151ad\u00e1s c\u00edme, hanem helyzetjelent\u00e9s: az idei \u00e9vben <a href=\"https:\/\/emet.gov.hu\/app\/uploads\/2021\/04\/2021.-evi-Forg_videk_netre.pdf?fbclid=IwAR2E1iSoNJWW3wrOTLYtISxTX3zRK590lkRAHXD3Y2hndINMqdvpLn54ot8\" target=\"_blank\" rel=\"noopener\">a szakminiszt\u00e9rium p\u00e1ly\u00e1zat\u00e1n<\/a> nem nyert m\u0171k\u00f6d\u00e9si t\u00e1mogat\u00e1st Egyes\u00fclet\u00fcnk, amely 1992 \u00f3ta m\u0171k\u00f6dteti befogad\u00f3sz\u00ednh\u00e1zk\u00e9nt a szegedi R\u00e9gi Zsinag\u00f3g\u00e1t \u00e9s 2020-ban 30. alkalommal rendezte meg a THEALTER fesztiv\u00e1lt\u201d \u2013 kezdt\u00e9k a hosszas nyilatkozatot.<\/p>\n<p>Az elm\u00falt \u00e9vekben is m\u00e1r jelent\u0151sen cs\u00f6kkent a t\u00e1mogat\u00e1sb\u00f3l sz\u00e1rmaz\u00f3 keret\u00fck. 2019-ben m\u00e9g 21,5 milli\u00f3 forintot kaptak, ami 2020-ra m\u00e1r 7 milli\u00f3 forintban \u00e1llt meg. Azonban az idei \u00e9v sz\u00e1mukra, \u00e9s k\u00f6z\u00f6ss\u00e9g\u00fck sz\u00e1m\u00e1ra is hatalmas csal\u00f3d\u00e1sk\u00e9nt t\u0171nt fel, ugyanis nulla forintot \u00edt\u00e9ltek meg a MASZK Egyes\u00fcletnek.<\/p>\n<p>\u201eA p\u00e1ly\u00e1zati ki\u00edr\u00e1sban megfogalmazott \u00e9rt\u00e9kel\u00e9si szempontok alapj\u00e1n a vid\u00e9ki szervezeteket b\u00edr\u00e1l\u00f3 kurat\u00f3rium a lehets\u00e9ges 100 pontb\u00f3l 36 pontra \u00e9rt\u00e9kelte a p\u00e1ly\u00e1zatunkat \u2013 azaz a szakmai m\u00faltunkat, eredm\u00e9nyeinket, jelen\u00fcnket \u00e9s terveinket, k\u00f6z\u00f6ns\u00e9g- \u00e9s k\u00f6z\u00f6ss\u00e9g\u00e9p\u00edt\u0151 tev\u00e9kenys\u00e9g\u00fcnket, szakmai aktivit\u00e1sunkat, jelent\u0151s hazai \u00e9s hat\u00e1ron t\u00fali egy\u00fcttm\u0171k\u00f6d\u00e9seinket, az \u00e1ltalunk megval\u00f3s\u00edtott \u00e9s tervezett programok m\u0171v\u00e9szi sz\u00ednvonal\u00e1t, a tev\u00e9kenys\u00e9g\u00fcnk t\u00e1rsadalmi eredm\u00e9nyess\u00e9g\u00e9t \u00e9s k\u00f6z\u00f6ss\u00e9gre val\u00f3 hat\u00e1s\u00e1t, a m\u0171k\u00f6d\u00e9s\u00fcnk \u00e9s gazd\u00e1lkod\u00e1sunk \u00e1tl\u00e1that\u00f3s\u00e1g\u00e1t \u00e9s eredm\u00e9nyess\u00e9g\u00e9t.\u201d<\/p>\n<p>Az \u00fcgy \u00e9rdekess\u00e9ge, hogy a nagy m\u00falt\u00fa szegedi Metanoia Sz\u00ednh\u00e1z sem kapott id\u00e9n t\u00e1mogat\u00e1st. A MASZK Egyes\u00fclet 30 \u00e9ve sz\u00ednes\u00edti a szegedi kultur\u00e1lis \u00e9letet, sz\u00ednh\u00e1zi m\u0171sorok szervez\u00e9s\u00e9vel, sz\u00e1mtalan egy\u00fcttm\u0171k\u00f6d\u00e9ssel \u00e9s m\u00e9lt\u00e1n h\u00edres THEALTER fesztiv\u00e1ljukkal. A bejegyz\u00e9s b\u00e1r szomork\u00e1s hangulat\u00fa, der\u0171s j\u00f6v\u0151k\u00e9pet festenek a k\u00f6z\u00f6ss\u00e9g sz\u00e1m\u00e1ra. A csapat tagjai k\u00e9szen \u00e1llnak megk\u00fczdeni a jelenlegi helyzettel is.<\/p>\n<p>Arr\u00f3l, hogy a kurat\u00f3rium mi\u00e9rt d\u00f6nt\u00f6tt \u00edgy, \u00e9s mi\u00e9rt csak 36 pontot \u00e9rtek el a 100-b\u00f3l, nem kaptak pontos t\u00e1j\u00e9koztat\u00e1st. Annyi der\u00fclt ki, hogy a \u201eb\u0171v\u00f6s\u201d 51 pontot nem \u00fct\u00f6tt\u00e9k meg. Rem\u00e9nykedve fejezt\u00e9k be posztjukat, hogy a 4000 f\u0151s n\u00e9z\u0151j\u00fck k\u00f6z\u00fcl sokan t\u00e1mogatj\u00e1k majd \u0151ket ad\u00f3juk 1%-\u00e1val, ugyanis most a mindeddigin\u00e9l nagyobb jelent\u0151s\u00e9ge van az emberek \u00e9s a k\u00f6z\u00f6ss\u00e9g \u00f6sszefog\u00e1s\u00e1ra.<\/p>\n<p>&nbsp;<\/p>\n<p><em>Nyit\u00f3k\u00e9p: THEALTER \/ Facebook<\/em><\/p>\n<p>&nbsp;<\/p>","protected":false},"excerpt":{"rendered":"<p>Kedden jelent meg a bejegyz\u00e9s a Thealter Facebook-oldal\u00e1n, ahol hosszasan taglalj\u00e1k a l\u00e9trej\u00f6tt helyzetet. A sz\u0151nyeg sz\u00e9l\u00e9n Egyes\u00fclet\u00fcnk c\u00edmmel t\u00e1j\u00e9koztatt\u00e1k k\u00f6vet\u0151iket, hogy id\u00e9n megvont\u00e1k a szervt\u0151l m\u0171k\u00f6d\u00e9si t\u00e1mogat\u00e1sukat. A bejegyz\u00e9sben r\u00e9szletes k\u00e9pet kapunk a jelenlegi szorult helyzetr\u0151l, \u00e9s arr\u00f3l, hogy a pand\u00e9mi\u00e1s helyzet \u00e9s e bejelent\u00e9s ut\u00e1n is k\u00fczdeni fognak az \u00e9letben marad\u00e1s\u00e9rt.<\/p>","protected":false},"author":24,"featured_media":51253,"comment_status":"closed","ping_status":"closed","sticky":false,"template":"","format":"standard","meta":{"_seopress_robots_primary_cat":"none"},"categories":[986],"tags":[3413,849,2067],"acf":[],"amp_enabled":true,"_links":{"self":[{"href":"https:\/\/szegederarchivum.hu\/en\/wp-json\/wp\/v2\/posts\/51247"}],"collection":[{"href":"https:\/\/szegederarchivum.hu\/en\/wp-json\/wp\/v2\/posts"}],"about":[{"href":"https:\/\/szegederarchivum.hu\/en\/wp-json\/wp\/v2\/types\/post"}],"author":[{"embeddable":true,"href":"https:\/\/szegederarchivum.hu\/en\/wp-json\/wp\/v2\/users\/24"}],"replies":[{"embeddable":true,"href":"https:\/\/szegederarchivum.hu\/en\/wp-json\/wp\/v2\/comments?post=51247"}],"version-history":[{"count":1,"href":"https:\/\/szegederarchivum.hu\/en\/wp-json\/wp\/v2\/posts\/51247\/revisions"}],"predecessor-version":[{"id":51252,"href":"https:\/\/szegederarchivum.hu\/en\/wp-json\/wp\/v2\/posts\/51247\/revisions\/51252"}],"wp:featuredmedia":[{"embeddable":true,"href":"https:\/\/szegederarchivum.hu\/en\/wp-json\/wp\/v2\/media\/51253"}],"wp:attachment":[{"href":"https:\/\/szegederarchivum.hu\/en\/wp-json\/wp\/v2\/media?parent=51247"}],"wp:term":[{"taxonomy":"category","embeddable":true,"href":"https:\/\/szegederarchivum.hu\/en\/wp-json\/wp\/v2\/categories?post=51247"},{"taxonomy":"post_tag","embeddable":true,"href":"https:\/\/szegederarchivum.hu\/en\/wp-json\/wp\/v2\/tags?post=51247"}],"curies":[{"name":"wp","href":"https:\/\/api.w.org\/{rel}","templated":true}]}}