{"id":51467,"date":"2021-05-10T18:25:56","date_gmt":"2021-05-10T16:25:56","guid":{"rendered":"https:\/\/szegederarchivum.hu\/?p=51467"},"modified":"2021-05-10T18:25:56","modified_gmt":"2021-05-10T16:25:56","slug":"nulla-forint-tamogatast-kapott-igy-galaesten-gyujtenek-a-thealter-fesztivalnak-a-szegedi-nemzeti-szinhazban","status":"publish","type":"post","link":"https:\/\/szegederarchivum.hu\/en\/nulla-forint-tamogatast-kapott-igy-galaesten-gyujtenek-a-thealter-fesztivalnak-a-szegedi-nemzeti-szinhazban\/","title":{"rendered":"Nulla forint t\u00e1mogat\u00e1st kapott, \u00edgy g\u00e1laesten gy\u0171jtenek a Thealter fesztiv\u00e1lnak a Szegedi Nemzeti Sz\u00ednh\u00e1zban"},"content":{"rendered":"<p><strong>A Thealter nemzetk\u00f6zi sz\u00ednh\u00e1zi fesztiv\u00e1lt t\u00e1mogat\u00f3 estet rendeznek m\u00e1jus 21-\u00e9n,\u00a0Szeged\u00a0napja alkalm\u00e1b\u00f3l a\u00a0Szegedi Nemzeti Sz\u00ednh\u00e1zban \u2013 t\u00e1j\u00e9koztatta h\u00e9tf\u0151n a te\u00e1trum az MTI-t.<\/strong><\/p>\n<p>A sz\u00ednh\u00e1z g\u00e1lam\u0171sorral eml\u00e9kezik meg annak \u00e9vfordul\u00f3j\u00e1r\u00f3l, hogy Szeged \u2013 t\u00f6rt\u00e9nete sor\u00e1n m\u00e1sodj\u00e1ra \u2013 1719-ben elnyerte a szabad kir\u00e1lyi v\u00e1ros rangot. Az esten a te\u00e1trum sz\u00ednm\u0171v\u00e9szei, mag\u00e1n\u00e9nekesei, t\u00e1ncm\u0171v\u00e9szei \u2013 t\u00f6bbek k\u00f6z\u00f6tt Szil\u00e1gyi Annam\u00e1ria, Szasz\u00e1k Zsolt, R\u00e1cz Tibor, \u00c1goston Katalin, G\u00f6m\u00f6ri Kriszti\u00e1n, R\u00e9ti Attila, K\u00f3nya Krisztina, Vajda J\u00falia, Sz\u00e9lp\u00e1l Szilveszter, M\u00e1th\u00e9 Be\u00e1ta \u2013 egy\u00e9ni m\u0171sorsz\u00e1mokkal l\u00e9pnek sz\u00ednpadra, a korl\u00e1toz\u00e1sok felold\u00e1sa ut\u00e1n el\u0151sz\u00f6r tal\u00e1lkozva a k\u00f6z\u00f6ns\u00e9ggel.<\/p>\n<p>A g\u00e1laestet a Szegedi Kort\u00e1rs Balett \u00e9s a K\u00f6v\u00e9r B\u00e9la B\u00e1bsz\u00ednh\u00e1z m\u0171v\u00e9szei is sz\u00ednes\u00edtik produkci\u00f3ikkal. A szervez\u0151k a g\u00e1la bev\u00e9tel\u00e9vel a Thealter fesztiv\u00e1lt t\u00e1mogatj\u00e1k, ezzel er\u0151s\u00edtve a v\u00e1ros kultur\u00e1lis int\u00e9zm\u00e9nyei k\u00f6z\u00f6tti egy\u00fcttm\u0171k\u00f6d\u00e9st \u00e9s szolidarit\u00e1st. A n\u00e9z\u0151knek lehet\u0151s\u00e9g\u00fck ny\u00edlik plusz t\u00e1mogat\u00e1ssal is kieg\u00e9sz\u00edteni a g\u00e1l\u00e1ra v\u00e1s\u00e1rolt jegyek \u00e1r\u00e1t, ezzel is seg\u00edtve a neh\u00e9z helyzetbe ker\u00fclt fesztiv\u00e1l szervez\u0151inek munk\u00e1j\u00e1t.<\/p>\n<p>A magyar f\u00fcggetlen sz\u00ednh\u00e1zak egyik legfontosabb bemutatkoz\u00e1si f\u00f3rum\u00e1nak sz\u00e1m\u00edt\u00f3 Thealter nemzetk\u00f6zi sz\u00ednh\u00e1zi fesztiv\u00e1lt t\u00f6bb mint h\u00e1rom \u00e9vtizede szervezi meg a MASZK Egyes\u00fclet minden ny\u00e1ron Szegeden. A fesztiv\u00e1lszervez\u00e9s mellett a t\u00f6bbi k\u00f6zt a szegedi R\u00e9gi Zsinag\u00f3g\u00e1t 1992 \u00f3ta befogad\u00f3 sz\u00ednh\u00e1zk\u00e9nt is m\u0171k\u00f6dtet\u0151 \u00e9s sz\u00e1mos rangos szakmai elismer\u00e9st elnyer\u0151 koprodukci\u00f3s el\u0151ad\u00e1st is l\u00e9trehoz\u00f3 civil szervezet a kor\u00e1bbi \u00e9vekkel ellent\u00e9tben id\u00e9n nem nyert a professzion\u00e1lis sz\u00ednh\u00e1zm\u0171v\u00e9szeti vagy t\u00e1ncm\u0171v\u00e9szeti el\u0151ad\u00f3-m\u0171v\u00e9szeti szervezetek sz\u00e1m\u00e1ra ki\u00edrt p\u00e1ly\u00e1zaton m\u0171k\u00f6d\u00e9si t\u00e1mogat\u00e1st, aminek ok\u00e1r\u00f3l <a href=\"https:\/\/szegederarchivum.hu\/szonyeg-szelen-a-maszk-egyesulet-nem-kapnak-idenre-tamogatast\/\" target=\"_blank\" rel=\"noopener\">itt \u00edrtunk<\/a> b\u0151vebben.<\/p>\n<p>Az elm\u00falt \u00e9vekben is m\u00e1r jelent\u0151sen cs\u00f6kkent a t\u00e1mogat\u00e1sb\u00f3l sz\u00e1rmaz\u00f3 keret\u00fck. 2019-ben m\u00e9g 21,5 milli\u00f3 forintot kaptak, ami 2020-ra m\u00e1r 7 milli\u00f3 forintban \u00e1llt meg. Azonban az idei \u00e9v sz\u00e1mukra, \u00e9s k\u00f6z\u00f6ss\u00e9g\u00fck sz\u00e1m\u00e1ra is hatalmas csal\u00f3d\u00e1sk\u00e9nt t\u0171nt fel, ugyanis nulla forintot \u00edt\u00e9ltek meg a MASZK Egyes\u00fcletnek. Rem\u00e9ny\u00fcket fejezt\u00e9k ki azir\u00e1nt, hogy a 4000 f\u0151s n\u00e9z\u0151j\u00fck k\u00f6z\u00fcl sokan t\u00e1mogatj\u00e1k majd \u0151ket ad\u00f3juk 1%-\u00e1val, ugyanis most a mindeddigin\u00e9l nagyobb jelent\u0151s\u00e9ge van az emberek \u00e9s a k\u00f6z\u00f6ss\u00e9g \u00f6sszefog\u00e1s\u00e1ra.<\/p>","protected":false},"excerpt":{"rendered":"<p>A Thealter nemzetk\u00f6zi sz\u00ednh\u00e1zi fesztiv\u00e1lt t\u00e1mogat\u00f3 estet rendeznek m\u00e1jus 21-\u00e9n,\u00a0Szeged\u00a0napja alkalm\u00e1b\u00f3l a\u00a0Szegedi Nemzeti Sz\u00ednh\u00e1zban.<\/p>","protected":false},"author":16,"featured_media":0,"comment_status":"closed","ping_status":"closed","sticky":false,"template":"","format":"standard","meta":{"_seopress_robots_primary_cat":"none"},"categories":[986],"tags":[4153,3413,849,119,2068],"acf":[],"amp_enabled":true,"_links":{"self":[{"href":"https:\/\/szegederarchivum.hu\/en\/wp-json\/wp\/v2\/posts\/51467"}],"collection":[{"href":"https:\/\/szegederarchivum.hu\/en\/wp-json\/wp\/v2\/posts"}],"about":[{"href":"https:\/\/szegederarchivum.hu\/en\/wp-json\/wp\/v2\/types\/post"}],"author":[{"embeddable":true,"href":"https:\/\/szegederarchivum.hu\/en\/wp-json\/wp\/v2\/users\/16"}],"replies":[{"embeddable":true,"href":"https:\/\/szegederarchivum.hu\/en\/wp-json\/wp\/v2\/comments?post=51467"}],"version-history":[{"count":1,"href":"https:\/\/szegederarchivum.hu\/en\/wp-json\/wp\/v2\/posts\/51467\/revisions"}],"predecessor-version":[{"id":51469,"href":"https:\/\/szegederarchivum.hu\/en\/wp-json\/wp\/v2\/posts\/51467\/revisions\/51469"}],"wp:attachment":[{"href":"https:\/\/szegederarchivum.hu\/en\/wp-json\/wp\/v2\/media?parent=51467"}],"wp:term":[{"taxonomy":"category","embeddable":true,"href":"https:\/\/szegederarchivum.hu\/en\/wp-json\/wp\/v2\/categories?post=51467"},{"taxonomy":"post_tag","embeddable":true,"href":"https:\/\/szegederarchivum.hu\/en\/wp-json\/wp\/v2\/tags?post=51467"}],"curies":[{"name":"wp","href":"https:\/\/api.w.org\/{rel}","templated":true}]}}