{"id":5170,"date":"2019-03-31T10:26:38","date_gmt":"2019-03-31T09:26:38","guid":{"rendered":"https:\/\/szegederarchivum.hu\/?p=5170"},"modified":"2019-05-01T15:28:42","modified_gmt":"2019-05-01T13:28:42","slug":"ezek-a-legszebb-szegedi-hazak-es-egy-darab-disz-nincs-rajtuk","status":"publish","type":"post","link":"https:\/\/szegederarchivum.hu\/en\/ezek-a-legszebb-szegedi-hazak-es-egy-darab-disz-nincs-rajtuk\/","title":{"rendered":"Ezek a legszebb szegedi h\u00e1zak, \u00e9s egy darab d\u00edsz nincs rajtuk"},"content":{"rendered":"<p>Van p\u00e1r h\u00e1z a szegedi belv\u00e1rosban, amikre kap\u00e1sb\u00f3l azt mondan\u00e1 az ember, hogy h\u00e1t milyen ronda szocre\u00e1l, tuti a 70-es \u00e9vekben \u00e9p\u00fclt, \u00e9s a hely\u00e9n r\u00e9gen m\u00e9g valami sz\u00e9p \u00e1llt, amit lebontottak. \u00c9s b\u00e1r ez a mondat val\u00f3ban igaz rengeteg esetben, van nagyj\u00e1b\u00f3l egy tucat szegedi \u00e9p\u00fclet, amelyek csak keltik ezt az \u00e9rz\u00e9st, de m\u00e9gsem hordozz\u00e1k val\u00f3ban. Ezek az \u00e9p\u00fcletek nem a 70-es \u00e9vekben k\u00e9sz\u00fcltek nagy tervez\u0151v\u00e1llalatok sz\u00fcrke irod\u00e1iban, hanem j\u00f3val kor\u00e1bban, m\u00e9g a m\u00e1sodik vil\u00e1gh\u00e1bor\u00fat megel\u0151z\u0151en szabad\u00fasz\u00f3k\u00e9nt m\u0171k\u00f6d\u0151 \u00e9p\u00edt\u00e9szek tollaib\u00f3l kiesve, \u00e9s nem t\u00f6megterm\u00e9kek voltak, hanem \u00fajat mutat\u00f3, modern \u00e9s gyakran megbotr\u00e1nkoztat\u00f3 entit\u00e1sok.<\/p>\n<p>\u00d6n\u00e1ll\u00f3an is k\u00fcl\u00f6n\u00f6s l\u00e1tv\u00e1nyt ny\u00fajtanak, de ha egyben \u00e9rtelmezz\u00fck \u0151ket, sokkal \u00e9rt\u00e9kesebb\u00e9 v\u00e1lnak. Szinte t\u00e9rk\u00e9pp\u00e9 \u00e1ll \u00f6ssze fej\u00fcnkben ez a p\u00e1r ritkas\u00e1g Szegeden, melyeknek st\u00edlusa is van (vagyis nincs, de err\u0151l mindj\u00e1rt), ami a Bauhaus n\u00e9vre hallgat.<\/p>\n<p>A Bauhaus-t k\u00f6nny\u0171 \u00f6sszekeverni az unalmas, feh\u00e9r \u00e9s mindenekel\u0151tt sz\u00f6gletes \u00e9p\u00fcletekkel, ami \u00e9rthet\u0151, hiszen t\u00f6bbnyire ilyenek is. Csak am\u00edg p\u00e1r \u00e9vtizeddel k\u00e9s\u0151bb orsz\u00e1gszerte sz\u00e1z\u00e1val n\u0151ttek ki a kockah\u00e1zak v\u00e1rosaink talaj\u00e1b\u00f3l, addig a Bauhaus kor\u00e1ban ez olyan ritkas\u00e1g volt, mintha ma \u00e9p\u00edten\u00e9nk valahov\u00e1 egy historiz\u00e1l\u00f3 h\u00e1zat. A Bauhaus eredetileg nem is st\u00edlus volt, \u00e9s f\u0151k\u00e9nt nem az unalmass\u00e1gr\u00f3l, a feh\u00e9rs\u00e9gr\u0151l, vagy a sz\u00f6gletes form\u00e1kr\u00f3l, de pl\u00e1ne nem a h\u00e1zakr\u00f3l sz\u00f3lt. A Bauhaus egy iskola neve, mely a huszadik sz\u00e1zad eleji N\u00e9metorsz\u00e1gban m\u0171k\u00f6d\u00f6tt, kevesebb, mint m\u00e1sf\u00e9l \u00e9vtizeden kereszt\u00fcl, miel\u0151tt a n\u00e1cik kiut\u00e1lt\u00e1k volna \u0151ket az orsz\u00e1gb\u00f3l. A Bauhaus egy eszme, mely kereste az \u00fajat \u00fagy, hogy egyben \u00e1thidalta a szakad\u00e9kot az ipar, a m\u0171v\u00e9szet \u00e9s a technika k\u00f6z\u00f6tt, de ez nek\u00fcnk ma nem l\u00e9nyeges. Mi a Bauhaus-szal, mint nem l\u00e9tez\u0151 \u00e9p\u00edt\u00e9szeti st\u00edlussal foglalkozunk. Az \u00e9p\u00edt\u00e9szetben a letisztults\u00e1got \u00e9s nyugalmat \u00e1raszt\u00f3 r\u00e9gi h\u00e1zakat jelenti, melyekr\u0151l a k\u00edv\u00fcl\u00e1ll\u00f3 els\u0151re k\u00e9ptelen megmondani, hogy 1932-ben vagy 1978-ban k\u00e9sz\u00fclt az adott \u00e9p\u00fclet.<\/p>\n<p>A Bauhaus id\u00e9n \u00fcnnepli megalakul\u00e1s\u00e1nak 100. \u00e9vfordul\u00f3j\u00e1t, ez\u00e9rt megpr\u00f3b\u00e1ltuk \u00f6sszegy\u0171jteni a v\u00e1rosban tal\u00e1lhat\u00f3 ilyen \u00e9p\u00fcleteket.<\/p>\n<p>&nbsp;<\/p>\n<figure style=\"width: 1200px\" class=\"wp-caption alignnone\"><img decoding=\"async\" loading=\"lazy\" src=\"https:\/\/i1.wp.com\/szegeder.files.wordpress.com\/2019\/03\/img_3159.jpg?ssl=1\" alt=\"IMG_3159\" width=\"1200\" height=\"800\" \/><figcaption class=\"wp-caption-text\">Tisza Lajos k\u00f6r\u00fat 64. Fot\u00f3: Sz\u0171cs D\u00e1niel \/ Szegeder<\/figcaption><\/figure>\n<p><!--more--><\/p>\n<p>&nbsp;<\/p>\n<figure style=\"width: 1200px\" class=\"wp-caption alignnone\"><img decoding=\"async\" loading=\"lazy\" src=\"https:\/\/i0.wp.com\/szegeder.files.wordpress.com\/2019\/03\/img_3207.jpg?ssl=1\" alt=\"IMG_3207\" width=\"1200\" height=\"800\" \/><figcaption class=\"wp-caption-text\">Tisza Lajos k\u00f6r\u00fat 62. Fot\u00f3: Sz\u0171cs D\u00e1niel \/ Szegeder<\/figcaption><\/figure>\n<p>&nbsp;<\/p>\n<figure style=\"width: 1200px\" class=\"wp-caption alignnone\"><img decoding=\"async\" loading=\"lazy\" src=\"https:\/\/i1.wp.com\/szegeder.files.wordpress.com\/2019\/03\/img_3164.jpg?ssl=1\" alt=\"IMG_3164\" width=\"1200\" height=\"800\" \/><figcaption class=\"wp-caption-text\">Tisza Lajos k\u00f6r\u00fat 64. Fot\u00f3: Sz\u0171cs D\u00e1niel \/ Szegeder<\/figcaption><\/figure>\n<p>&nbsp;<\/p>\n<figure style=\"width: 1200px\" class=\"wp-caption alignnone\"><img decoding=\"async\" loading=\"lazy\" src=\"https:\/\/i2.wp.com\/szegeder.files.wordpress.com\/2019\/03\/img_3201.jpg?ssl=1\" alt=\"IMG_3201\" width=\"1200\" height=\"800\" \/><figcaption class=\"wp-caption-text\">Tisza Lajos k\u00f6r\u00fat 64. Fot\u00f3: Sz\u0171cs D\u00e1niel \/ Szegeder<\/figcaption><\/figure>\n<p>&nbsp;<\/p>\n<figure style=\"width: 1200px\" class=\"wp-caption alignnone\"><img decoding=\"async\" loading=\"lazy\" src=\"https:\/\/i0.wp.com\/szegeder.files.wordpress.com\/2019\/03\/img_3174.jpg?ssl=1\" alt=\"IMG_3174\" width=\"1200\" height=\"800\" \/><figcaption class=\"wp-caption-text\">T\u00f3th Szanat\u00f3rium, Tisza Lajos k\u00f6r\u00fat 66. (tervezte Szivessy Tibor, 1936-37). Fot\u00f3: Sz\u0171cs D\u00e1niel \/ Szegeder<\/figcaption><\/figure>\n<p>&nbsp;<\/p>\n<!-- Error, Advert is not available at this time due to schedule\/geolocation restrictions! -->\n<p>&nbsp;<\/p>\n<figure style=\"width: 1200px\" class=\"wp-caption alignnone\"><img decoding=\"async\" loading=\"lazy\" src=\"https:\/\/i2.wp.com\/szegeder.files.wordpress.com\/2019\/03\/img_3177.jpg?ssl=1\" alt=\"IMG_3177\" width=\"1200\" height=\"800\" \/><figcaption class=\"wp-caption-text\">T\u00f3th Szanat\u00f3rium, Tisza Lajos k\u00f6r\u00fat 66. (tervezte Szivessy Tibor, 1936-37). Fot\u00f3: Sz\u0171cs D\u00e1niel \/ Szegeder<\/figcaption><\/figure>\n<p>&nbsp;<\/p>\n<figure style=\"width: 567px\" class=\"wp-caption aligncenter\"><img decoding=\"async\" loading=\"lazy\" src=\"https:\/\/i2.wp.com\/szegeder.files.wordpress.com\/2019\/03\/img_3230.jpg?ssl=1\" alt=\"IMG_3230\" width=\"567\" height=\"850\" \/><figcaption class=\"wp-caption-text\">Iparcsarnok, Horv\u00e1th Mih\u00e1ly utca 5. (tervezte Sebesty\u00e9n Endre, 1936). Fot\u00f3: Sz\u0171cs D\u00e1niel \/ Szegeder<\/figcaption><\/figure>\n<p>&nbsp;<\/p>\n<figure style=\"width: 1200px\" class=\"wp-caption alignnone\"><img decoding=\"async\" loading=\"lazy\" src=\"https:\/\/i0.wp.com\/szegeder.files.wordpress.com\/2019\/03\/img_3235.jpg?ssl=1\" alt=\"IMG_3235\" width=\"1200\" height=\"800\" \/><figcaption class=\"wp-caption-text\">Iparcsarnok, Horv\u00e1th Mih\u00e1ly utca 5. (tervezte Sebesty\u00e9n Endre, 1936). Fot\u00f3: Sz\u0171cs D\u00e1niel \/ Szegeder<\/figcaption><\/figure>\n<p>&nbsp;<\/p>\n<figure style=\"width: 1200px\" class=\"wp-caption alignnone\"><img decoding=\"async\" loading=\"lazy\" src=\"https:\/\/i0.wp.com\/szegeder.files.wordpress.com\/2019\/03\/img_3234.jpg?ssl=1\" alt=\"IMG_3234\" width=\"1200\" height=\"800\" \/><figcaption class=\"wp-caption-text\">Iparcsarnok, Horv\u00e1th Mih\u00e1ly utca 5. (tervezte Sebesty\u00e9n Endre, 1936). Fot\u00f3: Sz\u0171cs D\u00e1niel \/ Szegeder<\/figcaption><\/figure>\n<p>&nbsp;<\/p>\n<figure style=\"width: 1200px\" class=\"wp-caption alignnone\"><img decoding=\"async\" loading=\"lazy\" src=\"https:\/\/i0.wp.com\/szegeder.files.wordpress.com\/2019\/03\/img_3257.jpg?ssl=1\" alt=\"IMG_3257\" width=\"1200\" height=\"800\" \/><figcaption class=\"wp-caption-text\">Berzsenyi D\u00e1niel utca 4. (tervezte Moln\u00e1r Farkas, 1933). Fot\u00f3: Sz\u0171cs D\u00e1niel \/ Szegeder<\/figcaption><\/figure>\n<p>&nbsp;<\/p>\n<!-- Error, Advert is not available at this time due to schedule\/geolocation restrictions! -->\n<p>&nbsp;<\/p>\n<figure style=\"width: 1200px\" class=\"wp-caption alignnone\"><img decoding=\"async\" loading=\"lazy\" src=\"https:\/\/i1.wp.com\/szegeder.files.wordpress.com\/2019\/03\/img_3263.jpg?ssl=1\" alt=\"IMG_3263\" width=\"1200\" height=\"800\" \/><figcaption class=\"wp-caption-text\">Berzsenyi D\u00e1niel utca 4. (tervezte Moln\u00e1r Farkas, 1933). Fot\u00f3: Sz\u0171cs D\u00e1niel \/ Szegeder<\/figcaption><\/figure>\n<p>&nbsp;<\/p>\n<figure style=\"width: 567px\" class=\"wp-caption aligncenter\"><img decoding=\"async\" loading=\"lazy\" src=\"https:\/\/i1.wp.com\/szegeder.files.wordpress.com\/2019\/03\/img_3254.jpg?ssl=1\" alt=\"IMG_3254\" width=\"567\" height=\"850\" \/><figcaption class=\"wp-caption-text\">Berzsenyi D\u00e1niel utca 4. (tervezte Moln\u00e1r Farkas, 1933). Fot\u00f3: Sz\u0171cs D\u00e1niel \/ Szegeder<\/figcaption><\/figure>\n<p>&nbsp;<\/p>\n<p><em>A cikk l\u00e9trej\u00f6tt\u00e9ben elengedhetetlen seg\u00edts\u00e9get ny\u00fajtott V\u00e9gh \u00c1rp\u00e1d, a Lechner Tud\u00e1sk\u00f6zpont munkat\u00e1rsa, Bolla Zolt\u00e1n, a Magyar Art Deco \u00e9p\u00edt\u00e9szet k\u00f6tet szerz\u0151je, Zubreczki D\u00e1vid, az Urbanista blog szerkeszt\u0151je \u00e9s Nagy Gyula, a Szegedi Tudom\u00e1nyegyetem munkat\u00e1rsa. K\u00f6sz\u00f6net nekik!<\/em><\/p>","protected":false},"excerpt":{"rendered":"<p>Van p\u00e1r h\u00e1z a szegedi belv\u00e1rosban, amikre kap\u00e1sb\u00f3l azt mondan\u00e1 az ember, hogy h\u00e1t milyen ronda szocre\u00e1l, tuti a 70-es \u00e9vekben \u00e9p\u00fclt, \u00e9s a hely\u00e9n r\u00e9gen m\u00e9g valami sz\u00e9p \u00e1llt, amit lebontottak. \u00c9s b\u00e1r ez a mondat val\u00f3ban igaz rengeteg esetben, van nagyj\u00e1b\u00f3l egy tucat szegedi \u00e9p\u00fclet, amelyek csak keltik ezt az \u00e9rz\u00e9st, de m\u00e9gsem [&hellip;]<\/p>","protected":false},"author":1,"featured_media":0,"comment_status":"closed","ping_status":"closed","sticky":false,"template":"","format":"standard","meta":{"_seopress_robots_primary_cat":"none"},"categories":[981],"tags":[792,836,837],"acf":[],"amp_enabled":true,"_links":{"self":[{"href":"https:\/\/szegederarchivum.hu\/en\/wp-json\/wp\/v2\/posts\/5170"}],"collection":[{"href":"https:\/\/szegederarchivum.hu\/en\/wp-json\/wp\/v2\/posts"}],"about":[{"href":"https:\/\/szegederarchivum.hu\/en\/wp-json\/wp\/v2\/types\/post"}],"author":[{"embeddable":true,"href":"https:\/\/szegederarchivum.hu\/en\/wp-json\/wp\/v2\/users\/1"}],"replies":[{"embeddable":true,"href":"https:\/\/szegederarchivum.hu\/en\/wp-json\/wp\/v2\/comments?post=5170"}],"version-history":[{"count":9,"href":"https:\/\/szegederarchivum.hu\/en\/wp-json\/wp\/v2\/posts\/5170\/revisions"}],"predecessor-version":[{"id":7616,"href":"https:\/\/szegederarchivum.hu\/en\/wp-json\/wp\/v2\/posts\/5170\/revisions\/7616"}],"wp:attachment":[{"href":"https:\/\/szegederarchivum.hu\/en\/wp-json\/wp\/v2\/media?parent=5170"}],"wp:term":[{"taxonomy":"category","embeddable":true,"href":"https:\/\/szegederarchivum.hu\/en\/wp-json\/wp\/v2\/categories?post=5170"},{"taxonomy":"post_tag","embeddable":true,"href":"https:\/\/szegederarchivum.hu\/en\/wp-json\/wp\/v2\/tags?post=5170"}],"curies":[{"name":"wp","href":"https:\/\/api.w.org\/{rel}","templated":true}]}}