{"id":51867,"date":"2021-05-21T14:20:36","date_gmt":"2021-05-21T12:20:36","guid":{"rendered":"https:\/\/szegederarchivum.hu\/?p=51867"},"modified":"2021-05-21T14:20:36","modified_gmt":"2021-05-21T12:20:36","slug":"jon-fel-a-tisza-megallasi-tilalom-lesz-a-rakparton-pentektol-kesobb-lezarhatjak","status":"publish","type":"post","link":"https:\/\/szegederarchivum.hu\/en\/jon-fel-a-tisza-megallasi-tilalom-lesz-a-rakparton-pentektol-kesobb-lezarhatjak\/","title":{"rendered":"J\u00f6n fel a Tisza, meg\u00e1ll\u00e1si tilalom lesz a rakparton p\u00e9ntekt\u0151l, k\u00e9s\u0151bb lez\u00e1rhatj\u00e1k"},"content":{"rendered":"<p>Az ATIVIZIG v\u00edz\u00e1ll\u00e1s-el\u0151rejelz\u00e9se szerint az el\u0151tt\u00fcnk \u00e1ll\u00f3 hossz\u00fa h\u00e9tv\u00e9g\u00e9n a Tisza v\u00edz\u00e1ll\u00e1sa el\u00e9rheti az 560 centim\u00e9tert. Emiatt 2021. m\u00e1jus 21-e, p\u00e9ntek 18 \u00f3r\u00e1t\u00f3l meg\u00e1ll\u00e1si tilalom lesz \u00e9rv\u00e9nyben a Husz\u00e1r M\u00e1ty\u00e1s rakparton \u2013 t\u00e1j\u00e9koztattak. Amennyiben a foly\u00f3 el\u00e9ri a fenti szintet, lez\u00e1r\u00e1sra ker\u00fcl a Husz\u00e1r M\u00e1ty\u00e1s rakpart, amelyr\u0151l id\u0151ben fognak t\u00e1j\u00e9koztatni.<\/p>","protected":false},"excerpt":{"rendered":"<p>Az ATIVIZIG v\u00edz\u00e1ll\u00e1s-el\u0151rejelz\u00e9se szerint az el\u0151tt\u00fcnk \u00e1ll\u00f3 hossz\u00fa h\u00e9tv\u00e9g\u00e9n a Tisza v\u00edz\u00e1ll\u00e1sa el\u00e9rheti az 560 centim\u00e9tert.<\/p>","protected":false},"author":16,"featured_media":51870,"comment_status":"closed","ping_status":"closed","sticky":false,"template":"","format":"standard","meta":{"_seopress_robots_primary_cat":"none"},"categories":[4],"tags":[2898,2961,674,95],"acf":[],"amp_enabled":true,"_links":{"self":[{"href":"https:\/\/szegederarchivum.hu\/en\/wp-json\/wp\/v2\/posts\/51867"}],"collection":[{"href":"https:\/\/szegederarchivum.hu\/en\/wp-json\/wp\/v2\/posts"}],"about":[{"href":"https:\/\/szegederarchivum.hu\/en\/wp-json\/wp\/v2\/types\/post"}],"author":[{"embeddable":true,"href":"https:\/\/szegederarchivum.hu\/en\/wp-json\/wp\/v2\/users\/16"}],"replies":[{"embeddable":true,"href":"https:\/\/szegederarchivum.hu\/en\/wp-json\/wp\/v2\/comments?post=51867"}],"version-history":[{"count":1,"href":"https:\/\/szegederarchivum.hu\/en\/wp-json\/wp\/v2\/posts\/51867\/revisions"}],"predecessor-version":[{"id":51869,"href":"https:\/\/szegederarchivum.hu\/en\/wp-json\/wp\/v2\/posts\/51867\/revisions\/51869"}],"wp:featuredmedia":[{"embeddable":true,"href":"https:\/\/szegederarchivum.hu\/en\/wp-json\/wp\/v2\/media\/51870"}],"wp:attachment":[{"href":"https:\/\/szegederarchivum.hu\/en\/wp-json\/wp\/v2\/media?parent=51867"}],"wp:term":[{"taxonomy":"category","embeddable":true,"href":"https:\/\/szegederarchivum.hu\/en\/wp-json\/wp\/v2\/categories?post=51867"},{"taxonomy":"post_tag","embeddable":true,"href":"https:\/\/szegederarchivum.hu\/en\/wp-json\/wp\/v2\/tags?post=51867"}],"curies":[{"name":"wp","href":"https:\/\/api.w.org\/{rel}","templated":true}]}}