{"id":52136,"date":"2021-06-05T17:14:03","date_gmt":"2021-06-05T15:14:03","guid":{"rendered":"https:\/\/szegederarchivum.hu\/?p=52136"},"modified":"2021-06-05T17:14:03","modified_gmt":"2021-06-05T15:14:03","slug":"vege-botka-laszlo-teljhatalmanak-ujra-osszeulhet-a-kozgyules","status":"publish","type":"post","link":"https:\/\/szegederarchivum.hu\/en\/vege-botka-laszlo-teljhatalmanak-ujra-osszeulhet-a-kozgyules\/","title":{"rendered":"V\u00e9ge Botka L\u00e1szl\u00f3 teljhatalm\u00e1nak, \u00fajra \u00f6ssze\u00fclhet a k\u00f6zgy\u0171l\u00e9s"},"content":{"rendered":"<p>J\u00fanius 15-\u00e9t\u0151l az \u00f6nkorm\u00e1nyzatok a kor\u00e1bbi, a vesz\u00e9lyhelyzet el\u0151tti rendnek megfelel\u0151en \u00fcl\u00e9sezhetnek \u2013 ismertette a Minisztereln\u00f6ks\u00e9get vezet\u0151 miniszter a korm\u00e1ny rendk\u00edv\u00fcli jogrend\u00e9rt felel\u0151s munkacsoportj\u00e1nak d\u00f6nt\u00e9s\u00e9t szombaton az MTI-vel.<\/p>\n<p>Guly\u00e1s Gergely elmondta, a d\u00f6nt\u00e9s \u00e9rtelm\u00e9ben j\u00fanius 15-\u00e9vel megsz\u0171nik a polg\u00e1rmestereknek a vesz\u00e9lyhelyzetben a t\u00f6rv\u00e9ny \u00e1ltal biztos\u00edtott teljhatalma. Hozz\u00e1tette, hogy az ehhez sz\u00fcks\u00e9ges jogszab\u00e1ly-m\u00f3dos\u00edt\u00e1st m\u00e9g szombaton al\u00e1\u00edrja Orb\u00e1n Viktor minisztereln\u00f6k, \u00e9s az a h\u00e9v\u00e9g\u00e9n megjelenik a Magyar K\u00f6zl\u00f6nyben. \u201eFontosnak tartjuk, hogy amikor az \u00e9let visszat\u00e9rhet a norm\u00e1lis ker\u00e9kv\u00e1g\u00e1sba, akkor az \u00f6nkorm\u00e1nyzatok m\u0171k\u00f6d\u00e9se is visszat\u00e9rhessen\u201d\u00a0\u2013 jegyezte meg.<\/p>\n<p>A koronav\u00edrus-j\u00e1rv\u00e1ny miatt elrendelt rendk\u00edv\u00fcli jogrend sor\u00e1n a magyar telep\u00fcl\u00e9sek polg\u00e1rmesterei a v\u00e1rosi k\u00f6zgy\u0171l\u00e9s n\u00e9lk\u00fcl d\u00f6nthettek k\u00fcl\u00f6nb\u00f6z\u0151 t\u00e9m\u00e1kban. Szegeden Botka L\u00e1szl\u00f3 \u00edgy tudta l\u00e9nyeg\u00e9ben vita n\u00e9lk\u00fcl <a href=\"https:\/\/szegederarchivum.hu\/orokre-bezarhat-a-cserepes-sori-piac\/\" target=\"_blank\" rel=\"noopener\">bez\u00e1ratni a Cserepes sori piacot<\/a>, de egy f\u0151ben d\u00f6nthetett arr\u00f3l is, <a href=\"https:\/\/szegederarchivum.hu\/botka-dontott-egesz-szegeden-kotelezo-a-maszkhasznalat\/\" target=\"_blank\" rel=\"noopener\">hogyan \u00e9s hol kell a szegedieknek k\u00f6zter\u00fcleten maszkot viselni\u00fck<\/a>.<\/p>","protected":false},"excerpt":{"rendered":"<p>J\u00fanius 15-\u00e9t\u0151l az \u00f6nkorm\u00e1nyzatok a kor\u00e1bbi, a vesz\u00e9lyhelyzet el\u0151tti rendnek megfelel\u0151en \u00fcl\u00e9sezhetnek.<\/p>","protected":false},"author":1,"featured_media":0,"comment_status":"closed","ping_status":"closed","sticky":false,"template":"","format":"standard","meta":{"_seopress_robots_primary_cat":"none"},"categories":[4],"tags":[444,2253,502],"acf":[],"amp_enabled":true,"_links":{"self":[{"href":"https:\/\/szegederarchivum.hu\/en\/wp-json\/wp\/v2\/posts\/52136"}],"collection":[{"href":"https:\/\/szegederarchivum.hu\/en\/wp-json\/wp\/v2\/posts"}],"about":[{"href":"https:\/\/szegederarchivum.hu\/en\/wp-json\/wp\/v2\/types\/post"}],"author":[{"embeddable":true,"href":"https:\/\/szegederarchivum.hu\/en\/wp-json\/wp\/v2\/users\/1"}],"replies":[{"embeddable":true,"href":"https:\/\/szegederarchivum.hu\/en\/wp-json\/wp\/v2\/comments?post=52136"}],"version-history":[{"count":3,"href":"https:\/\/szegederarchivum.hu\/en\/wp-json\/wp\/v2\/posts\/52136\/revisions"}],"predecessor-version":[{"id":52140,"href":"https:\/\/szegederarchivum.hu\/en\/wp-json\/wp\/v2\/posts\/52136\/revisions\/52140"}],"wp:attachment":[{"href":"https:\/\/szegederarchivum.hu\/en\/wp-json\/wp\/v2\/media?parent=52136"}],"wp:term":[{"taxonomy":"category","embeddable":true,"href":"https:\/\/szegederarchivum.hu\/en\/wp-json\/wp\/v2\/categories?post=52136"},{"taxonomy":"post_tag","embeddable":true,"href":"https:\/\/szegederarchivum.hu\/en\/wp-json\/wp\/v2\/tags?post=52136"}],"curies":[{"name":"wp","href":"https:\/\/api.w.org\/{rel}","templated":true}]}}