{"id":52177,"date":"2021-06-07T12:36:56","date_gmt":"2021-06-07T10:36:56","guid":{"rendered":"https:\/\/szegederarchivum.hu\/?p=52177"},"modified":"2021-06-07T12:37:10","modified_gmt":"2021-06-07T10:37:10","slug":"2265-re-keszulhet-el-a-centrum-godorbe-tervezett-kozpark","status":"publish","type":"post","link":"https:\/\/szegederarchivum.hu\/en\/2265-re-keszulhet-el-a-centrum-godorbe-tervezett-kozpark\/","title":{"rendered":"2265-re k\u00e9sz\u00fclhet el a Centrum g\u00f6d\u00f6rbe tervezett k\u00f6zpark"},"content":{"rendered":"<p><a href=\"https:\/\/szegederarchivum.hu\/2265-re-keszulhet-el-a-centrum-godorbe-tervezett-kozpark\/\"><img decoding=\"async\" src=\"https:\/\/live.staticflickr.com\/65535\/51230263632_492ee59d5d_h.jpg\" \/><\/a><\/p>\n<p><!--more--><\/p>\n<p>A Magyar K\u00e9tfark\u00fa Kutyap\u00e1rt szegedi szervezete t\u00e1bl\u00e1val l\u00e1tta el a Centrum g\u00f6d\u00f6r v\u00e1rosk\u00e9pi jelent\u0151s\u00e9g\u0171 ker\u00edt\u00e9s\u00e9t. Ezen az szerepel, hogy 2265-re egy rohadtdr\u00e1ga k\u00f6zparkot \u00e9p\u00edt ide a Felcs\u00fatBau Holding. A terveket a P\u00e9nzt\u00e1ros Holding k\u00e9sz\u00edti.<\/p>\n<p>A park r\u00e9sze lesz t\u00f6bbek k\u00f6z\u00f6tt a felcs\u00fati kisvas\u00fat szegedi meg\u00e1ll\u00f3ja, sz\u00f6gezett padok hajl\u00e9ktalanoknak \u00e9s egy szegedi picsaember-t\u00e9rplasztika is. A projekt \u00f6sszk\u00f6lts\u00e9ge 561 milli\u00e1rd 150 milli\u00f3 forint.<\/p>\n<p>Viccet f\u00e9lre t\u00e9ve: a Centrum g\u00f6d\u00f6r hely\u00e9re nemr\u00e9g t\u00e1rsash\u00e1zat terveztek, de v\u00e9g\u00fcl le\u00e1llt az \u00e9p\u00edtkez\u00e9s. Park nem lesz, pedig k\u00e9ne.<\/p>","protected":false},"excerpt":{"rendered":"","protected":false},"author":1,"featured_media":0,"comment_status":"closed","ping_status":"closed","sticky":false,"template":"","format":"standard","meta":{"_seopress_robots_primary_cat":"none"},"categories":[987],"tags":[],"acf":[],"amp_enabled":true,"_links":{"self":[{"href":"https:\/\/szegederarchivum.hu\/en\/wp-json\/wp\/v2\/posts\/52177"}],"collection":[{"href":"https:\/\/szegederarchivum.hu\/en\/wp-json\/wp\/v2\/posts"}],"about":[{"href":"https:\/\/szegederarchivum.hu\/en\/wp-json\/wp\/v2\/types\/post"}],"author":[{"embeddable":true,"href":"https:\/\/szegederarchivum.hu\/en\/wp-json\/wp\/v2\/users\/1"}],"replies":[{"embeddable":true,"href":"https:\/\/szegederarchivum.hu\/en\/wp-json\/wp\/v2\/comments?post=52177"}],"version-history":[{"count":2,"href":"https:\/\/szegederarchivum.hu\/en\/wp-json\/wp\/v2\/posts\/52177\/revisions"}],"predecessor-version":[{"id":52180,"href":"https:\/\/szegederarchivum.hu\/en\/wp-json\/wp\/v2\/posts\/52177\/revisions\/52180"}],"wp:attachment":[{"href":"https:\/\/szegederarchivum.hu\/en\/wp-json\/wp\/v2\/media?parent=52177"}],"wp:term":[{"taxonomy":"category","embeddable":true,"href":"https:\/\/szegederarchivum.hu\/en\/wp-json\/wp\/v2\/categories?post=52177"},{"taxonomy":"post_tag","embeddable":true,"href":"https:\/\/szegederarchivum.hu\/en\/wp-json\/wp\/v2\/tags?post=52177"}],"curies":[{"name":"wp","href":"https:\/\/api.w.org\/{rel}","templated":true}]}}