{"id":52378,"date":"2021-06-14T14:39:13","date_gmt":"2021-06-14T12:39:13","guid":{"rendered":"https:\/\/szegederarchivum.hu\/?p=52378"},"modified":"2021-06-14T14:39:13","modified_gmt":"2021-06-14T12:39:13","slug":"iden-nem-lesz-szabad-a-rakpart","status":"publish","type":"post","link":"https:\/\/szegederarchivum.hu\/en\/iden-nem-lesz-szabad-a-rakpart\/","title":{"rendered":"Id\u00e9n nem lesz szabad a rakpart"},"content":{"rendered":"<p><strong>J\u00fanius k\u00f6zepe van, ami azt jelenti hogy elm\u00e9letileg m\u00e1r id\u0151szer\u0171 volna a Husz\u00e1r M\u00e1ty\u00e1s rakpart idei lez\u00e1r\u00e1sa h\u00e9tv\u00e9gente. Tavaly j\u00falius 11-\u00e9n <a href=\"https:\/\/szegederarchivum.hu\/kanikula-van-emberek-nincsenek-a-rakparton\/\" target=\"_blank\" rel=\"noopener\">kezd\u0151d\u00f6tt a lez\u00e1r\u00f3sdi<\/a>, \u00fagyhogy megkerest\u00fck Mih\u00e1lik Edvin z\u00f6ldv\u00e1ros-tan\u00e1csnokot (aki tavaly is bejelentette mindezt), hogy mi v\u00e1rhat\u00f3 2021-re. R\u00f6viden: semmi.<\/strong><\/p>\n<p>Tavaly azzal az indokl\u00e1ssal z\u00e1rt\u00e1k ki az aut\u00f3sokat a rakpartr\u00f3l, hogy az visszaker\u00fclhessen a gyalogosokhoz, csakmint a r\u00e9gi id\u0151kben. A lez\u00e1r\u00e1s szerintem mondhat\u00f3 sikeresnek, sok-sok ember \u00e9lvezte, de voltak kritikus pontok is: b\u00e1r a Tisza kellemes id\u0151t var\u00e1zsolt, az \u00e1rnytalan aszfaltsivatagon ez szinte \u00e9lvezhetetlen volt; a programok pedig t\u00f6bbnyire er\u0151ltetettek \u00e9s egys\u00edk\u00faak voltak.<\/p>\n<p>Mih\u00e1lik azzal indokolta a rakpart-lez\u00e1r\u00e1s idei meg nem t\u00f6rt\u00e9n\u00e9s\u00e9t, hogy 2021 nyar\u00e1n az \u00f6nkorm\u00e1nyzat lez\u00e1rja \u00e9s fel\u00faj\u00edtja az Oskola utc\u00e1t, ami hossz\u00fat\u00e1von a forgalom cs\u00f6kkent\u00e9s\u00e9vel j\u00e1r majd egy\u00fctt. Viszont ez a lez\u00e1r\u00e1s nagyban befoly\u00e1solja a belv\u00e1ros forgalm\u00e1t, emiatt az Oskola utca lez\u00e1r\u00e1s\u00e1nak id\u0151szak\u00e1ban nem z\u00e1rj\u00e1k le a rakpartot az aut\u00f3s forgalom el\u0151l, mintegy alternat\u00edv \u00fatvonalat k\u00edn\u00e1lva ezzel az eddig az Oskola utca\u2013Stef\u00e1nia \u00fatvonalon eddig k\u00f6zleked\u0151knek.<\/p>\n<p>\u201eA rekonstrukci\u00f3 ut\u00e1n a rakpart ny\u00e1ri h\u00e9tv\u00e9g\u00e9ken val\u00f3 lez\u00e1r\u00e1sa \u00fajra napirendre fog ker\u00fclni, hiszen a tavalyi \u00e9vben nagy n\u00e9pszer\u0171s\u00e9gnek \u00f6rvendett a szegediek k\u00f6r\u00e9ben az oda szervezett rendezv\u00e9nysorozat\u201d \u2013 \u00edg\u00e9rte Mih\u00e1lik.<\/p>\n<p>Mint fogalmazott, c\u00e9ljukban nincs v\u00e1ltoz\u00e1s, azt szeretn\u00e9k, ha a Tisza Szeged val\u00f3di f\u0151utc\u00e1ja lenne, ez\u00e9rt a tavalyi \u00e9vben megrendezett programsorozatot az idei \u00e9vben is megszervezik, id\u00e9n a Tisza t\u00falpartj\u00e1n. A Partf\u00fcrd\u0151n \u00e9s a Laposon \u201egazdag programk\u00edn\u00e1lattal\u201d v\u00e1rj\u00e1k majd az \u00e9rdekl\u0151d\u0151, kikapcsol\u00f3dni v\u00e1gy\u00f3 szegedieket.<\/p>\n<p>Az, hogy val\u00f3ban ezen indok \u00e1ll-e a lez\u00e1r\u00e1s m\u00f6g\u00f6tt, csak sejthet\u0151. Elk\u00e9pzelhet\u0151 ugyanis, hogy egyszer\u0171en nem szeretn\u00e9nek a v\u00e1rosh\u00e1z\u00e1n konfront\u00e1ci\u00f3t aut\u00f3p\u00e1rti \u00e9s nem aut\u00f3p\u00e1rti szavaz\u00f3k k\u00f6z\u00f6tt hetekkel az ellenz\u00e9ki el\u0151v\u00e1laszt\u00e1s, \u00e9s h\u00f3napokkal a v\u00e1laszt\u00e1sok el\u0151tt.<\/p>","protected":false},"excerpt":{"rendered":"<p>J\u00fanius k\u00f6zepe van, ami azt jelenti hogy elm\u00e9letileg m\u00e1r id\u0151szer\u0171 volna a Husz\u00e1r M\u00e1ty\u00e1s rakpart idei lez\u00e1r\u00e1sa h\u00e9tv\u00e9gente. Tavaly j\u00falius 11-\u00e9n kezd\u0151d\u00f6tt a lez\u00e1r\u00f3sdi, \u00fagyhogy megkerest\u00fck Mih\u00e1lik Edvin z\u00f6ldv\u00e1ros-tan\u00e1csnokot (aki tavaly is bejelentette mindezt), hogy mi v\u00e1rhat\u00f3 2021-re. R\u00f6viden: semmi.<\/p>","protected":false},"author":1,"featured_media":0,"comment_status":"closed","ping_status":"closed","sticky":false,"template":"","format":"standard","meta":{"_seopress_robots_primary_cat":"none"},"categories":[4],"tags":[4543,2961,674,648,95],"acf":[],"amp_enabled":true,"_links":{"self":[{"href":"https:\/\/szegederarchivum.hu\/en\/wp-json\/wp\/v2\/posts\/52378"}],"collection":[{"href":"https:\/\/szegederarchivum.hu\/en\/wp-json\/wp\/v2\/posts"}],"about":[{"href":"https:\/\/szegederarchivum.hu\/en\/wp-json\/wp\/v2\/types\/post"}],"author":[{"embeddable":true,"href":"https:\/\/szegederarchivum.hu\/en\/wp-json\/wp\/v2\/users\/1"}],"replies":[{"embeddable":true,"href":"https:\/\/szegederarchivum.hu\/en\/wp-json\/wp\/v2\/comments?post=52378"}],"version-history":[{"count":1,"href":"https:\/\/szegederarchivum.hu\/en\/wp-json\/wp\/v2\/posts\/52378\/revisions"}],"predecessor-version":[{"id":52381,"href":"https:\/\/szegederarchivum.hu\/en\/wp-json\/wp\/v2\/posts\/52378\/revisions\/52381"}],"wp:attachment":[{"href":"https:\/\/szegederarchivum.hu\/en\/wp-json\/wp\/v2\/media?parent=52378"}],"wp:term":[{"taxonomy":"category","embeddable":true,"href":"https:\/\/szegederarchivum.hu\/en\/wp-json\/wp\/v2\/categories?post=52378"},{"taxonomy":"post_tag","embeddable":true,"href":"https:\/\/szegederarchivum.hu\/en\/wp-json\/wp\/v2\/tags?post=52378"}],"curies":[{"name":"wp","href":"https:\/\/api.w.org\/{rel}","templated":true}]}}