{"id":53733,"date":"2021-08-04T14:07:28","date_gmt":"2021-08-04T12:07:28","guid":{"rendered":"https:\/\/szegederarchivum.hu\/?p=53733"},"modified":"2021-08-04T14:14:52","modified_gmt":"2021-08-04T12:14:52","slug":"ronan-gargan-ir-nagykovet-szegedet-latogatta-meg-eloszor","status":"publish","type":"post","link":"https:\/\/szegederarchivum.hu\/en\/ronan-gargan-ir-nagykovet-szegedet-latogatta-meg-eloszor\/","title":{"rendered":"Ronan Gargan \u00edr nagyk\u00f6vet Szegedet l\u00e1togatta meg el\u0151sz\u00f6r"},"content":{"rendered":"<p><strong>\u00cdrorsz\u00e1g magyarorsz\u00e1gi nagyk\u00f6vet\u00e9t Botka L\u00e1szl\u00f3 fogadta szerd\u00e1n a v\u00e1rosh\u00e1z\u00e1n.<\/strong><\/p>\n<p>\u201eSzegedre vezetett az i\u0301r nagyko\u0308vet egyik elso\u030b vide\u0301ki u\u0301tja. O\u0308ro\u0308mmel la\u0301ttam vende\u0301gu\u0308l Ronan Gargant, hiszen mi Szegeden arra to\u0308rekszu\u0308nk, hogy tova\u0301bbra is jo\u0301 kapcsolatot tartsunk fenn a nyugat-euro\u0301pai szo\u0308vetse\u0301geseinkkel\u201d \u2013 \u00edrta a polg\u00e1rmester a k\u00f6z\u00f6ss\u00e9gi oldal\u00e1n, aki a Szeged.hu \u00f6nkorm\u00e1nyzati h\u00edrport\u00e1l <a href=\"https:\/\/szeged.hu\/hirek\/43966\/botka-laszlo-hivatalaban-fogadta-az-ir-nagykovetet\" target=\"_blank\" rel=\"noopener\">cikk\u00e9t mell\u00e9kelte<\/a>.<\/p>\n<p>A cikk szerint ez egy bemutatkoz\u00f3 l\u00e1togat\u00e1s volt, mivel a nagyk\u00f6vetet 2019 v\u00e9g\u00e9n nevezt\u00e9k ki, azonban a koronav\u00edrus-j\u00e1rv\u00e1ny miatt nem tudta eddig szem\u00e9lyesen felkeresni a magyar nagyv\u00e1rosok vezet\u0151it.<\/p>\n<p>A tala\u0301lkozo\u0301 sora\u0301n a va\u0301rosi fejleszte\u0301sekro\u030bl e\u0301s Magyarorsza\u0301g euro\u0301pai unio\u0301s szerepva\u0301llala\u0301sa\u0301ro\u0301l is egyeztettek, de a nagyk\u00f6vetet igaz\u00e1n a v\u00e1rosban folyamatban l\u00e9v\u0151 \u00e9s m\u00e1r befejezett zo\u0308ldberuha\u0301za\u0301sok e\u0301rdekelte\u0301k. \u201eKo\u0308szo\u0308no\u0308m a nagyko\u0308vet u\u0301rnak a la\u0301togata\u0301st!\u201d \u2013 z\u00e1rta a bejegyz\u00e9st Botka L\u00e1szl\u00f3.<\/p>\n<blockquote class=\"embedly-card\" data-card-controls=\"0\" data-card-align=\"center\" data-card-theme=\"light\">\n<h4><a href=\"https:\/\/www.facebook.com\/drbotkalaszlo\/posts\/4409172745770497\">Log In or Sign Up to View<\/a><\/h4>\n<p>See posts, photos and more on Facebook.<\/p>\n<\/blockquote>\n<p><script async src=\"\/\/cdn.embedly.com\/widgets\/platform.js\" charset=\"UTF-8\"><\/script><\/p>","protected":false},"excerpt":{"rendered":"<p>\u00cdrorsz\u00e1g magyarorsz\u00e1gi nagyk\u00f6vet\u00e9t Botka L\u00e1szl\u00f3 fogadta a v\u00e1rosh\u00e1z\u00e1n.<\/p>","protected":false},"author":16,"featured_media":0,"comment_status":"closed","ping_status":"closed","sticky":false,"template":"","format":"standard","meta":{"_seopress_robots_primary_cat":"none"},"categories":[4],"tags":[444,5252,3924,5251,202],"acf":[],"amp_enabled":true,"_links":{"self":[{"href":"https:\/\/szegederarchivum.hu\/en\/wp-json\/wp\/v2\/posts\/53733"}],"collection":[{"href":"https:\/\/szegederarchivum.hu\/en\/wp-json\/wp\/v2\/posts"}],"about":[{"href":"https:\/\/szegederarchivum.hu\/en\/wp-json\/wp\/v2\/types\/post"}],"author":[{"embeddable":true,"href":"https:\/\/szegederarchivum.hu\/en\/wp-json\/wp\/v2\/users\/16"}],"replies":[{"embeddable":true,"href":"https:\/\/szegederarchivum.hu\/en\/wp-json\/wp\/v2\/comments?post=53733"}],"version-history":[{"count":2,"href":"https:\/\/szegederarchivum.hu\/en\/wp-json\/wp\/v2\/posts\/53733\/revisions"}],"predecessor-version":[{"id":53748,"href":"https:\/\/szegederarchivum.hu\/en\/wp-json\/wp\/v2\/posts\/53733\/revisions\/53748"}],"wp:attachment":[{"href":"https:\/\/szegederarchivum.hu\/en\/wp-json\/wp\/v2\/media?parent=53733"}],"wp:term":[{"taxonomy":"category","embeddable":true,"href":"https:\/\/szegederarchivum.hu\/en\/wp-json\/wp\/v2\/categories?post=53733"},{"taxonomy":"post_tag","embeddable":true,"href":"https:\/\/szegederarchivum.hu\/en\/wp-json\/wp\/v2\/tags?post=53733"}],"curies":[{"name":"wp","href":"https:\/\/api.w.org\/{rel}","templated":true}]}}