{"id":54950,"date":"2021-09-04T17:42:11","date_gmt":"2021-09-04T15:42:11","guid":{"rendered":"https:\/\/szegederarchivum.hu\/?p=54950"},"modified":"2021-09-04T17:42:11","modified_gmt":"2021-09-04T15:42:11","slug":"nyugdijasok-koreben-jelentette-be-botka-hogy-iden-is-kapnak-10-ezer-forintot-a-nyugdijasok","status":"publish","type":"post","link":"https:\/\/szegederarchivum.hu\/en\/nyugdijasok-koreben-jelentette-be-botka-hogy-iden-is-kapnak-10-ezer-forintot-a-nyugdijasok\/","title":{"rendered":"Nyugd\u00edjasok k\u00f6r\u00e9ben jelentette be Botka, hogy id\u00e9n is kapnak 10 ezer forintot a nyugd\u00edjasok"},"content":{"rendered":"<p>A polg\u00e1rmester a szegedi nyugd\u00edjasklubok mini halfesztiv\u00e1lj\u00e1ra l\u00e1togatott ki, s ekkor jelentette be, hogy \u201ea neh\u00e9z gazdas\u00e1gi helyzet ellen\u00e9re Szeged egy valamir\u0151l nem mond le, az emberekr\u0151l. Ez\u00e9rt az id\u00e9n is sz\u00e1m\u00edthat mind a 35 ezer szegedi nyugd\u00edjas az \u00f6nkorm\u00e1nyzat t\u00e1mogat\u00e1s\u00e1ra\u201d.<\/p>\n<p>Botka szerint a k\u00f6vetkez\u0151 napokban fogj\u00e1k az id\u0151sek megkapni az \u00f6sszeget, miut\u00e1n augusztusban 11 ezer di\u00e1k is kapott. \u201eErre most a szokottn\u00e1l is nagyobb sz\u00fcks\u00e9ge van mindenkinek, amikor Eur\u00f3p\u00e1ban n\u00e1lunk a legmagasabb az infl\u00e1ci\u00f3 \u00e9s teljesen elsz\u00e1lltak az \u00e9lelmiszer\u00e1rak\u201d \u2013 fogalmazott.<\/p>\n<p>Ami \u00e9rdekes m\u00e9g, hogy a polg\u00e1rmester az ellenz\u00e9ki el\u0151v\u00e1laszt\u00e1sr\u00f3l is nyilatkozott. Elmondta, nagyon izgalmas id\u0151szak el\u0151tt \u00e1llunk, mert v\u00e9gre az ellenz\u00e9ki p\u00e1rtok \u00fagy d\u00f6nt\u00f6ttek, hogy \u00f6sszefognak, \u00e9s el\u0151v\u00e1laszt\u00e1son d\u00f6ntik el azt, hogy a 106 egy\u00e9ni v\u00e1laszt\u00f3k\u00f6rzetben ki induljon, ki az, aki le tudja gy\u0151zni a Fidesz jel\u00f6ltj\u00e9t.<\/p>\n<p>(via <a href=\"https:\/\/szeged.hu\/hirek\/44526\/a-nyugdijasok-mini-halfesztivaljan-jelentette-be-botka-laszlo-iden-is-35-ezer-szegedi-nyugdijas-kap-tamogatast-az-onkormanyzattol?fbclid=IwAR2PxP4WfcvwKo9YQS1bosSLfXvrpAxbri-OO5A93bMpy7juWPm4t4f3dGM\" target=\"_blank\" rel=\"noopener\">Szeged.hu<\/a>)<\/p>","protected":false},"excerpt":{"rendered":"<p>A polg\u00e1rmester a szegedi nyugd\u00edjasklubok mini halfesztiv\u00e1lj\u00e1ra l\u00e1togatott ki, s ekkor jelentette be, hogy \u201ea neh\u00e9z gazdas\u00e1gi helyzet ellen\u00e9re Szeged egy valamir\u0151l nem mond le, az emberekr\u0151l. Ez\u00e9rt az id\u00e9n is sz\u00e1m\u00edthat mind a 35 ezer szegedi nyugd\u00edjas az \u00f6nkorm\u00e1nyzat t\u00e1mogat\u00e1s\u00e1ra\u201d.<\/p>","protected":false},"author":1,"featured_media":0,"comment_status":"closed","ping_status":"closed","sticky":false,"template":"","format":"standard","meta":{"_seopress_robots_primary_cat":"none"},"categories":[4],"tags":[5151,444,502,2307],"acf":[],"amp_enabled":true,"_links":{"self":[{"href":"https:\/\/szegederarchivum.hu\/en\/wp-json\/wp\/v2\/posts\/54950"}],"collection":[{"href":"https:\/\/szegederarchivum.hu\/en\/wp-json\/wp\/v2\/posts"}],"about":[{"href":"https:\/\/szegederarchivum.hu\/en\/wp-json\/wp\/v2\/types\/post"}],"author":[{"embeddable":true,"href":"https:\/\/szegederarchivum.hu\/en\/wp-json\/wp\/v2\/users\/1"}],"replies":[{"embeddable":true,"href":"https:\/\/szegederarchivum.hu\/en\/wp-json\/wp\/v2\/comments?post=54950"}],"version-history":[{"count":1,"href":"https:\/\/szegederarchivum.hu\/en\/wp-json\/wp\/v2\/posts\/54950\/revisions"}],"predecessor-version":[{"id":54952,"href":"https:\/\/szegederarchivum.hu\/en\/wp-json\/wp\/v2\/posts\/54950\/revisions\/54952"}],"wp:attachment":[{"href":"https:\/\/szegederarchivum.hu\/en\/wp-json\/wp\/v2\/media?parent=54950"}],"wp:term":[{"taxonomy":"category","embeddable":true,"href":"https:\/\/szegederarchivum.hu\/en\/wp-json\/wp\/v2\/categories?post=54950"},{"taxonomy":"post_tag","embeddable":true,"href":"https:\/\/szegederarchivum.hu\/en\/wp-json\/wp\/v2\/tags?post=54950"}],"curies":[{"name":"wp","href":"https:\/\/api.w.org\/{rel}","templated":true}]}}