{"id":55368,"date":"2021-09-10T10:41:37","date_gmt":"2021-09-10T08:41:37","guid":{"rendered":"https:\/\/szegederarchivum.hu\/?p=55368"},"modified":"2021-09-10T10:41:37","modified_gmt":"2021-09-10T08:41:37","slug":"terrorcselekmeny-kiserlete-megfenyegette-az-ugyintezot-mert-nem-adtak-uj-jogositvanyt-hogy-elmenjen-megszurkalni-valakit","status":"publish","type":"post","link":"https:\/\/szegederarchivum.hu\/en\/terrorcselekmeny-kiserlete-megfenyegette-az-ugyintezot-mert-nem-adtak-uj-jogositvanyt-hogy-elmenjen-megszurkalni-valakit\/","title":{"rendered":"Terrorcselekm\u00e9ny k\u00eds\u00e9rlete: megfenyegette az \u00fcgyint\u00e9z\u0151t, mert nem adtak \u00faj jogos\u00edtv\u00e1nyt, hogy elmenjen megszurk\u00e1lni valakit"},"content":{"rendered":"<p><strong>Terrorcselekm\u00e9ny k\u00eds\u00e9rlete miatt emeltek v\u00e1dat egy f\u00e9rfival szemben, aki megfenyegetett egy tisztvisel\u0151t, hogy visszaszerezze bevont jogos\u00edtv\u00e1ny\u00e1t \u2013 t\u00e1j\u00e9koztatta a Csongr\u00e1d-Csan\u00e1d Megyei F\u0151\u00fcgy\u00e9szs\u00e9g sz\u00f3viv\u0151je p\u00e9nteken az MTI-t.<\/strong><\/p>\n<p>Szanka Ferenc k\u00f6z\u00f6lte, a letart\u00f3ztat\u00e1sban l\u00e9v\u0151 f\u00e9rfit \u00e1llami szerv k\u00e9nyszer\u00edt\u00e9se c\u00e9lj\u00e1b\u00f3l, szem\u00e9ly elleni er\u0151szakos b\u0171ncselekm\u00e9ny elk\u00f6vet\u00e9s\u00e9vel megval\u00f3s\u00edtott terrorcselekm\u00e9ny b\u0171ntett\u00e9nek k\u00eds\u00e9rlet\u00e9vel v\u00e1dolj\u00e1k.<\/p>\n<p>A f\u00e9rfit egy szab\u00e1lys\u00e9rt\u00e9s miatt febru\u00e1r 28-ig eltiltott\u00e1k a j\u00e1rm\u0171vezet\u00e9s valamennyi kateg\u00f3ri\u00e1j\u00e1t\u00f3l. A v\u00e1dlott a lej\u00e1ratot k\u00f6vet\u0151 napon megjelent a megyei korm\u00e1nyhivatal egyik j\u00e1r\u00e1si hivatal\u00e1ban, hogy \u00faj vezet\u0151i enged\u00e9lyt ig\u00e9nyeljen, a korm\u00e1nyablakban szak\u00fcgyint\u00e9z\u0151k\u00e9nt dolgoz\u00f3 n\u0151 azonban k\u00f6z\u00f6lte vele, hogy mivel id\u0151k\u00f6zben \u00fajabb szab\u00e1lys\u00e9rt\u00e9se miatt ism\u00e9t bevont\u00e1k a vezet\u0151i enged\u00e9ly\u00e9t, erre nincs lehet\u0151s\u00e9g. A f\u00e9rfi erre feld\u00faltan t\u00e1vozott a hivatalb\u00f3l.<\/p>\n<p>A v\u00e1dlott ezut\u00e1n az egyik k\u00f6z\u00f6ss\u00e9gi oldalon azt \u00edrta egy bejegyz\u00e9sben, hogy k\u00e9ri a jogos\u00edtv\u00e1ny\u00e1t, mert \u201emeg kell szurk\u00e1lnia valakit\u201d. Nehezm\u00e9nyezte, hogy \u00fajabb h\u00e1rom h\u00f3napra bevont\u00e1k a jogos\u00edtv\u00e1ny\u00e1t, \u00e9s nev\u00e9n nevezve megfenyegette az \u00fcgyint\u00e9z\u0151t, mondv\u00e1n, k\u00f6lt\u00f6zz\u00f6n el a v\u00e1rosb\u00f3l, mert nincs biztons\u00e1gban.<\/p>\n<p>A fenyeget\u00e9s \u2013 amely ismer\u0151s\u00f6k\u00f6n kereszt\u00fcl jutott el az \u00fcgyint\u00e9z\u0151h\u00f6z \u2013, mind az \u00fcgyint\u00e9z\u0151ben, mind pedig a korm\u00e1nyhivatal dolgoz\u00f3iban komoly f\u00e9lelmet keltett, de nem vezetett eredm\u00e9nyre. A f\u00e9rfi m\u00e1rcius 3-\u00e1n meg is jelent a j\u00e1r\u00e1si hivatalban, ahov\u00e1 azonban m\u00e1r nem engedt\u00e9k be, \u00e9rtes\u00edtett\u00e9k a rend\u0151rs\u00e9get \u2013 k\u00f6z\u00f6lte a csoportvezet\u0151 \u00fcgy\u00e9sz.<\/p>","protected":false},"excerpt":{"rendered":"<p>Terrorcselekm\u00e9ny k\u00eds\u00e9rlete miatt emeltek v\u00e1dat egy f\u00e9rfival szemben, aki megfenyegetett egy tisztvisel\u0151t, hogy visszaszerezze bevont jogos\u00edtv\u00e1ny\u00e1t<\/p>","protected":false},"author":16,"featured_media":0,"comment_status":"closed","ping_status":"closed","sticky":false,"template":"","format":"standard","meta":{"_seopress_robots_primary_cat":"none"},"categories":[979],"tags":[4140,4352,948,450],"acf":[],"amp_enabled":true,"_links":{"self":[{"href":"https:\/\/szegederarchivum.hu\/en\/wp-json\/wp\/v2\/posts\/55368"}],"collection":[{"href":"https:\/\/szegederarchivum.hu\/en\/wp-json\/wp\/v2\/posts"}],"about":[{"href":"https:\/\/szegederarchivum.hu\/en\/wp-json\/wp\/v2\/types\/post"}],"author":[{"embeddable":true,"href":"https:\/\/szegederarchivum.hu\/en\/wp-json\/wp\/v2\/users\/16"}],"replies":[{"embeddable":true,"href":"https:\/\/szegederarchivum.hu\/en\/wp-json\/wp\/v2\/comments?post=55368"}],"version-history":[{"count":1,"href":"https:\/\/szegederarchivum.hu\/en\/wp-json\/wp\/v2\/posts\/55368\/revisions"}],"predecessor-version":[{"id":55370,"href":"https:\/\/szegederarchivum.hu\/en\/wp-json\/wp\/v2\/posts\/55368\/revisions\/55370"}],"wp:attachment":[{"href":"https:\/\/szegederarchivum.hu\/en\/wp-json\/wp\/v2\/media?parent=55368"}],"wp:term":[{"taxonomy":"category","embeddable":true,"href":"https:\/\/szegederarchivum.hu\/en\/wp-json\/wp\/v2\/categories?post=55368"},{"taxonomy":"post_tag","embeddable":true,"href":"https:\/\/szegederarchivum.hu\/en\/wp-json\/wp\/v2\/tags?post=55368"}],"curies":[{"name":"wp","href":"https:\/\/api.w.org\/{rel}","templated":true}]}}