{"id":56135,"date":"2021-09-21T15:04:41","date_gmt":"2021-09-21T13:04:41","guid":{"rendered":"https:\/\/szegederarchivum.hu\/?p=56135"},"modified":"2021-09-21T15:06:17","modified_gmt":"2021-09-21T13:06:17","slug":"56135-2","status":"publish","type":"post","link":"https:\/\/szegederarchivum.hu\/en\/56135-2\/","title":{"rendered":"M\u00e1rki-Zay P\u00e9ter bevezette a \u201dsz\u00e9ks\u00e9rt\u00e9st\u201d, ak\u00e1r \u00f6tvenezres b\u00fcntet\u00e9st kaphat a k\u00f6zgy\u0171l\u00e9s tagjait s\u00e9rteget\u0151 k\u00e9pvisel\u0151"},"content":{"rendered":"<p><strong>T\u00edzezer \u00e9s \u00f6tvenezer forint k\u00f6z\u00f6tti p\u00e9nzb\u00edrs\u00e1ggal s\u00fajthatja ezent\u00fal a h\u00f3dmez\u0151v\u00e1s\u00e1rhelyi k\u00f6zgy\u0171l\u00e9s azt a k\u00e9pvisel\u0151t, aki megs\u00e9rti a test\u00fclet tagjait. M\u00e1rki-Zay P\u00e9ter tervei alapj\u00e1n ez a kultur\u00e1lt vit\u00e1t seg\u00edti majd el\u0151, a helyi Fidesz szerint el akarj\u00e1k hallgattatni \u0151ket.<\/strong><\/p>\n<p>A h\u00f3dmez\u0151v\u00e1s\u00e1rhelyi k\u00f6zgy\u0171l\u00e9s kedden d\u00f6nt\u00f6tt err\u0151l, \u00edgy m\u00f3dos\u00edtva a szervezeti \u00e9s m\u0171k\u00f6d\u00e9si szab\u00e1lyzatot. A Fidesz helyi szervezete szerint mindez az ellenz\u00e9k elhallgattat\u00e1s\u00e1ra szolg\u00e1l. Az el\u0151terjeszt\u00e9sben \u201dsz\u00e9ks\u00e9rt\u00e9snek\u201d nevezett kih\u00e1g\u00e1s meg\u00e1llap\u00edt\u00e1s\u00e1ra \u00e9s a rendb\u00edrs\u00e1g kiszab\u00e1s\u00e1ra b\u00e1rmely k\u00e9pvisel\u0151 javaslatot tehet, \u00e9s a k\u00f6zgy\u0171l\u00e9s vita n\u00e9lk\u00fcl, min\u0151s\u00edtett t\u00f6bbs\u00e9ggel d\u00f6nt r\u00f3la. A p\u00e9nzb\u00edrs\u00e1g m\u00e9rt\u00e9ke a \u201dsz\u00e9ks\u00e9rt\u00e9s\u201d s\u00faly\u00e1t\u00f3l \u00e9s ism\u00e9tl\u0151d\u0151 jelleg\u00e9t\u0151l f\u00fcgg.<\/p>\n<p>Ha az elk\u00f6vet\u0151 \u2013 az elmarasztal\u00f3 d\u00f6nt\u00e9s el\u0151tt \u2013 kijelent\u00e9s\u00e9t visszavonja, a k\u00f6zgy\u0171l\u00e9st \u00e9s a s\u00e9rtettet megk\u00f6veti, akkor a test\u00fclet eltekinthet a b\u00edrs\u00e1g kiszab\u00e1s\u00e1t\u00f3l. A p\u00e9nzb\u00fcntet\u00e9st az \u00f6nkorm\u00e1nyzat k\u00f6lts\u00e9gvet\u00e9si sz\u00e1ml\u00e1j\u00e1ra kell befizetnie a k\u00e9pvisel\u0151nek, ha nem teszi meg, az \u00f6sszeget levonj\u00e1k a tiszteletd\u00edj\u00e1b\u00f3l. A befizetett b\u00edrs\u00e1gok felhaszn\u00e1l\u00e1s\u00e1r\u00f3l a k\u00f6zgy\u0171l\u00e9s \u00e9vente egyszer d\u00f6nt, az \u00f6sszegy\u0171lt p\u00e9nzt j\u00f3t\u00e9konys\u00e1gi c\u00e9lra ford\u00edtj\u00e1k.<\/p>\n<p>A M\u00e1rki-Zay P\u00e9ter polg\u00e1rmester \u00e1ltal jegyzett el\u0151terjeszt\u00e9s szerint a rendeletm\u00f3dos\u00edt\u00e1s c\u00e9lja, hogy m\u00e9lt\u00f3 mederbe terelj\u00e9k a k\u00f6zgy\u0171l\u00e9si vit\u00e1t. A Fidesz helyi szervezet\u00e9nek k\u00f6zlem\u00e9nye szerint M\u00e1rki-Zay P\u00e9ter \u201eH\u00f3dmez\u0151v\u00e1s\u00e1rhely t\u00f6rt\u00e9net\u00e9nek leghazugabb polg\u00e1rmestere, nincs m\u00e9g egy v\u00e1rosvezet\u0151 Magyarorsz\u00e1gon, akit ennyiszer \u00edt\u00e9ltek volna el a b\u00edr\u00f3s\u00e1gok hazugs\u00e1g\u00e9rt \u00e9s r\u00e1galmaz\u00e1s\u00e9rt\u201d.<\/p>\n<p>Mindezek ellen\u00e9re a polg\u00e1rmester az \u00f6nkorm\u00e1nyzati szmsz m\u00f3dos\u00edt\u00e1sa sor\u00e1n egyfajta \u201dsz\u00e1jkos\u00e1rrendeletet\u201d l\u00e9trehozva megpr\u00f3b\u00e1lja elhallgattatni az ellenz\u00e9k\u00e9t, megpr\u00f3b\u00e1lja megakad\u00e1lyozni, hogy sz\u00e1mon k\u00e9rj\u00e9k rajta v\u00e1rosvezet\u0151i sikertelens\u00e9g\u00e9t, az elvesztett milli\u00e1rdos beruh\u00e1z\u00e1sokat, azt, hogy \u00e9vek \u00f3ta semmit sem fejl\u0151dik H\u00f3dmez\u0151v\u00e1s\u00e1rhely. A rendeletben nincs meghat\u00e1rozva, mi sz\u00e1m\u00edt s\u00e9rt\u0151nek, sem az, h\u00e1ny alkalommal lehet a \u201estat\u00e1ri\u00e1lis b\u00fcntet\u00e9st\u201d egy \u00fcl\u00e9sen vagy egy k\u00e9pvisel\u0151vel szemben alkalmazni \u2013 \u00e1ll a k\u00f6zlem\u00e9ny\u00fckben.<\/p>\n<p>A Fidesz \u00e1ll\u00e1spontja szerint \u201ea sz\u00e1jkos\u00e1rrendelettel a polg\u00e1rmester ism\u00e9t megmutatta, hogy mik\u00f6zben jog\u00e1llamr\u00f3l \u00e9s demokr\u00e1ci\u00e1r\u00f3l besz\u00e9l, a legs\u00f6t\u00e9tebb diktat\u00far\u00e1kat id\u00e9z\u0151en cselekszik. M\u00e1rki-Zay P\u00e9ter sokszorosan bizony\u00edtotta H\u00f3dmez\u0151v\u00e1s\u00e1rhelyen, hogy a polg\u00e1rmesteri tiszts\u00e9gre teljess\u00e9ggel alkalmatlan, imm\u00e1ron az is vil\u00e1gos, hogy b\u00e1rmilyen k\u00f6z\u00f6ss\u00e9g vezet\u00e9s\u00e9re m\u00e9ltatlan\u201d. (via MTI)<\/p>","protected":false},"excerpt":{"rendered":"<p>T\u00edzezer \u00e9s \u00f6tvenezer forint k\u00f6z\u00f6tti p\u00e9nzb\u00edrs\u00e1ggal s\u00fajthatja ezent\u00fal a h\u00f3dmez\u0151v\u00e1s\u00e1rhelyi k\u00f6zgy\u0171l\u00e9s azt a k\u00e9pvisel\u0151t, aki megs\u00e9rti a test\u00fclet tagjait. M\u00e1rki-Zay P\u00e9ter tervei alapj\u00e1n ez a kultur\u00e1lt vit\u00e1t seg\u00edti majd el\u0151, a helyi Fidesz szerint el akarj\u00e1k hallgattatni \u0151ket.<\/p>","protected":false},"author":16,"featured_media":0,"comment_status":"closed","ping_status":"closed","sticky":false,"template":"","format":"standard","meta":{"_seopress_robots_primary_cat":"none"},"categories":[4],"tags":[819,460,1040],"acf":[],"amp_enabled":true,"_links":{"self":[{"href":"https:\/\/szegederarchivum.hu\/en\/wp-json\/wp\/v2\/posts\/56135"}],"collection":[{"href":"https:\/\/szegederarchivum.hu\/en\/wp-json\/wp\/v2\/posts"}],"about":[{"href":"https:\/\/szegederarchivum.hu\/en\/wp-json\/wp\/v2\/types\/post"}],"author":[{"embeddable":true,"href":"https:\/\/szegederarchivum.hu\/en\/wp-json\/wp\/v2\/users\/16"}],"replies":[{"embeddable":true,"href":"https:\/\/szegederarchivum.hu\/en\/wp-json\/wp\/v2\/comments?post=56135"}],"version-history":[{"count":3,"href":"https:\/\/szegederarchivum.hu\/en\/wp-json\/wp\/v2\/posts\/56135\/revisions"}],"predecessor-version":[{"id":56139,"href":"https:\/\/szegederarchivum.hu\/en\/wp-json\/wp\/v2\/posts\/56135\/revisions\/56139"}],"wp:attachment":[{"href":"https:\/\/szegederarchivum.hu\/en\/wp-json\/wp\/v2\/media?parent=56135"}],"wp:term":[{"taxonomy":"category","embeddable":true,"href":"https:\/\/szegederarchivum.hu\/en\/wp-json\/wp\/v2\/categories?post=56135"},{"taxonomy":"post_tag","embeddable":true,"href":"https:\/\/szegederarchivum.hu\/en\/wp-json\/wp\/v2\/tags?post=56135"}],"curies":[{"name":"wp","href":"https:\/\/api.w.org\/{rel}","templated":true}]}}