{"id":56602,"date":"2021-09-27T17:29:46","date_gmt":"2021-09-27T15:29:46","guid":{"rendered":"https:\/\/szegederarchivum.hu\/?p=56602"},"modified":"2021-09-27T17:32:45","modified_gmt":"2021-09-27T15:32:45","slug":"lazar-janos-kepein-ahogy-osszeszereltek-a-hatodik-tram-traint-is-szentesen","status":"publish","type":"post","link":"https:\/\/szegederarchivum.hu\/en\/lazar-janos-kepein-ahogy-osszeszereltek-a-hatodik-tram-traint-is-szentesen\/","title":{"rendered":"L\u00e1z\u00e1r J\u00e1nos k\u00e9pein, ahogy \u00f6sszeszerelt\u00e9k a hatodik tram-traint is Szentesen"},"content":{"rendered":"<p>Mi m\u00e1r meg\u00edrtuk L\u00e1z\u00e1r J\u00e1nost is megel\u0151zve, hogy portug\u00e1l kamionokkal futott be a hatodik tram-train h\u00e1rom kocsir\u00e9sze a szentesi vas\u00fat\u00e1llom\u00e1sra. S\u0151t, az \u00e9rkez\u00e9sr\u0151l olvas\u00f3nk k\u00fcld\u00f6tt fot\u00f3kat, ezek <a href=\"https:\/\/szegederarchivum.hu\/megerkezett-a-hatodik-tram-train-is\/\" target=\"_blank\" rel=\"noopener\">ide kattintva<\/a> megtekinthet\u0151k. Nem is ez a a l\u00e9nyeg ugyanis, hanem az, hogy m\u00e1r elkezdt\u00e9k \u00f6sszeszerelni \u0151ket, ami L\u00e1z\u00e1r <a href=\"https:\/\/www.facebook.com\/lazarjanosfidesz\/posts\/1016421169090009\" target=\"_blank\" rel=\"noopener\">Facebook-posztj\u00e1ban<\/a> j\u00f3l l\u00e1tszik. \u201eNagy odafigyel\u00e9ssel \u00e9s precizit\u00e1ssal ma leemelt\u00e9k Szentesen a hatodik tram-train szerelv\u00e9nyt\u201d \u2013 \u00edrta.<\/p>\n<blockquote class=\"embedly-card\" data-card-controls=\"0\" data-card-align=\"center\" data-card-theme=\"light\">\n<h4><a href=\"https:\/\/www.facebook.com\/lazarjanosfidesz\/posts\/1016421169090009\">Log In or Sign Up to View<\/a><\/h4>\n<p>See posts, photos and more on Facebook.<\/p>\n<\/blockquote>\n<p><script async src=\"\/\/cdn.embedly.com\/widgets\/platform.js\" charset=\"UTF-8\"><\/script><\/p>\n<p>M\u00e1r azt is tudni, hogy az eddig pr\u00f3b\u00e1z\u00f3 szerelv\u00e9nyek <a href=\"https:\/\/fb.watch\/8hCKeTsuzR\/\" target=\"_blank\" rel=\"noopener\">meghaladt\u00e1k a 10 000<\/a> hibamentes tesztkilom\u00e9tert szeptember 23-\u00e1n. Kor\u00e1bbi posztj\u00e1ban arr\u00f3l \u00edrt, hogy \u00f6sszesen 50.000 km-t kell megtenni\u00fck a szerelv\u00e9nyeknek (teh\u00e1t nem csak egynek) hibamentesen, hogy el tudjon indulni a szolg\u00e1ltat\u00e1s. Az eddigi eredm\u00e9nyek alapj\u00e1n m\u00e9g ebben az \u00e9vben biztosan fog utasokat sz\u00e1ll\u00edtani a tram-train \u2013 \u00e1ll\u00edtotta a korm\u00e1nybiztos. A baj csak ott lesz, ha valami k\u00e9s\u0151n der\u00fcl ki, a sz\u00e1ml\u00e1l\u00f3 ugyanis \u00fajraindul.<\/p>\n<p>\u201eA j\u00e1rm\u0171veknek \u00f6sszesen \u00f6tvenezer kilom\u00e9tert kell hibamentesen lefutniuk. Ha a teszt idej\u00e9n olyan hiba l\u00e9p fel, ami sz\u00e9riahibak\u00e9nt \u00e9rt\u00e9kelend\u0151, akkor a hiba kijav\u00edt\u00e1sa ut\u00e1n \u00fajrakezd\u0151dik a fut\u00f3pr\u00f3ba a teljes flott\u00e1ra vonatkoz\u00f3an, egyedi hiba eset\u00e9n ez a lenull\u00e1z\u00f3d\u00e1s csak az adott j\u00e1rm\u0171re vonatkozik\u201d \u2013 <a href=\"https:\/\/szegederarchivum.hu\/a-vegso-nagy-probatetel-elott-a-tram-train-jelenleg-hodmezovasarhely-utcait-jarja\/\" target=\"_blank\" rel=\"noopener\">mondta<\/a>\u00a0Kiss Csaba, a Stadler Trains kommunik\u00e1ci\u00f3s vezet\u0151je.<\/p>\n<p><img decoding=\"async\" src=\"https:\/\/live.staticflickr.com\/65535\/51524537744_f4c4b01117_h.jpg\" \/><\/p>\n<figure style=\"width: 1600px\" class=\"wp-caption alignnone\"><img decoding=\"async\" loading=\"lazy\" src=\"https:\/\/live.staticflickr.com\/65535\/51523019162_63a20d83f2_h.jpg\" alt=\"\" width=\"1600\" height=\"1067\" \/><figcaption class=\"wp-caption-text\">Fot\u00f3k: L\u00e1z\u00e1r J\u00e1nos hivatalos oldala \/ Facebook<\/figcaption><\/figure>\n<p>Arr\u00f3l mi is \u00edrtunk, hogy az indul\u00e1s v\u00e9gs\u0151 d\u00e1tum\u00e1r\u00f3l azonban <a href=\"https:\/\/szegederarchivum.hu\/meg-lazar-janos-sem-tudja-mikor-indul-el-vegre-a-tram-train\/\" target=\"_blank\" rel=\"noopener\">nem tud senki semmit<\/a>, mert kiz\u00e1r\u00f3lag a technika \u00f6rd\u00f6ge \u00e9s a szerelv\u00e9nyek d\u00f6ntenek err\u0151l. Mi hivatalos csatorn\u00e1kb\u00f3l annak idej\u00e9n\u00a0<a href=\"https:\/\/szegederarchivum.hu\/tram-train-atadas-keses-december-lazar-janos\/\" target=\"_blank\" rel=\"noopener\">azt az inform\u00e1ci\u00f3t kaptuk<\/a>, hogy a M\u00c1V a december k\u00f6zepi menetrendv\u00e1lt\u00e1ssal szeretn\u00e9 elkezdeni az utassz\u00e1ll\u00edt\u00e1sos pr\u00f3ba\u00fczemet, ideiglenes menetrenddel. Az\u00f3ta\u00a0<a href=\"https:\/\/szegederarchivum.hu\/novemberben-indul-a-tram-train-az-elejen-ingyenes-lesz\/\" target=\"_blank\" rel=\"noopener\">voltak arr\u00f3l is hangok<\/a>, hogy m\u00e1r novemberben is elkezd\u0151dhet mindez.<\/p>","protected":false},"excerpt":{"rendered":"<p>Mi m\u00e1r meg\u00edrtuk L\u00e1z\u00e1r J\u00e1nost is megel\u0151zve, hogy portug\u00e1l kamionokkal futott be a hatodik tram-train h\u00e1rom kocsir\u00e9sze a szentesi vas\u00fat\u00e1llom\u00e1sra. S\u0151t, az \u00e9rkez\u00e9sr\u0151l olvas\u00f3nk k\u00fcld\u00f6tt fot\u00f3kat, ezek ide kattintva megtekinthet\u0151k. Nem is ez a a l\u00e9nyeg ugyanis, hanem az, hogy m\u00e1r elkezdt\u00e9k \u00f6sszeszerelni \u0151ket, ami L\u00e1z\u00e1r Facebook-posztj\u00e1ban j\u00f3l l\u00e1tszik. \u201eNagy odafigyel\u00e9ssel \u00e9s precizit\u00e1ssal ma leemelt\u00e9k Szentesen a hatodik tram-train szerelv\u00e9nyt\u201d \u2013 \u00edrta.<\/p>","protected":false},"author":16,"featured_media":0,"comment_status":"closed","ping_status":"closed","sticky":false,"template":"","format":"standard","meta":{"_seopress_robots_primary_cat":"none"},"categories":[4],"tags":[743,458,4673],"acf":[],"amp_enabled":true,"_links":{"self":[{"href":"https:\/\/szegederarchivum.hu\/en\/wp-json\/wp\/v2\/posts\/56602"}],"collection":[{"href":"https:\/\/szegederarchivum.hu\/en\/wp-json\/wp\/v2\/posts"}],"about":[{"href":"https:\/\/szegederarchivum.hu\/en\/wp-json\/wp\/v2\/types\/post"}],"author":[{"embeddable":true,"href":"https:\/\/szegederarchivum.hu\/en\/wp-json\/wp\/v2\/users\/16"}],"replies":[{"embeddable":true,"href":"https:\/\/szegederarchivum.hu\/en\/wp-json\/wp\/v2\/comments?post=56602"}],"version-history":[{"count":3,"href":"https:\/\/szegederarchivum.hu\/en\/wp-json\/wp\/v2\/posts\/56602\/revisions"}],"predecessor-version":[{"id":56607,"href":"https:\/\/szegederarchivum.hu\/en\/wp-json\/wp\/v2\/posts\/56602\/revisions\/56607"}],"wp:attachment":[{"href":"https:\/\/szegederarchivum.hu\/en\/wp-json\/wp\/v2\/media?parent=56602"}],"wp:term":[{"taxonomy":"category","embeddable":true,"href":"https:\/\/szegederarchivum.hu\/en\/wp-json\/wp\/v2\/categories?post=56602"},{"taxonomy":"post_tag","embeddable":true,"href":"https:\/\/szegederarchivum.hu\/en\/wp-json\/wp\/v2\/tags?post=56602"}],"curies":[{"name":"wp","href":"https:\/\/api.w.org\/{rel}","templated":true}]}}