{"id":56655,"date":"2021-09-28T11:18:32","date_gmt":"2021-09-28T09:18:32","guid":{"rendered":"https:\/\/szegederarchivum.hu\/?p=56655"},"modified":"2021-09-28T11:18:32","modified_gmt":"2021-09-28T09:18:32","slug":"nyolcan-haltak-meg-tegnap-ota-koronavirus-fertozes-miatt","status":"publish","type":"post","link":"https:\/\/szegederarchivum.hu\/en\/nyolcan-haltak-meg-tegnap-ota-koronavirus-fertozes-miatt\/","title":{"rendered":"Nyolcan haltak meg tegnap \u00f3ta koronav\u00edrus-fert\u0151z\u00e9s miatt"},"content":{"rendered":"<p>Nyolc beteg meghalt \u00e9s \u00fajabb 265 magyar \u00e1llampolg\u00e1rn\u00e1l mutatt\u00e1k ki a koronav\u00edrus-fert\u0151z\u00e9st \u2013 k\u00f6z\u00f6lte a koronavirus.gov.hu kedden. A korm\u00e1nyzati port\u00e1lon azt \u00edrt\u00e1k: 821 526-ra n\u0151tt a Magyarorsz\u00e1gon azonos\u00edtott fert\u0151z\u00f6ttek sz\u00e1ma.<\/p>\n<p>Az akt\u00edv fert\u0151z\u00f6ttek sz\u00e1ma 7532. K\u00f3rh\u00e1zban 513 koronav\u00edrusos beteget \u00e1polnak, k\u00f6z\u00fcl\u00fck 74-en vannak l\u00e9legeztet\u0151g\u00e9pen. Hat\u00f3s\u00e1gi h\u00e1zi karant\u00e9nban 4520-an vannak, a mintav\u00e9telek sz\u00e1ma 6 901 433.<\/p>\n<p>Az elhunytak sz\u00e1ma 30 179-re, a gy\u00f3gyultak\u00e9 783 815-re emelkedett. Eddig 5 881 493 embert oltottak be Magyarorsz\u00e1gon, k\u00f6z\u00fcl\u00fck 5 635 553-an a m\u00e1sodik, 725 ezren pedig m\u00e1r a harmadik adag vakcin\u00e1t is megkapt\u00e1k.<\/p>\n<p>Reddit \u00f6sszes\u00edt\u0151:<\/p>\n<ul>\n<li class=\"_1qeIAgB0cPwnLhDF9XSiJM\">\u00faj fert\u0151z\u00f6tt: 265<\/li>\n<li class=\"_1qeIAgB0cPwnLhDF9XSiJM\">elhunyt: 8<\/li>\n<li class=\"_1qeIAgB0cPwnLhDF9XSiJM\">k\u00f3rh\u00e1zban \u00e1polt: 513 (+35 tegnap \u00f3ta)<\/li>\n<li class=\"_1qeIAgB0cPwnLhDF9XSiJM\">l\u00e9legeztet\u0151g\u00e9pen: 74 (+3 tegnap \u00f3ta)<\/li>\n<li class=\"_1qeIAgB0cPwnLhDF9XSiJM\">tesztek sz\u00e1ma: 7 518<\/li>\n<li class=\"_1qeIAgB0cPwnLhDF9XSiJM\">\u00faj pozit\u00edv tesztek ar\u00e1nya: 3.52%<\/li>\n<li class=\"_1qeIAgB0cPwnLhDF9XSiJM\">oltottak sz\u00e1ma: 5 881 493 (+2 315 tegnap \u00f3ta)<\/li>\n<li class=\"_1qeIAgB0cPwnLhDF9XSiJM\">k\u00f6z\u00fcl\u00fck a m\u00e1sodikat is: 5 635 553 (+4 966 tegnap \u00f3ta)<\/li>\n<li class=\"_1qeIAgB0cPwnLhDF9XSiJM\">tegnap \u00f6sszesen beadott els\u0151 \u00e9s m\u00e1sodik olt\u00e1sok sz\u00e1ma: 7 281<\/li>\n<li class=\"_1qeIAgB0cPwnLhDF9XSiJM\"><a class=\"_3t5uN8xUmg0TOwRCOGQEcU\" href=\"https:\/\/www.reddit.com\/r\/hungary\/comments\/psdf98\/289_f%C5%91vel_emelkedett_a_beazonos%C3%ADtott_fert%C5%91z%C3%B6ttek\/hdow9aw\/\" target=\"_blank\" rel=\"noopener nofollow ugc\">m\u00falth\u00e9t kedd<\/a>\u00a0|\u00a0<a class=\"_3t5uN8xUmg0TOwRCOGQEcU\" href=\"https:\/\/www.reddit.com\/r\/hungary\/comments\/j16mww\/702_f%C5%91vel_emelkedett_a_beazonos%C3%ADtott_fert%C5%91z%C3%B6ttek\/\" target=\"_blank\" rel=\"noopener nofollow ugc\">tavaly ilyenkor<\/a><\/li>\n<li class=\"_1qeIAgB0cPwnLhDF9XSiJM\">725 ezren (+11k tegnap \u00f3ta) pedig m\u00e1r a harmadik olt\u00e1st is felvett\u00e9k.<\/li>\n<\/ul>","protected":false},"excerpt":{"rendered":"<p>Nyolc beteg meghalt \u00e9s \u00fajabb 265 magyar \u00e1llampolg\u00e1rn\u00e1l mutatt\u00e1k ki a koronav\u00edrus-fert\u0151z\u00e9st<\/p>","protected":false},"author":16,"featured_media":0,"comment_status":"closed","ping_status":"closed","sticky":false,"template":"","format":"standard","meta":{"_seopress_robots_primary_cat":"none"},"categories":[977],"tags":[4866,3680,3597,4616],"acf":[],"amp_enabled":true,"_links":{"self":[{"href":"https:\/\/szegederarchivum.hu\/en\/wp-json\/wp\/v2\/posts\/56655"}],"collection":[{"href":"https:\/\/szegederarchivum.hu\/en\/wp-json\/wp\/v2\/posts"}],"about":[{"href":"https:\/\/szegederarchivum.hu\/en\/wp-json\/wp\/v2\/types\/post"}],"author":[{"embeddable":true,"href":"https:\/\/szegederarchivum.hu\/en\/wp-json\/wp\/v2\/users\/16"}],"replies":[{"embeddable":true,"href":"https:\/\/szegederarchivum.hu\/en\/wp-json\/wp\/v2\/comments?post=56655"}],"version-history":[{"count":1,"href":"https:\/\/szegederarchivum.hu\/en\/wp-json\/wp\/v2\/posts\/56655\/revisions"}],"predecessor-version":[{"id":56657,"href":"https:\/\/szegederarchivum.hu\/en\/wp-json\/wp\/v2\/posts\/56655\/revisions\/56657"}],"wp:attachment":[{"href":"https:\/\/szegederarchivum.hu\/en\/wp-json\/wp\/v2\/media?parent=56655"}],"wp:term":[{"taxonomy":"category","embeddable":true,"href":"https:\/\/szegederarchivum.hu\/en\/wp-json\/wp\/v2\/categories?post=56655"},{"taxonomy":"post_tag","embeddable":true,"href":"https:\/\/szegederarchivum.hu\/en\/wp-json\/wp\/v2\/tags?post=56655"}],"curies":[{"name":"wp","href":"https:\/\/api.w.org\/{rel}","templated":true}]}}