{"id":6216,"date":"2019-03-04T10:00:59","date_gmt":"2019-03-04T09:00:59","guid":{"rendered":"https:\/\/szegederarchivum.hu\/?p=6216"},"modified":"2019-05-01T15:54:04","modified_gmt":"2019-05-01T13:54:04","slug":"most-megtanulhatsz-szegedi-papucsot-kesziteni","status":"publish","type":"post","link":"https:\/\/szegederarchivum.hu\/en\/most-megtanulhatsz-szegedi-papucsot-kesziteni\/","title":{"rendered":"Most megtanulhatsz szegedi papucsot k\u00e9sz\u00edteni"},"content":{"rendered":"<!-- Error, Advert is not available at this time due to schedule\/geolocation restrictions! -->\n<p><img decoding=\"async\" src=\"http:\/\/moramuzeum.hu\/wp-content\/uploads\/2017\/04\/papucs1.jpg\" \/><\/p>\n<p><!--more--><\/p>\n<p><strong>Megtan\u00edtan\u00e1k az \u00e9rdekl\u0151d\u0151ket a\u00a0szegedi papucs h\u00edmz\u00e9s\u00e9nek technik\u00e1j\u00e1ra \u00e9s megismerhetn\u00e9k a mot\u00edvumkincs\u00e9t \u00e9s sz\u00ednvil\u00e1g\u00e1t is azok, akik r\u00e9szt vesznek a Szegedi Papucs\u00e9rt Alap\u00edtv\u00e1ny \u00e9s a Hagyom\u00e1nyok h\u00e1za k\u00f6z\u00f6s tanfolyam\u00e1n az Szent-Gy\u00f6rgyi Albert Ag\u00f3r\u00e1ban.<\/strong><\/p>\n<p>A t\u00e1j\u00e9koztat\u00e1s szerint a k\u00e9zzel k\u00e9sz\u00fcl\u0151 papucsok h\u00edmz\u0151i m\u00e1r csak n\u00e9h\u00e1nyan vannak, \u00e9s \u0151k sem fiatalok. A hagyom\u00e1nyos papucsot k\u00e9sz\u00edt\u0151 cip\u00e9szmestereknek nagy sz\u00fcks\u00e9g\u00fck van arra, hogy szak\u00e9rt\u0151 kezek k\u00e9sz\u00edts\u00e9k a papucsfejekre ker\u00fcl\u0151 mot\u00edvumokat. A h\u00edmz\u0151 ut\u00e1np\u00f3tl\u00e1s megteremt\u00e9se az egyik leg\u00e9get\u0151bb feladat a mesters\u00e9g fennmarad\u00e1sa \u00e9rdek\u00e9ben &#8211; k\u00f6z\u00f6lt\u00e9k.<\/p>\n<p>A papucsh\u00edmz\u00e9s speci\u00e1lis tud\u00e1st ig\u00e9nyel, nemcsak azt kell tudni, milyen mot\u00edvumok, milyen sz\u00ednvil\u00e1g ker\u00fclj\u00f6n a papucsokra, k\u00fcl\u00f6nleges technika sz\u00fcks\u00e9ges a b\u00e1rsonyanyag h\u00edmz\u00e9s\u00e9hez is.<\/p>\n<!-- Error, Advert is not available at this time due to schedule\/geolocation restrictions! -->\n<p>&nbsp;<\/p>\n<p>A papucsot hagyom\u00e1nyosan\u00a0Szeged\u00a0k\u00f6rny\u00e9ki vir\u00e1gok d\u00edsz\u00edtett\u00e9k: imola, gy\u00f6ngyvir\u00e1g, pipacs \u00e9s b\u00fazakal\u00e1sz, ha azonban m\u00e1s v\u00e1rosbeli rendelte, akkor a h\u00edmz\u00e9s is v\u00e1ltozott. \u00a0\u00a0\u00a0\u00a0A r\u00e9gebbi, \u00fagynevezett t\u00f6r\u00f6k papucs s\u00f6t\u00e9t b\u00e1rsony\u00e1t z\u00f6ld p\u00f6tty\u00f6kkel h\u00edmezt\u00e9k ki. A h\u00edmz\u00e9st kieg\u00e9sz\u00edthetik flitterekkel, ezek a pillang\u00f3s papucsok, \u00e9s d\u00edsz\u00edthetik gy\u00f6ngy\u00f6kkel is. Egy 70 centim\u00e9ter sz\u00e9les b\u00e1rsony 24 centim\u00e9teres hossz\u00e1b\u00f3l \u00f6t-h\u00e9t papucsfej k\u00e9sz\u00edthet\u0151.<\/p>\n<figure style=\"width: 545px\" class=\"wp-caption aligncenter\"><img decoding=\"async\" loading=\"lazy\" src=\"http:\/\/download.fortepan.hu\/_photo\/download\/fortepan_124634.jpg\" alt=\"\" width=\"545\" height=\"850\" \/><figcaption class=\"wp-caption-text\">R\u00e1tkai S\u00e1ndor papucsos mester 1990-ben. Fot\u00f3: Urb\u00e1n Tam\u00e1s \/ Fortepan<\/figcaption><\/figure>\n<p>A m\u00e1rcius 25-\u00e9n indul\u00f3 tanfolyamon a papucsh\u00edmz\u00e9s rejtelmeibe Fetter Ferencn\u00e9 Kir\u00e1ly Zsiga-d\u00edjas n\u00e9pi iparm\u0171v\u00e9sz mellett Dob\u00f3 Katalin, a Sallay-papucsok \u00e9s V\u00e1ri Andrea, a R\u00e1tkai-papucsok h\u00edmz\u0151je avatja be a r\u00e9sztvev\u0151ket. A h\u00edmz\u00e9stechnik\u00e1k elsaj\u00e1t\u00edt\u00e1s\u00e1n t\u00fal az \u00e9rdekl\u0151d\u0151k megismerhetik a papucsk\u00e9sz\u00edt\u00e9s folyamat\u00e1t \u00e9s a hagyom\u00e1nyt meg\u00faj\u00edt\u00f3 kort\u00e1rs tervez\u0151k munk\u00e1it is.<\/p>\n<p>A\u00a0szegedi papucs \u00f6tsz\u00e1z \u00e9ves t\u00f6rt\u00e9nete a h\u00f3dolts\u00e1g kor\u00e1ra vezethet\u0151 vissza. A k\u00f6nny\u0171, tetszet\u0151s viseletre nagy kereslet volt a D\u00e9l-Alf\u00f6ld\u00f6n, majd a Szabadt\u00e9ri J\u00e1t\u00e9kok indul\u00e1s\u00e1val, a hazai turizmus fellend\u00fcl\u00e9s\u00e9vel a k\u00e9t h\u00e1bor\u00fa k\u00f6z\u00f6tt indult el a\u00a0szegedi papucs m\u00e1sodvir\u00e1gz\u00e1sa.<\/p>\n<p>1922-ben lett \u00f6n\u00e1ll\u00f3 a papucsos mesters\u00e9g, amikor n\u00e9gy jeles\u00a0szegedi mester &#8211; az akkor akt\u00edvan dolgoz\u00f3 t\u00f6bb mint negyvenb\u0151l &#8211; M\u00e9n\u00f6si Lajos, Nagy M\u00e1ty\u00e1s, \u00d3tott J\u00e1nos, Tuksa Gyula &#8220;k\u00e9sz\u00edtm\u00e9nyeit&#8221; az akkori kereskedelmi miniszternek szem\u00e9lyesen mutatta be, aki &#8220;m\u00e9lyen megillet\u0151dve&#8221; az \u00f6n\u00e1ll\u00f3s\u00e1ghoz hozz\u00e1 is j\u00e1rult.<\/p>\n<p>Az \u00f6n\u00e1ll\u00f3 m\u0171helyek 1951-ben a papucsos sz\u00f6vetkezet megalakul\u00e1s\u00e1val szinte megsz\u0171ntek. A varrott, kiford\u00edtott egyl\u00e1bas &#8211; jobb \u00e9s bal l\u00e1bon is viselhet\u0151 &#8211; papucsok k\u00e9sz\u00edt\u00e9s\u00e9nek legend\u00e1s mestere, R\u00e1tkai S\u00e1ndor 2011-ben 98 \u00e9ves kor\u00e1ban hunyt el.<\/p>\n<p>A\u00a0szegedi papucsot tavaly felvett\u00e9k a szellemi kultur\u00e1lis \u00f6r\u00f6ks\u00e9g nemzeti jegyz\u00e9k\u00e9be. (MTI)<\/p>\n<p>&nbsp;<\/p>\n<p><em>Nyit\u00f3k\u00e9p: M\u00f3ra Ferenc M\u00fazeum<\/em><\/p>\n<!-- Error, Advert is not available at this time due to schedule\/geolocation restrictions! -->","protected":false},"excerpt":{"rendered":"","protected":false},"author":1,"featured_media":0,"comment_status":"closed","ping_status":"closed","sticky":false,"template":"","format":"standard","meta":{"_seopress_robots_primary_cat":"none"},"categories":[986],"tags":[144,629,149,628],"acf":[],"amp_enabled":true,"_links":{"self":[{"href":"https:\/\/szegederarchivum.hu\/en\/wp-json\/wp\/v2\/posts\/6216"}],"collection":[{"href":"https:\/\/szegederarchivum.hu\/en\/wp-json\/wp\/v2\/posts"}],"about":[{"href":"https:\/\/szegederarchivum.hu\/en\/wp-json\/wp\/v2\/types\/post"}],"author":[{"embeddable":true,"href":"https:\/\/szegederarchivum.hu\/en\/wp-json\/wp\/v2\/users\/1"}],"replies":[{"embeddable":true,"href":"https:\/\/szegederarchivum.hu\/en\/wp-json\/wp\/v2\/comments?post=6216"}],"version-history":[{"count":5,"href":"https:\/\/szegederarchivum.hu\/en\/wp-json\/wp\/v2\/posts\/6216\/revisions"}],"predecessor-version":[{"id":6225,"href":"https:\/\/szegederarchivum.hu\/en\/wp-json\/wp\/v2\/posts\/6216\/revisions\/6225"}],"wp:attachment":[{"href":"https:\/\/szegederarchivum.hu\/en\/wp-json\/wp\/v2\/media?parent=6216"}],"wp:term":[{"taxonomy":"category","embeddable":true,"href":"https:\/\/szegederarchivum.hu\/en\/wp-json\/wp\/v2\/categories?post=6216"},{"taxonomy":"post_tag","embeddable":true,"href":"https:\/\/szegederarchivum.hu\/en\/wp-json\/wp\/v2\/tags?post=6216"}],"curies":[{"name":"wp","href":"https:\/\/api.w.org\/{rel}","templated":true}]}}