{"id":6236,"date":"2019-03-04T13:19:25","date_gmt":"2019-03-04T12:19:25","guid":{"rendered":"https:\/\/szegederarchivum.hu\/?p=6236"},"modified":"2019-08-06T12:23:31","modified_gmt":"2019-08-06T10:23:31","slug":"a-szegedi-lett-volna-a-prodigy-15-magyarorszagi-fellepese","status":"publish","type":"post","link":"https:\/\/szegederarchivum.hu\/en\/a-szegedi-lett-volna-a-prodigy-15-magyarorszagi-fellepese\/","title":{"rendered":"A szegedi lett volna a Prodigy 15. magyarorsz\u00e1gi fell\u00e9p\u00e9se"},"content":{"rendered":"<p><!--more--><\/p>\n<p><strong>H\u00e9tf\u0151n reggel <a href=\"https:\/\/szegederarchivum.hu\/meghalt-a-prodigy-enekese\/\" target=\"_blank\" rel=\"noopener noreferrer\">holtan tal\u00e1lt\u00e1k<\/a> otthon\u00e1ban az angol The Prodigy frontember\u00e9t,\u00a0Keith Flint-et.<\/strong><\/p>\n<p>A <a href=\"https:\/\/nuus.hu\/zene\/0218\/osszeszamoltuk-iden-lesz-a-15-prodigy-koncert-magyarorszagon\/\" target=\"_blank\" rel=\"noopener noreferrer\">Nuus.hu<\/a> \u00f6sszegy\u0171jt\u00f6tte az elm\u00falt \u00e9vtizedek \u00f6sszes hazai fell\u00e9p\u00e9s\u00e9t a zenekarnak. El\u0151sz\u00f6r 1995-ben voltak Magyarorsz\u00e1gon, utolj\u00e1ra tavaly, Sz\u00e9kesfeh\u00e9rv\u00e1ron. A 14 fell\u00e9p\u00e9snek t\u00f6bb mint fele, 8 Budapesten volt.<\/p>\n<ol>\n<li>1995. j\u00fanius 18.:\u00a0<a href=\"http:\/\/www.theprodigyontour.com\/?p=762\">Pet\u0151fi Csarnok<\/a><\/li>\n<li>1996. augusztus 18.:\u00a0<a href=\"http:\/\/www.theprodigyontour.com\/?p=903\">Sziget<\/a><\/li>\n<li>1997. okt\u00f3ber 30.:\u00a0<a href=\"http:\/\/www.theprodigyontour.com\/?p=1038\">Budapest Sportcsarnok<\/a><\/li>\n<li>2006. augusztus 15.:\u00a0<a href=\"http:\/\/www.theprodigyontour.com\/?p=1562\">Sziget<\/a><\/li>\n<li>2007. j\u00falius 6.:\u00a0<a href=\"http:\/\/www.theprodigyontour.com\/?p=1641\">VOLT fesztiv\u00e1l<\/a><\/li>\n<li>2009. augusztus 14.:\u00a0<a href=\"http:\/\/www.theprodigyontour.com\/?p=1789\">Sziget<\/a><\/li>\n<li>2010. j\u00falius 2.:\u00a0<a href=\"http:\/\/www.theprodigyontour.com\/?p=1981\">VOLT<\/a><\/li>\n<li>2011. augusztus 12.:\u00a0<a href=\"http:\/\/www.theprodigyontour.com\/?p=2076\">Sziget<\/a><\/li>\n<li>2012. \u00e1prilis 28.:\u00a0<a href=\"http:\/\/www.theprodigyontour.com\/?p=2169\">Budapest Sportar\u00e9na<\/a><\/li>\n<li>2013. j\u00falius 13.:\u00a0<a href=\"http:\/\/www.theprodigyontour.com\/?p=2201\">Balaton Sound<\/a><\/li>\n<li>2014. augusztus 16.:\u00a0<a href=\"http:\/\/www.theprodigyontour.com\/?p=2245\">Sziget<\/a><\/li>\n<li>2016, j\u00falius 2.:\u00a0<a href=\"http:\/\/www.theprodigyontour.com\/?p=28285\">VOLT<\/a><\/li>\n<li>2017. j\u00falius 21.:\u00a0<a href=\"http:\/\/www.theprodigyontour.com\/?p=32757\">Campus<\/a><\/li>\n<li>2018. j\u00falius 26.:\u00a0<a href=\"http:\/\/www.theprodigyontour.com\/?p=34598\">Fezen<\/a><\/li>\n<\/ol>\n<p>A 15. id\u00e9n augusztus v\u00e9g\u00e9n lett volna a Szegedi Ifj\u00fas\u00e1gi Napok nagysz\u00ednpad\u00e1n.<\/p>\n<p>&nbsp;<\/p>\n<figure style=\"width: 1390px\" class=\"wp-caption alignnone\"><img decoding=\"async\" loading=\"lazy\" src=\"https:\/\/i2.wp.com\/szegeder.files.wordpress.com\/2019\/03\/7e32abdb15502e4e03386ddd43964182.jpg?ssl=1\" alt=\"7e32abdb15502e4e03386ddd43964182\" width=\"1390\" height=\"926\" \/><figcaption class=\"wp-caption-text\">A The Prodigy 2016. j\u00falius 2-\u00e1n a soproni VOLT fesztiv\u00e1lon. Fot\u00f3: Matolj\u00e1k Adrienn \/ Index<\/figcaption><\/figure>\n<p>&nbsp;<\/p>\n<figure style=\"width: 1393px\" class=\"wp-caption alignnone\"><img decoding=\"async\" loading=\"lazy\" src=\"https:\/\/i2.wp.com\/szegeder.files.wordpress.com\/2019\/03\/b28e7dc71eb24d7840660b45b5488cae.jpg?ssl=1\" alt=\"b28e7dc71eb24d7840660b45b5488cae\" width=\"1393\" height=\"924\" \/><figcaption class=\"wp-caption-text\">A The Prodigy 2016. j\u00falius 2-\u00e1n a soproni VOLT fesztiv\u00e1lon. Fot\u00f3: Matolj\u00e1k Adrienn \/ Index<\/figcaption><\/figure>\n<p>&nbsp;<\/p>\n<figure style=\"width: 1395px\" class=\"wp-caption alignnone\"><img decoding=\"async\" loading=\"lazy\" src=\"https:\/\/i0.wp.com\/szegeder.files.wordpress.com\/2019\/03\/aec8c26795d3303aa551f30f8675d99a.jpg?ssl=1\" alt=\"aec8c26795d3303aa551f30f8675d99a\" width=\"1395\" height=\"916\" \/><figcaption class=\"wp-caption-text\">A The Prodigy 2016. j\u00falius 2-\u00e1n a soproni VOLT fesztiv\u00e1lon. Fot\u00f3: Matolj\u00e1k Adrienn \/ Index<\/figcaption><\/figure>\n<p>&nbsp;<\/p>\n<figure style=\"width: 1393px\" class=\"wp-caption alignnone\"><img decoding=\"async\" loading=\"lazy\" src=\"https:\/\/i2.wp.com\/szegeder.files.wordpress.com\/2019\/03\/11a639ca99e7a0733cf5136c3716f2d1.jpg?ssl=1\" alt=\"11a639ca99e7a0733cf5136c3716f2d1\" width=\"1393\" height=\"925\" \/><figcaption class=\"wp-caption-text\">A The Prodigy 2016. j\u00falius 2-\u00e1n a soproni VOLT fesztiv\u00e1lon. Fot\u00f3: Matolj\u00e1k Adrienn \/ Index<\/figcaption><\/figure>\n<p>&nbsp;<\/p>\n<figure style=\"width: 1394px\" class=\"wp-caption alignnone\"><img decoding=\"async\" loading=\"lazy\" src=\"https:\/\/i2.wp.com\/szegeder.files.wordpress.com\/2019\/03\/8b387bda3c9b85633e95fee96bd23d67.jpg?ssl=1\" alt=\"8b387bda3c9b85633e95fee96bd23d67\" width=\"1394\" height=\"923\" \/><figcaption class=\"wp-caption-text\">A The Prodigy 2016. j\u00falius 2-\u00e1n a soproni VOLT fesztiv\u00e1lon. Fot\u00f3: Matolj\u00e1k Adrienn \/ Index<\/figcaption><\/figure>\n<p>&nbsp;<\/p>","protected":false},"excerpt":{"rendered":"","protected":false},"author":1,"featured_media":0,"comment_status":"closed","ping_status":"closed","sticky":false,"template":"","format":"standard","meta":{"_seopress_robots_primary_cat":"none"},"categories":[981],"tags":[631,217,522],"acf":[],"amp_enabled":true,"_links":{"self":[{"href":"https:\/\/szegederarchivum.hu\/en\/wp-json\/wp\/v2\/posts\/6236"}],"collection":[{"href":"https:\/\/szegederarchivum.hu\/en\/wp-json\/wp\/v2\/posts"}],"about":[{"href":"https:\/\/szegederarchivum.hu\/en\/wp-json\/wp\/v2\/types\/post"}],"author":[{"embeddable":true,"href":"https:\/\/szegederarchivum.hu\/en\/wp-json\/wp\/v2\/users\/1"}],"replies":[{"embeddable":true,"href":"https:\/\/szegederarchivum.hu\/en\/wp-json\/wp\/v2\/comments?post=6236"}],"version-history":[{"count":6,"href":"https:\/\/szegederarchivum.hu\/en\/wp-json\/wp\/v2\/posts\/6236\/revisions"}],"predecessor-version":[{"id":18286,"href":"https:\/\/szegederarchivum.hu\/en\/wp-json\/wp\/v2\/posts\/6236\/revisions\/18286"}],"wp:attachment":[{"href":"https:\/\/szegederarchivum.hu\/en\/wp-json\/wp\/v2\/media?parent=6236"}],"wp:term":[{"taxonomy":"category","embeddable":true,"href":"https:\/\/szegederarchivum.hu\/en\/wp-json\/wp\/v2\/categories?post=6236"},{"taxonomy":"post_tag","embeddable":true,"href":"https:\/\/szegederarchivum.hu\/en\/wp-json\/wp\/v2\/tags?post=6236"}],"curies":[{"name":"wp","href":"https:\/\/api.w.org\/{rel}","templated":true}]}}