{"id":6966,"date":"2019-03-15T17:20:21","date_gmt":"2019-03-15T16:20:21","guid":{"rendered":"https:\/\/szegederarchivum.hu\/?p=6966"},"modified":"2019-05-01T15:41:13","modified_gmt":"2019-05-01T13:41:13","slug":"felrepultek-egy-dronnal-a-dugonics-ter-fole-ez-lett-az-eredmeny","status":"publish","type":"post","link":"https:\/\/szegederarchivum.hu\/en\/felrepultek-egy-dronnal-a-dugonics-ter-fole-ez-lett-az-eredmeny\/","title":{"rendered":"Felrep\u00fcltek egy dr\u00f3nnal a Dugonics t\u00e9r f\u00f6l\u00e9, ez lett az eredm\u00e9ny"},"content":{"rendered":"<ul>\n<li>Az ANK csapata felrep\u00fclt egy dr\u00f3nnal a szegedi Dugonics t\u00e9r f\u00f6l\u00e9, hogy k\u00f6rben\u00e9zzenek.<\/li>\n<li>Az eszk\u00f6z eg\u00e9szen pontosan egy DJI Spark, mely k\u00e9pes g\u00f6mbpanor\u00e1m\u00e1t k\u00e9sz\u00edteni, teh\u00e1t ugyan\u00fagy lehet n\u00e9zni a k\u00e9pet, mintha csak a Google utcak\u00e9p\u00e9ben lenn\u00e9nk.<\/li>\n<li>A k\u00fcl\u00f6nbs\u00e9g persze az, hogy az utca finoman sz\u00f3lva is sz\u00e1z m\u00e9terekkel van alattunk.<\/li>\n<li>A teljes, tekergethet\u0151 k\u00e9p <a href=\"https:\/\/www.facebook.com\/anetkukaca\/photos\/a.290275041364433\/864928397232425\/?type=3&amp;theater\" target=\"_blank\" rel=\"noopener noreferrer\">itt \u00e9rhet\u0151 el<\/a>.<\/li>\n<\/ul>\n<p>&nbsp;<\/p>\n<figure style=\"width: 1500px\" class=\"wp-caption alignnone\"><img decoding=\"async\" loading=\"lazy\" src=\"https:\/\/i1.wp.com\/szegeder.files.wordpress.com\/2019\/03\/drone6.jpg?ssl=1\" alt=\"drone6\" width=\"1500\" height=\"900\" \/><figcaption class=\"wp-caption-text\">Fot\u00f3: ANK<\/figcaption><\/figure>\n<p><!--more--><\/p>\n<p>&nbsp;<\/p>\n<figure style=\"width: 1500px\" class=\"wp-caption alignnone\"><img decoding=\"async\" loading=\"lazy\" src=\"https:\/\/i2.wp.com\/szegeder.files.wordpress.com\/2019\/03\/drone7.jpg?ssl=1\" alt=\"drone7\" width=\"1500\" height=\"900\" \/><figcaption class=\"wp-caption-text\">Fot\u00f3: ANK<\/figcaption><\/figure>\n<p>&nbsp;<\/p>\n<figure style=\"width: 1500px\" class=\"wp-caption alignnone\"><img decoding=\"async\" loading=\"lazy\" src=\"https:\/\/i1.wp.com\/szegeder.files.wordpress.com\/2019\/03\/drone5.jpg?ssl=1\" alt=\"drone5\" width=\"1500\" height=\"900\" \/><figcaption class=\"wp-caption-text\">Fot\u00f3: ANK<\/figcaption><\/figure>\n<p>&nbsp;<\/p>\n<!-- Error, Advert is not available at this time due to schedule\/geolocation restrictions! -->\n<p>&nbsp;<\/p>\n<figure style=\"width: 1500px\" class=\"wp-caption alignnone\"><img decoding=\"async\" loading=\"lazy\" src=\"https:\/\/i2.wp.com\/szegeder.files.wordpress.com\/2019\/03\/drone4.jpg?ssl=1\" alt=\"drone4\" width=\"1500\" height=\"900\" \/><figcaption class=\"wp-caption-text\">Fot\u00f3: ANK<\/figcaption><\/figure>\n<p>&nbsp;<\/p>\n<figure style=\"width: 1500px\" class=\"wp-caption alignnone\"><img decoding=\"async\" loading=\"lazy\" src=\"https:\/\/i2.wp.com\/szegeder.files.wordpress.com\/2019\/03\/drone3.jpg?ssl=1\" alt=\"drone3\" width=\"1500\" height=\"900\" \/><figcaption class=\"wp-caption-text\">Fot\u00f3: ANK<\/figcaption><\/figure>\n<p>&nbsp;<\/p>\n<figure style=\"width: 1500px\" class=\"wp-caption alignnone\"><img decoding=\"async\" loading=\"lazy\" src=\"https:\/\/i0.wp.com\/szegeder.files.wordpress.com\/2019\/03\/drone2.jpg?ssl=1\" alt=\"drone2\" width=\"1500\" height=\"900\" \/><figcaption class=\"wp-caption-text\">Fot\u00f3: ANK<\/figcaption><\/figure>\n<p>&nbsp;<\/p>\n<figure style=\"width: 1500px\" class=\"wp-caption alignnone\"><img decoding=\"async\" loading=\"lazy\" src=\"https:\/\/i2.wp.com\/szegeder.files.wordpress.com\/2019\/03\/drone1.jpg?ssl=1\" alt=\"drone1\" width=\"1500\" height=\"900\" \/><figcaption class=\"wp-caption-text\">Fot\u00f3: ANK<\/figcaption><\/figure>","protected":false},"excerpt":{"rendered":"<p>Az ANK csapata felrep\u00fclt egy dr\u00f3nnal a szegedi Dugonics t\u00e9r f\u00f6l\u00e9, hogy k\u00f6rben\u00e9zzenek. Az eszk\u00f6z eg\u00e9szen pontosan egy DJI Spark, mely k\u00e9pes g\u00f6mbpanor\u00e1m\u00e1t k\u00e9sz\u00edteni, teh\u00e1t ugyan\u00fagy lehet n\u00e9zni a k\u00e9pet, mintha csak a Google utcak\u00e9p\u00e9ben lenn\u00e9nk. A k\u00fcl\u00f6nbs\u00e9g persze az, hogy az utca finoman sz\u00f3lva is sz\u00e1z m\u00e9terekkel van alattunk. A teljes, tekergethet\u0151 k\u00e9p itt [&hellip;]<\/p>","protected":false},"author":1,"featured_media":0,"comment_status":"closed","ping_status":"closed","sticky":false,"template":"","format":"standard","meta":{"_seopress_robots_primary_cat":"none"},"categories":[981],"tags":[87,715,380,107],"acf":[],"amp_enabled":true,"_links":{"self":[{"href":"https:\/\/szegederarchivum.hu\/en\/wp-json\/wp\/v2\/posts\/6966"}],"collection":[{"href":"https:\/\/szegederarchivum.hu\/en\/wp-json\/wp\/v2\/posts"}],"about":[{"href":"https:\/\/szegederarchivum.hu\/en\/wp-json\/wp\/v2\/types\/post"}],"author":[{"embeddable":true,"href":"https:\/\/szegederarchivum.hu\/en\/wp-json\/wp\/v2\/users\/1"}],"replies":[{"embeddable":true,"href":"https:\/\/szegederarchivum.hu\/en\/wp-json\/wp\/v2\/comments?post=6966"}],"version-history":[{"count":5,"href":"https:\/\/szegederarchivum.hu\/en\/wp-json\/wp\/v2\/posts\/6966\/revisions"}],"predecessor-version":[{"id":10319,"href":"https:\/\/szegederarchivum.hu\/en\/wp-json\/wp\/v2\/posts\/6966\/revisions\/10319"}],"wp:attachment":[{"href":"https:\/\/szegederarchivum.hu\/en\/wp-json\/wp\/v2\/media?parent=6966"}],"wp:term":[{"taxonomy":"category","embeddable":true,"href":"https:\/\/szegederarchivum.hu\/en\/wp-json\/wp\/v2\/categories?post=6966"},{"taxonomy":"post_tag","embeddable":true,"href":"https:\/\/szegederarchivum.hu\/en\/wp-json\/wp\/v2\/tags?post=6966"}],"curies":[{"name":"wp","href":"https:\/\/api.w.org\/{rel}","templated":true}]}}