{"id":7231,"date":"2019-03-21T15:50:34","date_gmt":"2019-03-21T14:50:34","guid":{"rendered":"https:\/\/szegederarchivum.hu\/?p=7231"},"modified":"2019-05-01T15:36:29","modified_gmt":"2019-05-01T13:36:29","slug":"vasarhelyen-mar-leraktak-a-villamos-sinjeit","status":"publish","type":"post","link":"https:\/\/szegederarchivum.hu\/en\/vasarhelyen-mar-leraktak-a-villamos-sinjeit\/","title":{"rendered":"V\u00e1s\u00e1rhelyen m\u00e1r lerakt\u00e1k a villamos s\u00ednjeit"},"content":{"rendered":"<ul>\n<li>Egyre k\u00f6zelebb van a Szegedet H\u00f3dmez\u0151v\u00e1s\u00e1rhellyel \u00f6sszek\u00f6t\u0151 tram-train elk\u00e9sz\u00fclte.<\/li>\n<li>B\u00e1r a pr\u00f3ba\u00fczemig legal\u00e1bb 2020-ig kell v\u00e1rni, a szerkezetileg nemsok\u00e1ra k\u00f6zel v\u00e9gleges f\u00e1zisba \u00e9r.<\/li>\n<li>A 44 ezres v\u00e1rosban eddig soha nem j\u00e1rt villamos, de 1913 \u00f3ta nem is volt olyan v\u00e1ros Magyarorsz\u00e1gon, ahol \u00faj h\u00e1l\u00f3zatot adtak volna \u00e1t.<\/li>\n<li>A belv\u00e1rosban t\u00f6bb szakaszon m\u00e9g csak a s\u00ednek helye van meg, az Ady Endre \u00faton azonban m\u00e1r s\u00edneken t\u00fal a fels\u0151vezet\u00e9ket tart\u00f3 oszlopok is \u00e1llnak.<\/li>\n<li>A projekt k\u00f6lts\u00e9gvet\u00e9se el\u00e9ri a 71 milli\u00e1rd forintot, a v\u00e1rhat\u00f3 indul\u00e1s d\u00e1tuma 2021.<\/li>\n<li>A Szegeder f\u00e9nyk\u00e9pez\u0151g\u00e9pe ell\u00e1togatott a szomsz\u00e9dba, hogy megmutassa, hogy \u00e1ll az \u00e9p\u00edtkez\u00e9s.<\/li>\n<\/ul>\n<p>&nbsp;<\/p>\n<figure style=\"width: 1200px\" class=\"wp-caption alignnone\"><img decoding=\"async\" loading=\"lazy\" src=\"https:\/\/i0.wp.com\/szegeder.files.wordpress.com\/2019\/03\/img_4472.jpg?ssl=1\" alt=\"IMG_4472\" width=\"1200\" height=\"800\" \/><figcaption class=\"wp-caption-text\">Fot\u00f3: Sz\u0171cs D\u00e1niel \/ Szegeder<\/figcaption><\/figure>\n<p><!--more--><\/p>\n<p>&nbsp;<\/p>\n<figure style=\"width: 1200px\" class=\"wp-caption alignnone\"><img decoding=\"async\" loading=\"lazy\" src=\"https:\/\/i0.wp.com\/szegeder.files.wordpress.com\/2019\/03\/img_4474.jpg?ssl=1\" alt=\"IMG_4474\" width=\"1200\" height=\"800\" \/><figcaption class=\"wp-caption-text\">Fot\u00f3: Sz\u0171cs D\u00e1niel \/ Szegeder<\/figcaption><\/figure>\n<p>&nbsp;<\/p>\n<figure style=\"width: 1200px\" class=\"wp-caption alignnone\"><img decoding=\"async\" loading=\"lazy\" src=\"https:\/\/i0.wp.com\/szegeder.files.wordpress.com\/2019\/03\/img_4476.jpg?ssl=1\" alt=\"IMG_4476\" width=\"1200\" height=\"799\" \/><figcaption class=\"wp-caption-text\">Fot\u00f3: Sz\u0171cs D\u00e1niel \/ Szegeder<\/figcaption><\/figure>\n<p>&nbsp;<\/p>\n<!-- Error, Advert is not available at this time due to schedule\/geolocation restrictions! -->\n<p>&nbsp;<\/p>\n<figure style=\"width: 1200px\" class=\"wp-caption alignnone\"><img decoding=\"async\" loading=\"lazy\" src=\"https:\/\/i0.wp.com\/szegeder.files.wordpress.com\/2019\/03\/img_4483.jpg?ssl=1\" alt=\"IMG_4483\" width=\"1200\" height=\"800\" \/><figcaption class=\"wp-caption-text\">Fot\u00f3: Sz\u0171cs D\u00e1niel \/ Szegeder<\/figcaption><\/figure>\n<p>&nbsp;<\/p>\n<figure style=\"width: 1200px\" class=\"wp-caption alignnone\"><img decoding=\"async\" loading=\"lazy\" src=\"https:\/\/i2.wp.com\/szegeder.files.wordpress.com\/2019\/03\/img_4490.jpg?ssl=1\" alt=\"IMG_4490\" width=\"1200\" height=\"800\" \/><figcaption class=\"wp-caption-text\">Fot\u00f3: Sz\u0171cs D\u00e1niel \/ Szegeder<\/figcaption><\/figure>\n<p>&nbsp;<\/p>\n<figure style=\"width: 1200px\" class=\"wp-caption alignnone\"><img decoding=\"async\" loading=\"lazy\" src=\"https:\/\/i2.wp.com\/szegeder.files.wordpress.com\/2019\/03\/img_4497.jpg?ssl=1\" alt=\"IMG_4497\" width=\"1200\" height=\"800\" \/><figcaption class=\"wp-caption-text\">Fot\u00f3: Sz\u0171cs D\u00e1niel \/ Szegeder<\/figcaption><\/figure>\n<p>&nbsp;<\/p>\n<!-- Error, Advert is not available at this time due to schedule\/geolocation restrictions! -->","protected":false},"excerpt":{"rendered":"<p>Egyre k\u00f6zelebb van a Szegedet H\u00f3dmez\u0151v\u00e1s\u00e1rhellyel \u00f6sszek\u00f6t\u0151 tram-train elk\u00e9sz\u00fclte. B\u00e1r a pr\u00f3ba\u00fczemig legal\u00e1bb 2020-ig kell v\u00e1rni, a szerkezetileg nemsok\u00e1ra k\u00f6zel v\u00e9gleges f\u00e1zisba \u00e9r. A 44 ezres v\u00e1rosban eddig soha nem j\u00e1rt villamos, de 1913 \u00f3ta nem is volt olyan v\u00e1ros Magyarorsz\u00e1gon, ahol \u00faj h\u00e1l\u00f3zatot adtak volna \u00e1t. A belv\u00e1rosban t\u00f6bb szakaszon m\u00e9g csak a s\u00ednek [&hellip;]<\/p>","protected":false},"author":1,"featured_media":0,"comment_status":"closed","ping_status":"closed","sticky":false,"template":"","format":"standard","meta":{"_seopress_robots_primary_cat":"none"},"categories":[981],"tags":[460,458,627,52],"acf":[],"amp_enabled":true,"_links":{"self":[{"href":"https:\/\/szegederarchivum.hu\/en\/wp-json\/wp\/v2\/posts\/7231"}],"collection":[{"href":"https:\/\/szegederarchivum.hu\/en\/wp-json\/wp\/v2\/posts"}],"about":[{"href":"https:\/\/szegederarchivum.hu\/en\/wp-json\/wp\/v2\/types\/post"}],"author":[{"embeddable":true,"href":"https:\/\/szegederarchivum.hu\/en\/wp-json\/wp\/v2\/users\/1"}],"replies":[{"embeddable":true,"href":"https:\/\/szegederarchivum.hu\/en\/wp-json\/wp\/v2\/comments?post=7231"}],"version-history":[{"count":6,"href":"https:\/\/szegederarchivum.hu\/en\/wp-json\/wp\/v2\/posts\/7231\/revisions"}],"predecessor-version":[{"id":7241,"href":"https:\/\/szegederarchivum.hu\/en\/wp-json\/wp\/v2\/posts\/7231\/revisions\/7241"}],"wp:attachment":[{"href":"https:\/\/szegederarchivum.hu\/en\/wp-json\/wp\/v2\/media?parent=7231"}],"wp:term":[{"taxonomy":"category","embeddable":true,"href":"https:\/\/szegederarchivum.hu\/en\/wp-json\/wp\/v2\/categories?post=7231"},{"taxonomy":"post_tag","embeddable":true,"href":"https:\/\/szegederarchivum.hu\/en\/wp-json\/wp\/v2\/tags?post=7231"}],"curies":[{"name":"wp","href":"https:\/\/api.w.org\/{rel}","templated":true}]}}