{"id":7477,"date":"2019-03-27T14:06:39","date_gmt":"2019-03-27T13:06:39","guid":{"rendered":"https:\/\/szegederarchivum.hu\/?p=7477"},"modified":"2019-03-27T19:35:29","modified_gmt":"2019-03-27T18:35:29","slug":"12-milliardbol-ujulnak-a-toltesek-szeged-kornyeken","status":"publish","type":"post","link":"https:\/\/szegederarchivum.hu\/en\/12-milliardbol-ujulnak-a-toltesek-szeged-kornyeken\/","title":{"rendered":"12 milli\u00e1rdb\u00f3l \u00fajulnak a t\u00f6lt\u00e9sek Szeged k\u00f6rny\u00e9k\u00e9n"},"content":{"rendered":"<!-- Error, Advert is not available at this time due to schedule\/geolocation restrictions! -->\n<p><!--more--><\/p>\n<p><strong>T\u00f6lt\u00e9sfejleszt\u00e9sekkel, \u00e1rv\u00edzkapuk \u00e9p\u00edt\u00e9s\u00e9vel n\u00f6velik az \u00e1rv\u00edzv\u00e9delmi biztons\u00e1got az Als\u00f3-Tisza-v\u00f6lgyben, a 12 milli\u00e1rd forintos k\u00f6lts\u00e9g\u0171 beruh\u00e1z\u00e1s kivitelez\u00e9si munk\u00e1inak fele elk\u00e9sz\u00fclt, a projekt \u0151szre fejez\u0151dik be &#8211; t\u00e1j\u00e9koztatta a region\u00e1lis v\u00edz\u00fcgyi igazgat\u00f3s\u00e1g szerd\u00e1n az MTI-t.<\/strong><\/p>\n<!-- Error, Advert is not available at this time due to schedule\/geolocation restrictions! -->\n<p>&nbsp;<\/p>\n<p>A k\u00f6zlem\u00e9ny szerint a fejleszt\u00e9s f\u0151 c\u00e9lja az \u00e1rv\u00edzi biztons\u00e1g n\u00f6vel\u00e9se, mely a t\u00e9rs\u00e9gben \u00e9l\u0151 t\u00f6bb mint 45 ezer lakos \u00e9let- \u00e9s vagyonbiztons\u00e1g\u00e1t, valamint az ipari- \u00e9s gazdas\u00e1gi l\u00e9tes\u00edtm\u00e9nyek, mez\u0151gazdas\u00e1gi ter\u00fcletek v\u00e9delm\u00e9t szolg\u00e1lja.<\/p>\n<p>A Baks, Szentes, Mindszent, Szegv\u00e1r \u00e9s Ap\u00e1tfalva telep\u00fcl\u00e9seket \u00e9rint\u0151 beruh\u00e1z\u00e1s tov\u00e1bbi c\u00e9lja az \u00e1rv\u00edz v\u00e9dekez\u00e9si k\u00f6lts\u00e9gek cs\u00f6kkent\u00e9se, a v\u00e9dett \u00e1rt\u00e9ri ter\u00fcletek \u00e9s egyed\u00fcl\u00e1ll\u00f3 term\u00e9szeti adotts\u00e1gaik meg\u00f3v\u00e1sa.<\/p>\n<p>A projekt keret\u00e9ben a Dong-\u00e9ri \u00e9s a S\u00e1mson-Ap\u00e1tfalvi-Sz\u00e1raz\u00e9r-f\u0151csatorn\u00e1n \u00e1rv\u00edzkapuk \u00e9p\u00fclnek, valamint a H\u00e1rmas-K\u00f6r\u00f6s \u00e9s a Tisza foly\u00f3k bal partjain \u00f6sszesen 9,7 kilom\u00e9ter hosszon t\u00f6lt\u00e9sfejleszt\u00e9si munk\u00e1k zajlanak. A kor\u00e1bban meghib\u00e1sodott Mindszent I. jel\u0171 szivatty\u00fatelepet elbontott\u00e1k, s ezzel egy id\u0151ben korszer\u0171s\u00edtett\u00e9k \u00e9s b\u0151v\u00edtett\u00e9k a Mindszent II-es telepet.<\/p>\n<p>Jelenleg zajlik a Fels\u0151-Kurcai zsilip teljes \u00e1t\u00e9p\u00edt\u00e9se \u00e9s m\u00e1r megt\u00f6rt\u00e9nt k\u00e9t g\u00e1t\u0151rtelep fel\u00faj\u00edt\u00e1sa is. (MTI)<\/p>\n<p>&nbsp;<\/p>\n<p><em>Bor\u00edt\u00f3k\u00e9p: \u00e1rv\u00edz elleni v\u00e9dekez\u00e9s 2010-ben Szolnokon. Fot\u00f3: MTI<\/em><\/p>","protected":false},"excerpt":{"rendered":"","protected":false},"author":1,"featured_media":0,"comment_status":"closed","ping_status":"closed","sticky":false,"template":"","format":"standard","meta":{"_seopress_robots_primary_cat":"none"},"categories":[4],"tags":[88,776],"acf":[],"amp_enabled":true,"_links":{"self":[{"href":"https:\/\/szegederarchivum.hu\/en\/wp-json\/wp\/v2\/posts\/7477"}],"collection":[{"href":"https:\/\/szegederarchivum.hu\/en\/wp-json\/wp\/v2\/posts"}],"about":[{"href":"https:\/\/szegederarchivum.hu\/en\/wp-json\/wp\/v2\/types\/post"}],"author":[{"embeddable":true,"href":"https:\/\/szegederarchivum.hu\/en\/wp-json\/wp\/v2\/users\/1"}],"replies":[{"embeddable":true,"href":"https:\/\/szegederarchivum.hu\/en\/wp-json\/wp\/v2\/comments?post=7477"}],"version-history":[{"count":2,"href":"https:\/\/szegederarchivum.hu\/en\/wp-json\/wp\/v2\/posts\/7477\/revisions"}],"predecessor-version":[{"id":7490,"href":"https:\/\/szegederarchivum.hu\/en\/wp-json\/wp\/v2\/posts\/7477\/revisions\/7490"}],"wp:attachment":[{"href":"https:\/\/szegederarchivum.hu\/en\/wp-json\/wp\/v2\/media?parent=7477"}],"wp:term":[{"taxonomy":"category","embeddable":true,"href":"https:\/\/szegederarchivum.hu\/en\/wp-json\/wp\/v2\/categories?post=7477"},{"taxonomy":"post_tag","embeddable":true,"href":"https:\/\/szegederarchivum.hu\/en\/wp-json\/wp\/v2\/tags?post=7477"}],"curies":[{"name":"wp","href":"https:\/\/api.w.org\/{rel}","templated":true}]}}