{"id":7939,"date":"2019-04-03T09:34:08","date_gmt":"2019-04-03T08:34:08","guid":{"rendered":"https:\/\/szegederarchivum.hu\/?p=7939"},"modified":"2019-05-01T15:21:30","modified_gmt":"2019-05-01T13:21:30","slug":"25-millio-forintert-adtak-el-egy-31-eves-zold-trabantot","status":"publish","type":"post","link":"https:\/\/szegederarchivum.hu\/en\/25-millio-forintert-adtak-el-egy-31-eves-zold-trabantot\/","title":{"rendered":"2,5 milli\u00f3 forint\u00e9rt adtak el egy 31 \u00e9ves z\u00f6ld Trabantot"},"content":{"rendered":"<p><a href=\"https:\/\/szegederarchivum.hu\/25-millio-forintert-adtak-el-egy-31-eves-zold-trabantot\/\"><img decoding=\"async\" src=\"http:\/\/kep.index.hu\/1\/0\/2723\/27233\/272335\/27233573_e86128bbcae7a6d0a7137f1eb285b654_x.jpg\" alt=\"Nagy m\u00c3\u00a9ret\u00c5\u00b1 k\u00c3\u00a9p\" \/><\/a><\/p>\n<p><!--more--><\/p>\n<p>D\u00fcb\u00f6r\u00f6g a gazdas\u00e1g, p\u00f6r\u00f6g a haszn\u00e1ltaut\u00f3-piac is, olyannyira, hogy a napokban Veszpr\u00e9mben eladtak egy r\u00e9gi Trabantot. Ebben eddig semmi \u00e9rdekes nem volna, csakhogy a 31 \u00e9ves vasat (eln\u00e9z\u00e9st, m\u0171anyagot) nem a szok\u00e1sos \u00e1ron (\u00f6t kecske, k\u00e9t toj\u00f3 \u00e9s egy \u00fcveg vegyes, \u00e1tsz\u00e1m\u00edtva ~55 ezer forint) \u00e9rt\u00e9kes\u00edtett\u00e9k, hanem k\u00e9t \u00e9s f\u00e9l milli\u00f3 forint\u00e9rt.<\/p>\n<h4>Ugyanis az 1988-as \u00e9vj\u00e1rat\u00fa kocsi mind\u00f6sszesen 15 931 kilom\u00e9tert futott.<\/h4>\n<p>A t\u00f6rt\u00e9net r\u00f6viden: Szelle D\u00f3r\u00e1nak elhunyt nagyapja, aki\u00e9 a kocsi is volt, \u00e9s szeretett volna megv\u00e1lni t\u0151le. A telet m\u00e9g megv\u00e1rta, majd most tavasszal \u00fagy hat\u00e1rozott, felteszi Facebook-ra a Trabit. Arra sz\u00e1m\u00edtott, hogy j\u00f6n r\u00e1 p\u00e1r megoszt\u00e1s, azt\u00e1n tal\u00e1n h\u00f3napok m\u00falt\u00e1n siker\u00fcl elpasszolni. Ezzel szemben \u00f3r\u00e1kon bel\u00fcl t\u00f6bb ezren osztott\u00e1k meg \u00e9s annyira felkapott lett a kis z\u00f6ld csodakocsi, hogy v\u00e9g\u00fcl k\u00e9t \u00e9s f\u00e9l milli\u00f3 forint\u00e9rt siker\u00fclt egy online liciten eladnia.<\/p>\n<!-- Error, Advert is not available at this time due to schedule\/geolocation restrictions! -->\n<p>&nbsp;<\/p>\n<p><iframe loading=\"lazy\" width=\"900\" height=\"506\" src=\"https:\/\/www.youtube.com\/embed\/rhd10xnx0yk?feature=oembed\" frameborder=\"0\" allow=\"accelerometer; autoplay; encrypted-media; gyroscope; picture-in-picture\" allowfullscreen><\/iframe><\/p>\n<p>(via <a href=\"https:\/\/index.hu\/mindekozben\/poszt\/2019\/04\/03\/trabant_2_5_millio_forintert_ilyen_is_van_magyarorszagon\/?fbclid=IwAR0FkaZBQol5DJpRV3Msg2Idhqb2PSeM6g_ecva3x8K8-84Mo2sxV7Fwdyk\" target=\"_blank\" rel=\"noopener noreferrer\">Index<\/a>)<\/p>","protected":false},"excerpt":{"rendered":"","protected":false},"author":1,"featured_media":0,"comment_status":"closed","ping_status":"closed","sticky":false,"template":"","format":"standard","meta":{"_seopress_robots_primary_cat":"none"},"categories":[987],"tags":[269,833,832],"acf":[],"amp_enabled":true,"_links":{"self":[{"href":"https:\/\/szegederarchivum.hu\/en\/wp-json\/wp\/v2\/posts\/7939"}],"collection":[{"href":"https:\/\/szegederarchivum.hu\/en\/wp-json\/wp\/v2\/posts"}],"about":[{"href":"https:\/\/szegederarchivum.hu\/en\/wp-json\/wp\/v2\/types\/post"}],"author":[{"embeddable":true,"href":"https:\/\/szegederarchivum.hu\/en\/wp-json\/wp\/v2\/users\/1"}],"replies":[{"embeddable":true,"href":"https:\/\/szegederarchivum.hu\/en\/wp-json\/wp\/v2\/comments?post=7939"}],"version-history":[{"count":5,"href":"https:\/\/szegederarchivum.hu\/en\/wp-json\/wp\/v2\/posts\/7939\/revisions"}],"predecessor-version":[{"id":10291,"href":"https:\/\/szegederarchivum.hu\/en\/wp-json\/wp\/v2\/posts\/7939\/revisions\/10291"}],"wp:attachment":[{"href":"https:\/\/szegederarchivum.hu\/en\/wp-json\/wp\/v2\/media?parent=7939"}],"wp:term":[{"taxonomy":"category","embeddable":true,"href":"https:\/\/szegederarchivum.hu\/en\/wp-json\/wp\/v2\/categories?post=7939"},{"taxonomy":"post_tag","embeddable":true,"href":"https:\/\/szegederarchivum.hu\/en\/wp-json\/wp\/v2\/tags?post=7939"}],"curies":[{"name":"wp","href":"https:\/\/api.w.org\/{rel}","templated":true}]}}