{"id":7956,"date":"2019-04-09T11:04:51","date_gmt":"2019-04-09T09:04:51","guid":{"rendered":"https:\/\/szegederarchivum.hu\/?p=7956"},"modified":"2019-04-09T11:07:43","modified_gmt":"2019-04-09T09:07:43","slug":"most-komolyan-mi-a-fene-az-a-bauhaus","status":"publish","type":"post","link":"https:\/\/szegederarchivum.hu\/en\/most-komolyan-mi-a-fene-az-a-bauhaus\/","title":{"rendered":"Most komolyan, mi a fene az a Bauhaus?"},"content":{"rendered":"<p><a href=\"https:\/\/szegederarchivum.hu\/most-komolyan-mi-a-fene-az-a-bauhaus\/\"><img decoding=\"async\" src=\"https:\/\/i1.wp.com\/szegeder.files.wordpress.com\/2019\/04\/bau.jpg?ssl=1\" alt=\"bau\" \/><\/a><\/p>\n<p><!--more--><\/p>\n<p>Nemr\u00e9g mi is foglalkoztunk az egyik legnehezebben megfoghat\u00f3 \u00e9p\u00edt\u00e9szeti st\u00edlussal, a Bauhaussal, <a href=\"https:\/\/szegederarchivum.hu\/ezek-a-legszebb-szegedi-hazak-es-egy-darab-disz-nincs-rajtuk\/\" target=\"_blank\" rel=\"noopener noreferrer\">amikor bemutattunk p\u00e1r ilyen h\u00e1zat Szegeden<\/a>. \u00c9s hogy mi\u00e9rt is nehezen megfoghat\u00f3? P\u00e9ld\u00e1ul az\u00e9rt, mert nem is \u00e9p\u00edt\u00e9szeti st\u00edlus, sokkal ink\u00e1bb egy h\u00e1z, vagyis egy c\u00e9g, amit ut\u00e1ltak a n\u00e1cik \u00e9s a kommunist\u00e1k is.<\/p>\n<!-- Error, Advert is not available at this time due to schedule\/geolocation restrictions! -->\n<p>&nbsp;<\/p>\n<p>A l\u00e9nyeg, hogy t\u00e9nyleg nem k\u00f6nny\u0171 szavakba \u00f6nteni az eg\u00e9szet, erre j\u00f3 p\u00e9lda a szegedi Bauhaus-cikk\u00fcnk is, aminek a bevezet\u0151j\u00e9t \u00f3r\u00e1kon \u00e1t agyaltam.<\/p>\n<p>M\u00e9g szerencse, hogy l\u00e9tezik az <a href=\"https:\/\/index.hu\/urbanista\/\" target=\"_blank\" rel=\"noopener noreferrer\">Urbanista blog<\/a> \u00e9s a <a href=\"http:\/\/www.mome.hu\/en\/%C3%A9p%C3%ADt%C3%A9szeti-int%C3%A9zet\" target=\"_blank\" rel=\"noopener noreferrer\">MOME \u00c9p\u00edt\u00e9szeti Int\u00e9zete<\/a>, akik most k\u00f6z\u00f6s vide\u00f3sorozatuk egyik r\u00e9sz\u00e9ben pont a Bauhaussal foglalkoznak. A vide\u00f3ban\u00a0S\u00f3lymos S\u00e1ndor, Ybl-d\u00edjas \u00e9p\u00edt\u00e9sz-tan\u00e1r mes\u00e9l, \u00e9s kicsit k\u00f6zelebb hozza az eg\u00e9sz t\u00e9m\u00e1t:<\/p>\n<p><iframe loading=\"lazy\" id=\"player-1efcd37b07\" class=\"indavideo-player\" title=\"indavideo video player\" src=\"\/\/embed.indavideo.hu\/player\/video\/1efcd37b07\" width=\"640\" height=\"360\" frameborder=\"0\" scrolling=\"no\" allowfullscreen=\"allowfullscreen\"><\/iframe><\/p>","protected":false},"excerpt":{"rendered":"","protected":false},"author":1,"featured_media":0,"comment_status":"closed","ping_status":"closed","sticky":false,"template":"","format":"standard","meta":{"_seopress_robots_primary_cat":"none"},"categories":[4],"tags":[792,836,839,837,838],"acf":[],"amp_enabled":true,"_links":{"self":[{"href":"https:\/\/szegederarchivum.hu\/en\/wp-json\/wp\/v2\/posts\/7956"}],"collection":[{"href":"https:\/\/szegederarchivum.hu\/en\/wp-json\/wp\/v2\/posts"}],"about":[{"href":"https:\/\/szegederarchivum.hu\/en\/wp-json\/wp\/v2\/types\/post"}],"author":[{"embeddable":true,"href":"https:\/\/szegederarchivum.hu\/en\/wp-json\/wp\/v2\/users\/1"}],"replies":[{"embeddable":true,"href":"https:\/\/szegederarchivum.hu\/en\/wp-json\/wp\/v2\/comments?post=7956"}],"version-history":[{"count":5,"href":"https:\/\/szegederarchivum.hu\/en\/wp-json\/wp\/v2\/posts\/7956\/revisions"}],"predecessor-version":[{"id":8464,"href":"https:\/\/szegederarchivum.hu\/en\/wp-json\/wp\/v2\/posts\/7956\/revisions\/8464"}],"wp:attachment":[{"href":"https:\/\/szegederarchivum.hu\/en\/wp-json\/wp\/v2\/media?parent=7956"}],"wp:term":[{"taxonomy":"category","embeddable":true,"href":"https:\/\/szegederarchivum.hu\/en\/wp-json\/wp\/v2\/categories?post=7956"},{"taxonomy":"post_tag","embeddable":true,"href":"https:\/\/szegederarchivum.hu\/en\/wp-json\/wp\/v2\/tags?post=7956"}],"curies":[{"name":"wp","href":"https:\/\/api.w.org\/{rel}","templated":true}]}}