{"id":8444,"date":"2019-04-08T16:45:41","date_gmt":"2019-04-08T14:45:41","guid":{"rendered":"https:\/\/szegederarchivum.hu\/?p=8444"},"modified":"2019-04-18T15:27:33","modified_gmt":"2019-04-18T13:27:33","slug":"matol-harom-honapon-at-korlatozzak-a-forgalmat-a-bertalan-hidon","status":"publish","type":"post","link":"https:\/\/szegederarchivum.hu\/en\/matol-harom-honapon-at-korlatozzak-a-forgalmat-a-bertalan-hidon\/","title":{"rendered":"M\u00e1t\u00f3l h\u00e1rom h\u00f3napon \u00e1t korl\u00e1tozz\u00e1k a forgalmat a Bertalan h\u00eddon"},"content":{"rendered":"<!-- Error, Advert is not available at this time due to schedule\/geolocation restrictions! -->\n<p><img decoding=\"async\" src=\"https:\/\/i1.wp.com\/szegeder.files.wordpress.com\/2019\/04\/1280.jpg?ssl=1\" alt=\"1280\" \/><\/p>\n<p><!--more--><\/p>\n<p><strong>Kicser\u00e9lik az \u00fajszegedi felhajt\u00f3 egyik sz\u00e9ls\u0151 gerend\u00e1j\u00e1t. A munk\u00e1t h\u00e9tf\u0151n kezdt\u00e9k, \u00e9s v\u00e1rhat\u00f3an h\u00e1rom h\u00f3napig tart majd &#8211; k\u00f6z\u00f6lte a Magyar K\u00f6z\u00fat.<\/strong><\/p>\n<p>A ter\u00fcleten nagyj\u00e1b\u00f3l 28 m\u00e9teren elbontj\u00e1k a gyalogosj\u00e1rd\u00e1t \u00e9s a h\u00edd korl\u00e1tj\u00e1t is, emiatt az \u00e9rintett oldalon a k\u00fcls\u0151 forgalmi s\u00e1vot is lez\u00e1rj\u00e1k \u00e9s 30 kilom\u00e9ter\u00f3r\u00e1s sebess\u00e9gkorl\u00e1toz\u00e1st vezetnek be. A gyalogosokat a m\u00e1sik oldalra terelik.<\/p>\n<!-- Error, Advert is not available at this time due to schedule\/geolocation restrictions! -->\n<p>&nbsp;<\/p>\n<p>A munk\u00e1latok v\u00e1rhat\u00f3an m\u00e9g j\u00falius k\u00f6zepe el\u0151tt befejez\u0151dnek, addig a k\u00f6z\u00fatkezel\u0151 arra k\u00e9ri a gyalogosokat \u00e9s a ker\u00e9kp\u00e1rosokat, hogy a biztons\u00e1g \u00e9rdek\u00e9ben ne haszn\u00e1lj\u00e1k a lez\u00e1rt oldalt.<\/p>\n<p>Az aut\u00f3sok pedig sz\u00e1m\u00edtsanak arra, hogy megn\u00f6vekszik majd az utaz\u00e1si id\u0151, hiszen az \u00e9rintett szakaszon csak egy s\u00e1v lesz szabad.<\/p>\n<p>&nbsp;<\/p>\n<p><em>Nyit\u00f3k\u00e9p: illusztr\u00e1ci\u00f3. Fot\u00f3: Frank Yvette \/ D\u00e9lmagyarorsz\u00e1g<\/em><\/p>","protected":false},"excerpt":{"rendered":"","protected":false},"author":1,"featured_media":0,"comment_status":"closed","ping_status":"closed","sticky":false,"template":"","format":"standard","meta":{"_seopress_robots_primary_cat":"none"},"categories":[985],"tags":[13,17,674],"acf":[],"amp_enabled":true,"_links":{"self":[{"href":"https:\/\/szegederarchivum.hu\/en\/wp-json\/wp\/v2\/posts\/8444"}],"collection":[{"href":"https:\/\/szegederarchivum.hu\/en\/wp-json\/wp\/v2\/posts"}],"about":[{"href":"https:\/\/szegederarchivum.hu\/en\/wp-json\/wp\/v2\/types\/post"}],"author":[{"embeddable":true,"href":"https:\/\/szegederarchivum.hu\/en\/wp-json\/wp\/v2\/users\/1"}],"replies":[{"embeddable":true,"href":"https:\/\/szegederarchivum.hu\/en\/wp-json\/wp\/v2\/comments?post=8444"}],"version-history":[{"count":2,"href":"https:\/\/szegederarchivum.hu\/en\/wp-json\/wp\/v2\/posts\/8444\/revisions"}],"predecessor-version":[{"id":8450,"href":"https:\/\/szegederarchivum.hu\/en\/wp-json\/wp\/v2\/posts\/8444\/revisions\/8450"}],"wp:attachment":[{"href":"https:\/\/szegederarchivum.hu\/en\/wp-json\/wp\/v2\/media?parent=8444"}],"wp:term":[{"taxonomy":"category","embeddable":true,"href":"https:\/\/szegederarchivum.hu\/en\/wp-json\/wp\/v2\/categories?post=8444"},{"taxonomy":"post_tag","embeddable":true,"href":"https:\/\/szegederarchivum.hu\/en\/wp-json\/wp\/v2\/tags?post=8444"}],"curies":[{"name":"wp","href":"https:\/\/api.w.org\/{rel}","templated":true}]}}