{"id":8608,"date":"2019-04-11T11:45:51","date_gmt":"2019-04-11T09:45:51","guid":{"rendered":"https:\/\/szegederarchivum.hu\/?p=8608"},"modified":"2019-04-11T11:45:51","modified_gmt":"2019-04-11T09:45:51","slug":"kicsinaljak-ujszeged-legbekesebb-lakoparkjat","status":"publish","type":"post","link":"https:\/\/szegederarchivum.hu\/en\/kicsinaljak-ujszeged-legbekesebb-lakoparkjat\/","title":{"rendered":"Kicsin\u00e1lj\u00e1k \u00dajszeged legb\u00e9k\u00e9sebb lak\u00f3parkj\u00e1t"},"content":{"rendered":"<!-- Error, Advert is not available at this time due to schedule\/geolocation restrictions! -->\n<p><img decoding=\"async\" src=\"https:\/\/i1.wp.com\/szegeder.files.wordpress.com\/2019\/04\/marostc591i-vc3a1rosrc3a9sz-c3bajszeged-lakc3b3park.jpg?ssl=1\" alt=\"marost\u00c5\u0091i v\u00c3\u00a1rosr\u00c3\u00a9sz \u00c3\u00bajszeged lak\u00c3\u00b3park\" \/><\/p>\n<p><!--more--><\/p>\n<p><strong>Legal\u00e1bbis ett\u0151l f\u00e9lnek a lak\u00f3k. Nemsok\u00e1ra ugyanis megnyitnak a forgalom el\u0151tt h\u00e1rom utc\u00e1t az \u00fajszegedi F\u0151 fasor v\u00e9g\u00e9n tal\u00e1lhat\u00f3 Marost\u0151i v\u00e1rosr\u00e9szben. A lak\u00f3k szerint azonban pont ezzel kasz\u00e1lj\u00e1k el a ter\u00fcletet, ami nyugodt, kisv\u00e1rosias \u00e9rz\u00e9s\u00e9r\u0151l h\u00edres.<\/strong><\/p>\n<!-- Error, Advert is not available at this time due to schedule\/geolocation restrictions! -->\n<p>&nbsp;<\/p>\n<p>A F\u0151 fasor, F\u00fclem\u00fcle utca, Katalin utca \u00e9s \u00c1gnes utca \u00e1ltal hat\u00e1rolt, mintegy 0,4 n\u00e9gyzetkilom\u00e9teres ter\u00fcleten kor\u00e1bban mez\u0151gazdas\u00e1gi tev\u00e9kenys\u00e9g folyt, \u00e9s csak a 2000-es \u00e9vek elej\u00e9n kezdt\u00e9k el a lak\u00f3park kialak\u00edt\u00e1s\u00e1t.<\/p>\n<p>A ter\u00fclet ma k\u00e9t r\u00e9szre bonthat\u00f3: az els\u0151k\u00e9nt meg\u00e9p\u00fclt n\u00e9gy utc\u00e1ra (Vellay Imre, V\u00e1nky J\u00f3zsef, Sz\u00f6gi J\u00f3zsef \u00e9s Demeter Ferenc), illetve a v\u00e1rost\u00f3l t\u00e1volabb es\u0151, ugyanakkora ter\u00fcletre, ahol a be\u00e9p\u00edtetts\u00e9g m\u00e9g nem \u00e9ri el az 50%-kot.<\/p>\n<p>&nbsp;<\/p>\n<h2><strong>A nagy nyit\u00e1s<\/strong><\/h2>\n<p>&nbsp;<\/p>\n<p>Az el\u0151bbi, v\u00e1roshoz k\u00f6zelebb es\u0151 ter\u00fcleten kereszt\u00fcl szalad ugye a n\u00e9gy utca, ezek azonban mindk\u00e9t v\u00e9g\u00fck\u00f6n le vannak z\u00e1rva, hogy megakad\u00e1lyozz\u00e1k az \u00e1tmen\u0151 forgalmat. A lak\u00f3park ezen fel\u00e9be kiz\u00e1r\u00f3lag a Rah\u00f3i utc\u00e1n lehet behajtani, \u00e9s onnan lefordulni a keresztutc\u00e1kra.<\/p>\n<p>Most azonban a legt\u00e1volabbi utc\u00e1n, a Demeter Ferencen k\u00edv\u00fcl a t\u00f6bbi h\u00e1rmat megnyitja a forgalom el\u0151tt az \u00f6nkorm\u00e1nyzat. M\u00e1r folyik a t\u00e1bl\u00e1k \u00e9s g\u00f6mbt\u00fckr\u00f6k szerel\u00e9se, illetve a napokban fekv\u0151rend\u0151r\u00f6ket is \u00f6nt\u00f6ttek az utc\u00e1k v\u00e9g\u00e9n\u00e9l.<\/p>\n<figure style=\"width: 1474px\" class=\"wp-caption alignnone\"><img decoding=\"async\" loading=\"lazy\" src=\"https:\/\/i1.wp.com\/szegeder.files.wordpress.com\/2019\/04\/14cb1974d93a6de993c676646d439a9c.jpg?ssl=1\" alt=\"14cb1974d93a6de993c676646d439a9c\" width=\"1474\" height=\"753\" \/><figcaption class=\"wp-caption-text\">Betonl\u00e1d\u00e1val lez\u00e1rt utca a V\u00e1nky J\u00f3zsef utc\u00e1n 2012-ben. Fot\u00f3: Google Maps<\/figcaption><\/figure>\n<p>Az utc\u00e1kat kor\u00e1bban m\u00e9g az\u00e9rt z\u00e1rt\u00e1k le, mert a lak\u00f3k kifog\u00e1solt\u00e1k az \u00e1tmen\u0151 forgalmat, melynek jelent\u0151s r\u00e9sz\u00e9t a k\u00f6rny\u00e9k \u00e9p\u00edtkez\u00e9seihez j\u00e1r\u00f3 teheraut\u00f3k adt\u00e1k. A lez\u00e1r\u00e1ssal l\u00e9nyg\u00e9ben l\u00e9trej\u00f6tt egy mintalak\u00f3park, ahol a nyugalom \u00e9s a b\u00e9kess\u00e9g v\u00e1lt a k\u00f6z\u00e9ppontt\u00e1. A gyerekek \u00fagy tudtak v\u00e9gre j\u00e1tszani nyaranta az utc\u00e1kon, hogy nem kellett a forgalomt\u00f3l tartaniuk sz\u00fcleiknek, \u00e9s ha elgurult a labda, nem egy gyorsforgalmi \u00fat s\u00e1vjain szlalomozva kellett azt visszaszerezni\u00fck.<\/p>\n<p>&nbsp;<\/p>\n<h2><strong>Forgalom, balesetek, vil\u00e1gv\u00e9ge<\/strong><\/h2>\n<p>&nbsp;<\/p>\n<p>Ezt az idillt f\u00e9ltik a k\u00f6rny\u00e9ken lak\u00f3k. Battancs Szilveszter p\u00e9ld\u00e1ul panasszal fordult a <a href=\"https:\/\/www.delmagyar.hu\/szeged_hirek\/megnyitnak_az_autosok_elott_3_ujszegedi_utcat_feltik_a_biztonsagukat_es_a_nyugalmukat_a_lakok\/2593849\/\" target=\"_blank\" rel=\"noopener noreferrer\">D\u00e9lmagyarorsz\u00e1ghoz<\/a>, melyben azt vizualiz\u00e1lja, hogy amint megny\u00edlik a h\u00e1rom utca, elker\u00fclhetetlenek lesznek a balesetek, hiszen sok h\u00e1z kapuja ny\u00edlik az utc\u00e1ra k\u00f6zvetlen\u00fcl, a lak\u00f3parkban ugyanis a legt\u00f6bb helyen nincs j\u00e1rda. Hozz\u00e1tette azt is, hogy \u0151k konkr\u00e9tan az\u00e9rt k\u00f6lt\u00f6ztek a V\u00e1nky J\u00f3zsef utca sark\u00e1ra, mert nem volt \u00e1tmen\u0151 forgalom \u00e9s tetszett nekik a k\u00f6rny\u00e9k.<\/p>\n<p>Egy m\u00e1sik lak\u00f3, Szud\u00f3czki Judit arr\u00f3l panaszkodott, hogy telerakt\u00e1k KRESZ-t\u00e1bl\u00e1kkal az utc\u00e1t, amik rontj\u00e1k a kil\u00e1t\u00e1st.<\/p>\n<!-- Error, Advert is not available at this time due to schedule\/geolocation restrictions! -->\n<p>&nbsp;<\/p>\n<p>Berkesi Ott\u00f3, a k\u00f6rny\u00e9k \u00f6nkorm\u00e1nyzati k\u00e9pvisel\u0151je elmondta, m\u00e1r \u00e9vek \u00f3ta tervezt\u00e9k megnyitni az utc\u00e1kat, \u00e9s ugyanakkor lez\u00e1rni a szint\u00e9n a lak\u00f3park ter\u00fclet\u00e9n lev\u0151 Gul\u00e1csi parkot.<\/p>\n<p>\u201e\u00cdgy tavaly decemberben \u00fagy d\u00f6nt\u00f6tt a v\u00e1ros\u00fczemeltet\u00e9si bizotts\u00e1g, hogy az eltorlaszolt Vellay, V\u00e1nky \u00e9s Sz\u00f6gi utc\u00e1t megnyitjuk, a forgalmat pedig a F\u0151 fasor fel\u00e9 terelj\u00fck. Ez nem j\u00e1r majd a forgalom n\u00f6veked\u00e9s\u00e9vel az utc\u00e1kban, cs\u00f6kken a g\u00e9pj\u00e1rm\u0171vek sebess\u00e9ge \u00e9s a l\u00e9gszennyezetts\u00e9g is. Emellett a j\u00e1tsz\u00f3t\u00e9rrel rendelkez\u0151 parkot v\u00e9gre pihen\u00e9sre haszn\u00e1lhatj\u00e1k majd a lak\u00f3k, nem kell att\u00f3l tartani, hogy a sz\u00e1guldoz\u00f3k el\u00fctik a gyerekeket\u201d &#8211; mondta a lapnak.<\/p>\n<p>Teh\u00e1t az utc\u00e1knak csak a F\u0151 fasor fel\u0151li v\u00e9g\u00e9t nyitj\u00e1k meg, \u00e9s a lak\u00f3parkon bel\u00fcl lez\u00e1rj\u00e1k a Gul\u00e1csi parkon \u00e1thalad\u00f3 utc\u00e1kat. Magyarul val\u00f3ban megt\u00f6rik a k\u00f6rny\u00e9k b\u00e9kess\u00e9ge \u00e9s forgalmi kisz\u00e1m\u00edthat\u00f3s\u00e1ga, a j\u00e1tsz\u00f3teres, focip\u00e1ly\u00e1s szabadid\u0151park legal\u00e1bb nagyobb biztons\u00e1gnak \u00f6rvend majd.<\/p>\n<p>&nbsp;<\/p>\n<p><em>Nyit\u00f3k\u00e9p: a lak\u00f3park l\u00e9gifelv\u00e9telen. Fot\u00f3: Google Maps<\/em><\/p>","protected":false},"excerpt":{"rendered":"","protected":false},"author":1,"featured_media":0,"comment_status":"closed","ping_status":"closed","sticky":false,"template":"","format":"standard","meta":{"_seopress_robots_primary_cat":"none"},"categories":[4],"tags":[912,764,911,17,234,502,46],"acf":[],"amp_enabled":true,"_links":{"self":[{"href":"https:\/\/szegederarchivum.hu\/en\/wp-json\/wp\/v2\/posts\/8608"}],"collection":[{"href":"https:\/\/szegederarchivum.hu\/en\/wp-json\/wp\/v2\/posts"}],"about":[{"href":"https:\/\/szegederarchivum.hu\/en\/wp-json\/wp\/v2\/types\/post"}],"author":[{"embeddable":true,"href":"https:\/\/szegederarchivum.hu\/en\/wp-json\/wp\/v2\/users\/1"}],"replies":[{"embeddable":true,"href":"https:\/\/szegederarchivum.hu\/en\/wp-json\/wp\/v2\/comments?post=8608"}],"version-history":[{"count":6,"href":"https:\/\/szegederarchivum.hu\/en\/wp-json\/wp\/v2\/posts\/8608\/revisions"}],"predecessor-version":[{"id":8618,"href":"https:\/\/szegederarchivum.hu\/en\/wp-json\/wp\/v2\/posts\/8608\/revisions\/8618"}],"wp:attachment":[{"href":"https:\/\/szegederarchivum.hu\/en\/wp-json\/wp\/v2\/media?parent=8608"}],"wp:term":[{"taxonomy":"category","embeddable":true,"href":"https:\/\/szegederarchivum.hu\/en\/wp-json\/wp\/v2\/categories?post=8608"},{"taxonomy":"post_tag","embeddable":true,"href":"https:\/\/szegederarchivum.hu\/en\/wp-json\/wp\/v2\/tags?post=8608"}],"curies":[{"name":"wp","href":"https:\/\/api.w.org\/{rel}","templated":true}]}}