{"id":8905,"date":"2019-04-15T17:16:41","date_gmt":"2019-04-15T15:16:41","guid":{"rendered":"https:\/\/szegederarchivum.hu\/?p=8905"},"modified":"2019-04-18T11:50:15","modified_gmt":"2019-04-18T09:50:15","slug":"mentohelikopter-szallt-le-a-rakoczi-teren","status":"publish","type":"post","link":"https:\/\/szegederarchivum.hu\/en\/mentohelikopter-szallt-le-a-rakoczi-teren\/","title":{"rendered":"Ment\u0151helikopter sz\u00e1llt le a R\u00e1k\u00f3czi t\u00e9ren"},"content":{"rendered":"<p><img decoding=\"async\" src=\"https:\/\/i0.wp.com\/szegeder.files.wordpress.com\/2019\/04\/603d972ff77f4ad821e41a3f767d6fa4.jpg?ssl=1\" alt=\"603d972ff77f4ad821e41a3f767d6fa4\" \/><\/p>\n<p><!--more--><\/p>\n<p><strong>Lesz\u00e1llt egy Eurocopter EC135P2+ t\u00edpus\u00fa ment\u0151helikopter h\u00e9tf\u0151n a szegedi R\u00e1k\u00f3czi t\u00e9ren. Ez volt a f\u0151 attrakci\u00f3ja a Magyar L\u00e9giment\u00e9s\u00e9rt Alap\u00edtv\u00e1ny megyeh\u00e1z\u00e1n rendezett ki\u00e1ll\u00edt\u00e1s\u00e1nak megnyit\u00f3j\u00e1nak.<\/strong><\/p>\n<p>A fot\u00f3ki\u00e1ll\u00edt\u00e1s aprop\u00f3j\u00e1t a szentesi l\u00e9gib\u00e1zis fenn\u00e1ll\u00e1s\u00e1nak tizedik \u00e9vfordul\u00f3ja adta. 2009 el\u0151tt ugyanis a megy\u00e9ben nem volt el\u00e9rhet\u0151 ez a fajta ment\u00e9si m\u00f3dszer, ez\u00e9rt 24 \u00f6nkorm\u00e1nyzat adott \u00f6ssze p\u00e9nzt, hogy ez megv\u00e1ltozzon.<\/p>\n<p>Ilyen helikopterb\u0151l egy\u00e9bk\u00e9nt <a href=\"https:\/\/szegederarchivum.hu\/vadiuj-mentohelikoptert-kapott-csongrad-megye\/\" target=\"_blank\" rel=\"noopener noreferrer\">\u00e9pp most szereztek be h\u00e1rom haszn\u00e1lt darabot<\/a>, melyekb\u0151l az egyik a szentesi \u00e1llom\u00e1sra ker\u00fclt.<\/p>\n<figure style=\"width: 1143px\" class=\"wp-caption alignnone\"><img decoding=\"async\" loading=\"lazy\" src=\"https:\/\/i0.wp.com\/szegeder.files.wordpress.com\/2019\/04\/f2aff1b0a3beecca21812448c7b94465.png?ssl=1\" alt=\"f2aff1b0a3beecca21812448c7b94465\" width=\"1143\" height=\"757\" \/><figcaption class=\"wp-caption-text\">Fot\u00f3: Szab\u00f3 Luca \/ szeged.hu<\/figcaption><\/figure>\n<p>&nbsp;<\/p>\n<figure style=\"width: 1141px\" class=\"wp-caption alignnone\"><img decoding=\"async\" loading=\"lazy\" src=\"https:\/\/i2.wp.com\/szegeder.files.wordpress.com\/2019\/04\/3e9a45884855116cfc0a5dffd14c4782.jpg?ssl=1\" alt=\"3e9a45884855116cfc0a5dffd14c4782\" width=\"1141\" height=\"754\" \/><figcaption class=\"wp-caption-text\">Fot\u00f3: Szab\u00f3 Luca \/ szeged.hu<\/figcaption><\/figure>\n<p>&nbsp;<\/p>\n<!-- Error, Advert is not available at this time due to schedule\/geolocation restrictions! -->\n<p>&nbsp;<\/p>\n<figure style=\"width: 1140px\" class=\"wp-caption alignnone\"><img decoding=\"async\" loading=\"lazy\" src=\"https:\/\/i1.wp.com\/szegeder.files.wordpress.com\/2019\/04\/9d513e81705b1675278a9963285a06a8.jpg?ssl=1\" alt=\"9d513e81705b1675278a9963285a06a8\" width=\"1140\" height=\"756\" \/><figcaption class=\"wp-caption-text\">Fot\u00f3: Szab\u00f3 Luca \/ szeged.hu<\/figcaption><\/figure>\n<p>&nbsp;<\/p>\n<figure style=\"width: 1141px\" class=\"wp-caption alignnone\"><img decoding=\"async\" loading=\"lazy\" src=\"https:\/\/i2.wp.com\/szegeder.files.wordpress.com\/2019\/04\/738dd672f54ef27b71c5136a30cb26b6.jpg?ssl=1\" alt=\"738dd672f54ef27b71c5136a30cb26b6\" width=\"1141\" height=\"758\" \/><figcaption class=\"wp-caption-text\">Fot\u00f3: Szab\u00f3 Luca \/ szeged.hu<\/figcaption><\/figure>","protected":false},"excerpt":{"rendered":"","protected":false},"author":1,"featured_media":0,"comment_status":"closed","ping_status":"closed","sticky":false,"template":"","format":"standard","meta":{"_seopress_robots_primary_cat":"none"},"categories":[981],"tags":[948,799,947],"acf":[],"amp_enabled":true,"_links":{"self":[{"href":"https:\/\/szegederarchivum.hu\/en\/wp-json\/wp\/v2\/posts\/8905"}],"collection":[{"href":"https:\/\/szegederarchivum.hu\/en\/wp-json\/wp\/v2\/posts"}],"about":[{"href":"https:\/\/szegederarchivum.hu\/en\/wp-json\/wp\/v2\/types\/post"}],"author":[{"embeddable":true,"href":"https:\/\/szegederarchivum.hu\/en\/wp-json\/wp\/v2\/users\/1"}],"replies":[{"embeddable":true,"href":"https:\/\/szegederarchivum.hu\/en\/wp-json\/wp\/v2\/comments?post=8905"}],"version-history":[{"count":3,"href":"https:\/\/szegederarchivum.hu\/en\/wp-json\/wp\/v2\/posts\/8905\/revisions"}],"predecessor-version":[{"id":8912,"href":"https:\/\/szegederarchivum.hu\/en\/wp-json\/wp\/v2\/posts\/8905\/revisions\/8912"}],"wp:attachment":[{"href":"https:\/\/szegederarchivum.hu\/en\/wp-json\/wp\/v2\/media?parent=8905"}],"wp:term":[{"taxonomy":"category","embeddable":true,"href":"https:\/\/szegederarchivum.hu\/en\/wp-json\/wp\/v2\/categories?post=8905"},{"taxonomy":"post_tag","embeddable":true,"href":"https:\/\/szegederarchivum.hu\/en\/wp-json\/wp\/v2\/tags?post=8905"}],"curies":[{"name":"wp","href":"https:\/\/api.w.org\/{rel}","templated":true}]}}