{"id":9130,"date":"2019-04-17T22:45:00","date_gmt":"2019-04-17T20:45:00","guid":{"rendered":"https:\/\/szegederarchivum.hu\/?p=9130"},"modified":"2019-08-08T12:05:49","modified_gmt":"2019-08-08T10:05:49","slug":"hazaert-romaniaba-a-lezuzott-majd-kartonnal-osszeragasztott-furgon","status":"publish","type":"post","link":"https:\/\/szegederarchivum.hu\/en\/hazaert-romaniaba-a-lezuzott-majd-kartonnal-osszeragasztott-furgon\/","title":{"rendered":"Haza\u00e9rt Rom\u00e1ni\u00e1ba a lez\u00fazott, majd kartonnal \u00f6sszeragasztott furgon"},"content":{"rendered":"<p><img decoding=\"async\" src=\"https:\/\/i0.wp.com\/szegeder.files.wordpress.com\/2019\/04\/66461ca2caf67b1440bad1a8cb6285d8.png?ssl=1\" alt=\"66461ca2caf67b1440bad1a8cb6285d8\" \/><\/p>\n<p><!--more--><\/p>\n<p>Siker\u00fclt \u00e1tjutnia Rom\u00e1ni\u00e1ba annak a furgonnak, ami m\u00e9g h\u00e9tf\u0151n szenvedett balesetet az M7-es aut\u00f3p\u00e1ly\u00e1n. El\u00e9g cs\u00fany\u00e1n \u00f6sszet\u00f6rt, de ez a sor\u0151rt nem t\u00falzottan zavarta, nemsokkal k\u00e9s\u0151bb tov\u00e1bbhajtott <a href=\"https:\/\/szegederarchivum.hu\/romma-zuzta-a-furgonjat-az-m7-esen-osszeragasztotta-majd-siman-tovabbhajtott-hazafele\/\" target=\"_blank\" rel=\"noopener noreferrer\">\u00e9s m\u00e1snap Lajosmizs\u00e9n f\u00e9nyk\u00e9pezt\u00e9k le milyen \u00e1llapotban tett meg \u00fagy k\u00e9tsz\u00e1z kilom\u00e9tert<\/a>.<\/p>\n<!-- Error, Advert is not available at this time due to schedule\/geolocation restrictions! -->\n<p>&nbsp;<\/p>\n<p>Mint az <a href=\"https:\/\/index.hu\/kulfold\/2019\/04\/17\/ugyes_trukkel_vitte_at_a_hataron_a_roman_sofor_a_roncskisbuszt\/\" target=\"_blank\" rel=\"noopener noreferrer\">Index<\/a> meg\u00edrta, t\u00f6rt\u00e9net\u00fcnk f\u0151h\u0151se az\u00f3ta<\/p>\n<h4>m\u00e1r haza is \u00e9rt Bazauba v\u00e1ros\u00e1ba, ami Lajosmizs\u00e9t\u0151l mintegy 750 kilom\u00e9terre van.<\/h4>\n<p>A rom\u00e1n nyelv\u0171 <a href=\"https:\/\/adevarul.ro\/locale\/timisoara\/cum-trecut-frontiera-nadlac-microbuzul-s-a-rastrunat-ungaria-Smecheria-vama-1_5cb71aa0445219c57ea4e849\/index.html\" target=\"_blank\" rel=\"noopener noreferrer\">Adevarul.ro<\/a> kider\u00edtette, hogyan siker\u00fclt a hat\u00e1ron \u00e1tjutnia a romfurgonnal. A sof\u0151r feltehet\u0151leg m\u00e9g Nagylak el\u0151tt keresett egy aut\u00f3sz\u00e1ll\u00edt\u00e1ssal foglalkoz\u00f3 szem\u00e9lyt,<\/p>\n<h4>a furgon ugyanis tr\u00e9leren l\u00e9pett \u00e1t a hat\u00e1ron,<\/h4>\n<p>majd saj\u00e1t l\u00e1bon folytatta az utat Rom\u00e1nia keleti szegletei fel\u00e9.<\/p>\n<p>Id\u0151k\u00f6zben az is <a href=\"https:\/\/index.hu\/belfold\/2019\/04\/17\/roman_sofor_baleset_kisbusz_roncs\/\" target=\"_blank\" rel=\"noopener noreferrer\">kider\u00fclt<\/a> egy\u00e9bk\u00e9nt, hogy a magyar rend\u0151r\u00f6k kifejezetten megtiltott\u00e1k a rom\u00e1n sof\u0151rnek, hogy haszn\u00e1lja a furgont.<\/p>\n<p><img decoding=\"async\" src=\"https:\/\/i1.wp.com\/szegeder.files.wordpress.com\/2019\/04\/f896894395272d03802c0200093b128b.jpg?ssl=1\" alt=\"f896894395272d03802c0200093b128b\" \/><\/p>\n<figure style=\"width: 691px\" class=\"wp-caption aligncenter\"><img decoding=\"async\" loading=\"lazy\" src=\"https:\/\/i1.wp.com\/szegeder.files.wordpress.com\/2019\/04\/f0ebf0f3ea77c6d8603ccc0139dd5882.png?ssl=1\" alt=\"f0ebf0f3ea77c6d8603ccc0139dd5882\" width=\"691\" height=\"915\" \/><figcaption class=\"wp-caption-text\">Fot\u00f3k: Olvas\u00f3 \/ Index<\/figcaption><\/figure>\n<p>A lap szerint egy\u00e9bk\u00e9nt a hat\u00e1r k\u00f6rny\u00e9k\u00e9n t\u00f6bben is azzal foglalkoznak, hogy n\u00e9mi p\u00e9nz ellen\u00e9ben tr\u00e9lerrel visznek \u00e1t olyan j\u00e1rm\u0171veket, melyek nem felelnek meg a hat\u00e1r\u00e1tl\u00e9p\u00e9s m\u0171szakai k\u00f6vetelm\u00e9nyeinek (p\u00e9ld\u00e1ul nem hi\u00e1nyzik a j\u00e1rm\u0171 fele, a sz\u00e9lv\u00e9d\u0151 \u00e9p stb.).<\/p>\n<p>A buzai rend\u0151rs\u00e9g vezet\u0151je elmondta, beazonos\u00edtott\u00e1k a sof\u0151rt, aki \u00edgy 135 ezer forintig terjed\u0151 p\u00e9nzb\u00edrs\u00e1got kaphat majd, ezzel azonban m\u00e9g mindig j\u00f3csk\u00e1n olcs\u00f3bban meg\u00faszta, mintha haza kellett volna tr\u00e9lereznie.<\/p>","protected":false},"excerpt":{"rendered":"","protected":false},"author":1,"featured_media":0,"comment_status":"closed","ping_status":"closed","sticky":false,"template":"","format":"standard","meta":{"_seopress_robots_primary_cat":"none"},"categories":[977],"tags":[57,17,826],"acf":[],"amp_enabled":true,"_links":{"self":[{"href":"https:\/\/szegederarchivum.hu\/en\/wp-json\/wp\/v2\/posts\/9130"}],"collection":[{"href":"https:\/\/szegederarchivum.hu\/en\/wp-json\/wp\/v2\/posts"}],"about":[{"href":"https:\/\/szegederarchivum.hu\/en\/wp-json\/wp\/v2\/types\/post"}],"author":[{"embeddable":true,"href":"https:\/\/szegederarchivum.hu\/en\/wp-json\/wp\/v2\/users\/1"}],"replies":[{"embeddable":true,"href":"https:\/\/szegederarchivum.hu\/en\/wp-json\/wp\/v2\/comments?post=9130"}],"version-history":[{"count":6,"href":"https:\/\/szegederarchivum.hu\/en\/wp-json\/wp\/v2\/posts\/9130\/revisions"}],"predecessor-version":[{"id":18439,"href":"https:\/\/szegederarchivum.hu\/en\/wp-json\/wp\/v2\/posts\/9130\/revisions\/18439"}],"wp:attachment":[{"href":"https:\/\/szegederarchivum.hu\/en\/wp-json\/wp\/v2\/media?parent=9130"}],"wp:term":[{"taxonomy":"category","embeddable":true,"href":"https:\/\/szegederarchivum.hu\/en\/wp-json\/wp\/v2\/categories?post=9130"},{"taxonomy":"post_tag","embeddable":true,"href":"https:\/\/szegederarchivum.hu\/en\/wp-json\/wp\/v2\/tags?post=9130"}],"curies":[{"name":"wp","href":"https:\/\/api.w.org\/{rel}","templated":true}]}}